{"id":36762,"date":"2023-01-31T23:11:55","date_gmt":"2023-02-01T02:11:55","guid":{"rendered":"https:\/\/corrientesdetarde.com\/?p=36762"},"modified":"2023-01-31T23:11:58","modified_gmt":"2023-02-01T02:11:58","slug":"patricia-bullrich-propuso-modificar-la-ley-y-utilizar-al-ejercito-para-combatir-la-inseguridad-en-rosario","status":"publish","type":"post","link":"https:\/\/corrientesdetarde.com\/index.php\/informacion-general\/patricia-bullrich-propuso-modificar-la-ley-y-utilizar-al-ejercito-para-combatir-la-inseguridad-en-rosario\/","title":{"rendered":"Patricia Bullrich propuso modificar la ley y utilizar al Ej\u00e9rcito para combatir la inseguridad en Rosario"},"content":{"rendered":"\n<p>En medio de su recorrida como precandidata presidencial, Patricia Bullrich asegur\u00f3 que, en caso de gobernar el pa\u00eds, cambiar\u00eda las leyes para que el Ej\u00e9rcito &#8220;pueda acompa\u00f1ar&#8221; la lucha contra el narcotr\u00e1fico y que &#8220;utilizar\u00eda las herramientas del Estado&#8221; para combatir a las organizaciones criminales que operan en Rosario.<\/p>\n\n\n\n<p>En di\u00e1logo con Radio Continental, la titular del PRO fue consultada por los altos \u00edndices de violencia registrados en la ciudad santafesina, que desde hace varios a\u00f1os cuenta con los mayores \u00edndices de homicidios. &#8220;Nosotros venimos alertando sobre todo lo que est\u00e1 pasando&#8221;, comenz\u00f3.<\/p>\n\n\n\n<p>&nbsp;<br>&#8220;Es necesario desarmar este modelo de cuajo. Estoy absolutamente convencida de, si me toca gobernar el pa\u00eds, primero ir a Rosario con todas las fuerzas federales. Tambi\u00e9n estamos pensando en cambiar las leyes para que el Ej\u00e9rcito pueda acompa\u00f1ar, y de esa manera utilizar las herramientas del Estado para el combate de esas organizaciones, que adem\u00e1s son de un nivel de violencia inusitada&#8221;, dijo Bullrich.<\/p>\n\n\n\n<p>Para la ex ministra de Seguridad de la Naci\u00f3n, la inseguridad es reflejo de la p\u00e9rdida de poder que sufrieron las fuerzas armadas en los \u00faltimos a\u00f1os. &#8220;Todo esto tiene que ver con una polic\u00eda que est\u00e1 de brazos ca\u00eddos. Cuando la polic\u00eda siente que no tiene ning\u00fan tipo de ayuda del poder pol\u00edtico, que si pasa algo, que si se tirotea va a terminar siendo el responsable, que no tiene quien entienda su l\u00f3gica, va a terminar de esta manera&#8221;, asegur\u00f3.<\/p>\n\n\n\n<p>&#8220;Es importante apoyar a aquellos que son los que est\u00e1n llevando adelante la lucha contra el delito todos los d\u00edas. Lo m\u00ednimo que nosotros necesitamos es que la polic\u00eda est\u00e9 m\u00e1s dotada y tenga mejores armamentos que los delincuentes. Esto es la base&#8221;, a\u00f1adi\u00f3.<\/p>\n\n\n\n<p>Adem\u00e1s, Bullrich advirti\u00f3 por la entrada del Primer Comando Capital (PCC) al pa\u00eds, una organizaci\u00f3n criminal que opera en Brasil y Paraguay, que recientemente registr\u00f3 actividad en Argentina y que est\u00e1 vinculada al robo de avionetas destinadas al narcotr\u00e1fico. &#8220;Hay que tener una pol\u00edtica com\u00fan con otros pa\u00edses, impedir que entre el PCC es algo fundamental. En solo tres a\u00f1os se revirti\u00f3 todo lo bueno que hab\u00edamos hecho en la lucha contra el narcotr\u00e1fico. Ahora habr\u00e1 que tomar esto desde mucho m\u00e1s abajo, la tarea va a ser m\u00e1s dif\u00edcil&#8221;, indic\u00f3.<\/p>\n\n\n\n<p>Te puede interesar: Patricia Bullrich se reuni\u00f3 con Gustavo Vald\u00e9s: &#8220;Tiene orden econ\u00f3mico y social, lo que queremos para la Argentina&#8221;<\/p>\n\n\n\n<p>Por otro lado, la ex funcionaria apunt\u00f3 contra el Gobierno nacional y su intenci\u00f3n de iniciar un juicio pol\u00edtico a los cuatro miembros de la Corte Suprema: &#8220;En vez de estar pensando estrat\u00e9gicamente en esta entrada del PCC y en c\u00f3mo combate la inseguridad, est\u00e1 peleando con los que tienen que dar y avalar las herramientas para que los jueces federales, los fiscales de todo el pa\u00eds, act\u00faen, est\u00e9n investigando y est\u00e9n trabajando en la investigaci\u00f3n criminal para no dejar avanzar el narcotr\u00e1fico&#8221;.<\/p>\n\n\n\n<p>&#8220;Tenemos toda la pol\u00edtica oficialista desviada al juicio pol\u00edtico que les conviene a ellos y a nadie m\u00e1s que a ellos. Est\u00e1 totalmente fuera de lugar que un presidente pida el juicio pol\u00edtico a la Corte porque no le gustan sus fallos, esto es anti institucional y lo vemos que siguen como si nada&#8221;, sigui\u00f3.<\/p>\n\n\n\n<p>En tono de campa\u00f1a y en medio de la interna opositora, Bullrich hizo \u00e9nfasis en &#8220;mostrar el camino directo y hablar con la verdad desde el principio&#8221;.<\/p>\n\n\n\n<p>&#8220;Estoy convencida que va a ser dif\u00edcil, hay cosas estructurales que van a tomar mucho tiempo. Pero la posibilidad de montar el cambio r\u00e1pidamente y que la gente lo vea, eso es una decisi\u00f3n pol\u00edtica, y yo la voy a tener&#8221;, expres\u00f3.<\/p>\n\n\n\n<p>Por otra parte, respecto a la posible candidatura del ex presidente Mauricio Macri -con quien mantuvo un encuentro d\u00edas atr\u00e1s en el sur- la titular del PRO dijo: &#8220;No le pregunt\u00e9 si se va a presentar, porque ya me lo contesta \u00e9l mismo. Me dice que \u2018nunca se anot\u00f3&#8217;. Est\u00e1 haciendo su proceso. Esa frase la ha dicho p\u00fablicamente, cuando present\u00f3 su libro, la ha dicho siempre&#8221;.<\/p>\n\n\n\n<p>&#8220;Es una persona consulta, es una persona con la que se puede hablar, sobre qu\u00e9 est\u00e1 pasando, el pasado, el presente y el futuro. Es alguien con quien se puede reflexionar sobre las cosas y \u00e9l siempre tiene un punto a favor que es la experiencia que tuvo, con los 4 a\u00f1os de gobierno. Ese es el lugar en el que est\u00e1&#8221;, a\u00f1adi\u00f3.<\/p>\n\n\n\n<p>Finalmente, Bullrich se refiri\u00f3 a la posibilidad de sumar al diputado Javier Milei como parte de su propuesta electoral. &#8220;Hace un tiempo que no lo veo, creo que es un tema terminado. Nosotros en Juntos por el Cambio tenemos nuestra estrategia, \u00e9l tiene la suya, hay que respetar que \u00e9l decida ir por su lugar&#8221;.<\/p>\n\n\n\n<p>&#8220;Yo creo que nos vamos a encontrar en la segunda vuelta y nos vamos a encontrar tambi\u00e9n en el gobierno. Milei podr\u00e1 tener diputados que quieren la libertad, que quieren una econom\u00eda sana, y van a apoyar nuestras medidas&#8221;, concluy\u00f3.<\/p>\n","protected":false},"excerpt":{"rendered":"<p>En medio de su recorrida como precandidata presidencial, Patricia Bullrich asegur\u00f3 que, en caso de gobernar el pa\u00eds, cambiar\u00eda las leyes para que el Ej\u00e9rcito &#8220;pueda acompa\u00f1ar&#8221; la lucha contra&hellip; <\/p>\n","protected":false},"author":1,"featured_media":36763,"comment_status":"closed","ping_status":"open","sticky":false,"template":"","format":"standard","meta":{"footnotes":""},"categories":[1],"tags":[],"class_list":["post-36762","post","type-post","status-publish","format-standard","has-post-thumbnail","hentry","category-informacion-general"],"_links":{"self":[{"href":"https:\/\/corrientesdetarde.com\/index.php\/wp-json\/wp\/v2\/posts\/36762","targetHints":{"allow":["GET"]}}],"collection":[{"href":"https:\/\/corrientesdetarde.com\/index.php\/wp-json\/wp\/v2\/posts"}],"about":[{"href":"https:\/\/corrientesdetarde.com\/index.php\/wp-json\/wp\/v2\/types\/post"}],"author":[{"embeddable":true,"href":"https:\/\/corrientesdetarde.com\/index.php\/wp-json\/wp\/v2\/users\/1"}],"replies":[{"embeddable":true,"href":"https:\/\/corrientesdetarde.com\/index.php\/wp-json\/wp\/v2\/comments?post=36762"}],"version-history":[{"count":1,"href":"https:\/\/corrientesdetarde.com\/index.php\/wp-json\/wp\/v2\/posts\/36762\/revisions"}],"predecessor-version":[{"id":36765,"href":"https:\/\/corrientesdetarde.com\/index.php\/wp-json\/wp\/v2\/posts\/36762\/revisions\/36765"}],"wp:featuredmedia":[{"embeddable":true,"href":"https:\/\/corrientesdetarde.com\/index.php\/wp-json\/wp\/v2\/media\/36763"}],"wp:attachment":[{"href":"https:\/\/corrientesdetarde.com\/index.php\/wp-json\/wp\/v2\/media?parent=36762"}],"wp:term":[{"taxonomy":"category","embeddable":true,"href":"https:\/\/corrientesdetarde.com\/index.php\/wp-json\/wp\/v2\/categories?post=36762"},{"taxonomy":"post_tag","embeddable":true,"href":"https:\/\/corrientesdetarde.com\/index.php\/wp-json\/wp\/v2\/tags?post=36762"}],"curies":[{"name":"wp","href":"https:\/\/api.w.org\/{rel}","templated":true}]}}