{"id":36770,"date":"2023-01-31T23:36:46","date_gmt":"2023-02-01T02:36:46","guid":{"rendered":"https:\/\/corrientesdetarde.com\/?p=36770"},"modified":"2023-01-31T23:36:51","modified_gmt":"2023-02-01T02:36:51","slug":"a-los-83-anos-murio-josefina-meabe","status":"publish","type":"post","link":"https:\/\/corrientesdetarde.com\/index.php\/politica\/a-los-83-anos-murio-josefina-meabe\/","title":{"rendered":"A los 83 a\u00f1os, muri\u00f3 Josefina Meabe"},"content":{"rendered":"\n<p>Josefina Ang\u00e9lica Meabe Ferr\u00e9 de Math\u00f3 naci\u00f3 en Buenos Aires el15 de junio de 1939 y falleci\u00f3 hoy a los 83 a\u00f1os.&nbsp;<\/p>\n\n\n\n<p>Desarroll\u00f3 su carrera pol\u00edtica en el seno del Partido Liberal de Corrientes, partido al cual perteneci\u00f3 su familia por generaciones. Desempe\u00f1\u00f3 varios cargos y alcanz\u00f3 la presidencia del partido de 2009 a 2014, siendo la primera mujer en el cargo.\u200b<\/p>\n\n\n\n<p>Entre 1993 y 1997 fue concejal del municipio correntino de Mariano I. Loza, siendo su intendente entre 1997 y 2001.\u200b<\/p>\n\n\n\n<p>En 2001 asumi\u00f3 como diputada provincial, siendo reelecta en 2005. En la C\u00e1mara de Diputados de la Provincia de Corrientes se desempe\u00f1\u00f3 como presidenta del cuerpo durante sus dos mandatos, siendo la primera mujer en el cargo y quien m\u00e1s tiempo lo ocup\u00f3.\u200b En 2007 tambi\u00e9n presidi\u00f3 la convenci\u00f3n constituyente que reform\u00f3 la constituci\u00f3n provincial.\u200b<\/p>\n\n\n\n<p>En las elecciones legislativas de 2009 fue electa senadora nacional por la provincia de Corrientes, al encabezar la lista de la Alianza Frente de Todos.\u200b<\/p>\n\n\n\n<p>Fue presidenta de la comisi\u00f3n de Agricultura, Ganader\u00eda y Pesca; y vocal en las comisiones de Legislaci\u00f3n General; de Econom\u00edas Regionales, Econom\u00eda Social, Micro, Peque\u00f1a y Mediana Empresa; de Ambiente y Desarrollo Sustentable; de Turismo; de Banca de la Mujer; y en la comisi\u00f3n bicameral investigadora de presuntas Irregularidades en las declaraciones juradas de venta al exterior de productos agropecuarios.\u200b Entre 2013 y 2014 fue suplente en el Parlamento del Mercosur.<\/p>\n","protected":false},"excerpt":{"rendered":"<p>Josefina Ang\u00e9lica Meabe Ferr\u00e9 de Math\u00f3 naci\u00f3 en Buenos Aires el15 de junio de 1939 y falleci\u00f3 hoy a los 83 a\u00f1os.&nbsp; Desarroll\u00f3 su carrera pol\u00edtica en el seno del&hellip; <\/p>\n","protected":false},"author":1,"featured_media":36771,"comment_status":"closed","ping_status":"open","sticky":false,"template":"","format":"standard","meta":{"footnotes":""},"categories":[3],"tags":[],"class_list":["post-36770","post","type-post","status-publish","format-standard","has-post-thumbnail","hentry","category-politica"],"_links":{"self":[{"href":"https:\/\/corrientesdetarde.com\/index.php\/wp-json\/wp\/v2\/posts\/36770","targetHints":{"allow":["GET"]}}],"collection":[{"href":"https:\/\/corrientesdetarde.com\/index.php\/wp-json\/wp\/v2\/posts"}],"about":[{"href":"https:\/\/corrientesdetarde.com\/index.php\/wp-json\/wp\/v2\/types\/post"}],"author":[{"embeddable":true,"href":"https:\/\/corrientesdetarde.com\/index.php\/wp-json\/wp\/v2\/users\/1"}],"replies":[{"embeddable":true,"href":"https:\/\/corrientesdetarde.com\/index.php\/wp-json\/wp\/v2\/comments?post=36770"}],"version-history":[{"count":1,"href":"https:\/\/corrientesdetarde.com\/index.php\/wp-json\/wp\/v2\/posts\/36770\/revisions"}],"predecessor-version":[{"id":36772,"href":"https:\/\/corrientesdetarde.com\/index.php\/wp-json\/wp\/v2\/posts\/36770\/revisions\/36772"}],"wp:featuredmedia":[{"embeddable":true,"href":"https:\/\/corrientesdetarde.com\/index.php\/wp-json\/wp\/v2\/media\/36771"}],"wp:attachment":[{"href":"https:\/\/corrientesdetarde.com\/index.php\/wp-json\/wp\/v2\/media?parent=36770"}],"wp:term":[{"taxonomy":"category","embeddable":true,"href":"https:\/\/corrientesdetarde.com\/index.php\/wp-json\/wp\/v2\/categories?post=36770"},{"taxonomy":"post_tag","embeddable":true,"href":"https:\/\/corrientesdetarde.com\/index.php\/wp-json\/wp\/v2\/tags?post=36770"}],"curies":[{"name":"wp","href":"https:\/\/api.w.org\/{rel}","templated":true}]}}