{"id":36788,"date":"2023-02-01T08:18:18","date_gmt":"2023-02-01T11:18:18","guid":{"rendered":"https:\/\/corrientesdetarde.com\/?p=36788"},"modified":"2023-02-01T08:18:21","modified_gmt":"2023-02-01T11:18:21","slug":"corte-suprema-comodoro-py-y-consejo-de-la-magistratura-los-escenarios-del-regreso-de-la-actividad-judicial","status":"publish","type":"post","link":"https:\/\/corrientesdetarde.com\/index.php\/nacionales\/corte-suprema-comodoro-py-y-consejo-de-la-magistratura-los-escenarios-del-regreso-de-la-actividad-judicial\/","title":{"rendered":"<strong>Corte Suprema, Comodoro Py y Consejo de la Magistratura: los escenarios del regreso de la actividad judicial<\/strong>"},"content":{"rendered":"\n<p>Se reanuda hoy tras la feria. Por qu\u00e9 esos ser\u00e1n los lugares donde la pol\u00edtica jugar\u00e1 y cu\u00e1les son las causas en las que se esperan resoluciones en el corto plazo<\/p>\n\n\n\n<p>La actividad en la justicia nacional y federal regresa hoy luego de la feria de enero.&nbsp;<strong>Ser\u00e1 con la expectativa puesta en tres escenarios judiciales: la Corte Suprema, los tribunales de Comodoro Py y el Consejo de la Magistratura de la Naci\u00f3n<\/strong>. El m\u00e1ximo tribunal debe resolver causas en las que se enfrentan el oficialismo y la oposici\u00f3n; en Comodoro Py expedientes que involucran a la vicepresidenta&nbsp;<strong>Cristina Kirchner<\/strong>&nbsp;y al ex presidente&nbsp;<strong>Mauricio Macri<\/strong>; y el Consejo ser\u00e1 eje de las tensiones pol\u00edticas del Gobierno con la Corte y entre el Frente de Todos y Juntos por el Cambio.<\/p>\n\n\n\n<p>Enero tuvo como eje central el pedido de pol\u00edtico pol\u00edtico del Ejecutivo a los cuatro jueces de la Corte Suprema,&nbsp;<strong>Horacio Rosatti, Ricardo Lorenzetti, Juan Carlos Maqueda y Carlos Rosenkrantz.&nbsp;<\/strong>La Comisi\u00f3n de Juicio Pol\u00edtico se reuni\u00f3 por primera vez la semana pasada y lo har\u00e1 nuevamente ma\u00f1ana cuando se espera que apruebe -con el rechazo de la oposici\u00f3n- la admisibilidad del pedido de juicio, aunque sin chances que luego prospere por la falta de votos en Diputados y el Senado.<\/p>\n\n\n\n<p>El mes de feria tambi\u00e9n tuvo como caso pol\u00edtico sobresaliente los chats ilegales entre el ex ministro de Justicia y Seguridad de la ciudad de Buenos Aires&nbsp;<strong>Marcelo D\u2019Alessandro<\/strong>&nbsp;y el asesor de Rosatti,&nbsp;<strong>Silvio Robles.<\/strong>&nbsp;El juez federal&nbsp;<strong>Sebasti\u00e1n Ramos<\/strong>&nbsp;archiv\u00f3 una denuncia contra Robles porque los mensajes se obtuvieron de manera ilegal y eso impide avanzar en la causa. Sin embargo, el gobernador de la provincia de Buenos Aires,&nbsp;<strong>Axel Kicillof,<\/strong>&nbsp;present\u00f3 en la justicia de La Plata una nueva denuncia<\/p>\n\n\n\n<p>Lo que hoy se reactivar\u00e1 son las causas que quedaron pendientes del a\u00f1o pasado y a las que el contexto pol\u00edtico le pondr\u00e1 m\u00e1s tensi\u00f3n. La Corte Suprema tiene los expedientes m\u00e1s candentes. Son la disputa por la coparticipaci\u00f3n entre el gobierno nacional y CABA y por una banca en el Consejo que pelean el Frente de Todos y Juntos por el Cambio. Esas dos causas y los chats ilegales son los argumentos principales del pedido de juicio pol\u00edtico a la Corte Suprema.<\/p>\n\n\n\n<p>A fin de a\u00f1o, el m\u00e1ximo tribunal dict\u00f3 una medida cautelar a favor de la administraci\u00f3n porte\u00f1a en su reclamo por la coparticipaci\u00f3n. Dispuso que el gobierno nacional vuelva a girarle diariamente los fondos que le hab\u00eda quitado. El gobierno de&nbsp;<strong>Alberto Fern\u00e1ndez<\/strong>&nbsp;recus\u00f3 a los cuatros jueces y pidi\u00f3 una revocatoria del fallo. Y el de Larreta denunci\u00f3 que la administraci\u00f3n nacional no estaba cumpliendo la resoluci\u00f3n y que los bonos que se anunciaron para pagar no era la v\u00eda adecuada.<\/p>\n\n\n\n<p>Esos planteos se espera que la Corte Suprema los resuelva en el regreso de la actividad judicial. El m\u00e1ximo tribunal tambi\u00e9n debe decidir si el senador del Frente de Todos&nbsp;<strong>Mart\u00edn Do\u00f1ate<\/strong>&nbsp;o el del PRO&nbsp;<strong>Luis Juez&nbsp;<\/strong>ocupan un lugar en el Consejo. Cada uno lo reclama para s\u00ed en la nueva integraci\u00f3n del organismo en base a un fallo de la propia Corte que hab\u00eda excluido a Do\u00f1ate de la composici\u00f3n anterior porque el oficialismo en el Consejo dividi\u00f3 de manera ilegal su bloque para tener ese espacio.<\/p>\n\n\n\n<p>Las miradas tambi\u00e9n estar\u00e1n puestas en Comodoro Py. La Sala I de la C\u00e1mara Federal de Casaci\u00f3n Penal debe resolver si confirma los sobreseimientos de Cristina Kirchner en las causas \u201cHotesur-Los Sauces\u201d y la firma del memor\u00e1ndum de entendimiento con Ir\u00e1n o los revoca y ordena que se hagan los juicios orales, tal como reclama la Fiscal\u00eda y la querella. Por su parte, la defensa pidi\u00f3 que se confirmen los sobreseimientos.<\/p>\n\n\n\n<p>Sobre las causas de la vicepresidenta el nueve de marzo el Tribunal Oral Federal 2 dar\u00e1 a conocer los fundamentos de la condena que le dict\u00f3 en diciembre pasado a seis a\u00f1os de prisi\u00f3n e inhabilitaci\u00f3n perpetua para ejercer cargos p\u00fablicos por administraci\u00f3n fraudulenta en el caso de la obra p\u00fablica que recibi\u00f3 el empresario&nbsp;<strong>L\u00e1zaro B\u00e1ez<\/strong>&nbsp;para Santa Cruz durante los 12 a\u00f1os de los gobiernos kirchnerismo. A partir de all\u00ed las partes podr\u00e1n apelar. La defensa de Cristina Kirchner ya adelant\u00f3 que lo har\u00e1 para pedir su absoluci\u00f3n ante Casaci\u00f3n y el fiscal&nbsp;<strong>Diego Luciani&nbsp;<\/strong>har\u00e1 lo propio para reclamar que tambi\u00e9n sea condenada por asociaci\u00f3n il\u00edcita, un delito que el tribunal oral por mayor\u00eda descart\u00f3.<\/p>\n\n\n\n<p>Tambi\u00e9n la Corte Suprema tiene para decidir el caso de d\u00f3lar futuro. Cristina Kirchner fue sobrese\u00edda, pero la Fiscal\u00eda apel\u00f3 ante el m\u00e1ximo tribunal para que se haga el juicio oral.<\/p>\n\n\n\n<p>Sobre juicios, el 13 de febrero se reanudar\u00e1 el proceso oral contra el senador nacional y ex secretario General de la Presidencia&nbsp;<strong>Oscar Parrilli<\/strong>. Est\u00e1 acusado de haber dado un adelanto de 800 mil pesos para el libro \u201cLa d\u00e9cada ganada\u201d que finalmente no se imprimi\u00f3. El juicio comenz\u00f3 en junio del a\u00f1o pasado y est\u00e1 en etapa de testigos. En el mismo proceso est\u00e1 acusada la ex titular de la Casa de la Moneda&nbsp;<strong>Katya Daura<\/strong>,qui\u00e9n adem\u00e1s es juzgada por la contrataci\u00f3n con fondos p\u00fablicos de seguridad personal.<\/p>\n\n\n\n<p>En el rol de querellante Cristina Kirchner tambi\u00e9n tendr\u00e1 un 2023 expectante en la causa por su intento de homicidio el 1 de septiembre del a\u00f1o pasado. Ayer fue indagado nuevamente Nicol\u00e1s Carrrizo, uno de los tres detenidos por el caso junto con&nbsp;<strong>Fernando Sabag Montiel&nbsp;<\/strong>y&nbsp;<strong>Brenda Uliarte<\/strong>. La intenci\u00f3n de la jueza federal Mar\u00eda Eugenia Capuchetti y del fiscal Carlos R\u00edvolo es que los tres detenidos y con sus procesamientos confirmados sean enviados a juicio oral en el corto plazo.<\/p>\n\n\n\n<p><strong>Macri<\/strong>&nbsp;tambi\u00e9n espera novedades judiciales. Es en la causa por el&nbsp;<strong>espionaje ilegal a familiares de los submarinistas del ARA San Juan.<\/strong>&nbsp;El ex presidente hab\u00eda sido procesado en primera instancia y luego sobrese\u00eddo por la C\u00e1mara Federal. Esa decisi\u00f3n fue apelada y debe resolver la C\u00e1mara Federal de Casaci\u00f3n Penal.<\/p>\n\n\n\n<p>El Consejo de la Magistratura tambi\u00e9n concentrar\u00e1 atenci\u00f3n. Es el \u00f3rgano encargado de la selecci\u00f3n y acusaci\u00f3n de jueces nacionales y federales y de la administraci\u00f3n del Poder Judicial de la Naci\u00f3n. Desde noviembre deber\u00eda estar integrado por sus 20 miembros. Pero la disputa por los representantes del Senado no lo permiti\u00f3. Ser\u00e1 clave la decisi\u00f3n de la Corte sobre Do\u00f1ate o Juez para ponerlo en marcha.<\/p>\n\n\n\n<p>Tras esa decisi\u00f3n, el Consejo ser\u00e1 eje de varias disputas. Est\u00e1 integrado por abogados, jueces, acad\u00e9micos, diputados y senadores del oficialismo y la oposici\u00f3n, un representante del Poder Ejecutivo y por su presidente, Rosatti, como titular de la Corte. All\u00ed se tensionar\u00e1n m\u00e1s las peleas entre el gobierno y la Corte Suprema y entre el Frente de Todos y Juntos por el Cambio.<\/p>\n\n\n\n<p>Todo eso se da en un a\u00f1o de elecciones presidenciales donde la justicia tiene para resolver causas que impactar\u00e1n en ese escenario.<\/p>\n","protected":false},"excerpt":{"rendered":"<p>Se reanuda hoy tras la feria. Por qu\u00e9 esos ser\u00e1n los lugares donde la pol\u00edtica jugar\u00e1 y cu\u00e1les son las causas en las que se esperan resoluciones en el corto&hellip; <\/p>\n","protected":false},"author":7,"featured_media":36789,"comment_status":"closed","ping_status":"open","sticky":false,"template":"","format":"standard","meta":{"footnotes":""},"categories":[10],"tags":[],"class_list":["post-36788","post","type-post","status-publish","format-standard","has-post-thumbnail","hentry","category-nacionales"],"_links":{"self":[{"href":"https:\/\/corrientesdetarde.com\/index.php\/wp-json\/wp\/v2\/posts\/36788","targetHints":{"allow":["GET"]}}],"collection":[{"href":"https:\/\/corrientesdetarde.com\/index.php\/wp-json\/wp\/v2\/posts"}],"about":[{"href":"https:\/\/corrientesdetarde.com\/index.php\/wp-json\/wp\/v2\/types\/post"}],"author":[{"embeddable":true,"href":"https:\/\/corrientesdetarde.com\/index.php\/wp-json\/wp\/v2\/users\/7"}],"replies":[{"embeddable":true,"href":"https:\/\/corrientesdetarde.com\/index.php\/wp-json\/wp\/v2\/comments?post=36788"}],"version-history":[{"count":1,"href":"https:\/\/corrientesdetarde.com\/index.php\/wp-json\/wp\/v2\/posts\/36788\/revisions"}],"predecessor-version":[{"id":36796,"href":"https:\/\/corrientesdetarde.com\/index.php\/wp-json\/wp\/v2\/posts\/36788\/revisions\/36796"}],"wp:featuredmedia":[{"embeddable":true,"href":"https:\/\/corrientesdetarde.com\/index.php\/wp-json\/wp\/v2\/media\/36789"}],"wp:attachment":[{"href":"https:\/\/corrientesdetarde.com\/index.php\/wp-json\/wp\/v2\/media?parent=36788"}],"wp:term":[{"taxonomy":"category","embeddable":true,"href":"https:\/\/corrientesdetarde.com\/index.php\/wp-json\/wp\/v2\/categories?post=36788"},{"taxonomy":"post_tag","embeddable":true,"href":"https:\/\/corrientesdetarde.com\/index.php\/wp-json\/wp\/v2\/tags?post=36788"}],"curies":[{"name":"wp","href":"https:\/\/api.w.org\/{rel}","templated":true}]}}