{"id":36791,"date":"2023-02-01T09:32:01","date_gmt":"2023-02-01T12:32:01","guid":{"rendered":"https:\/\/corrientesdetarde.com\/?p=36791"},"modified":"2023-02-01T09:32:04","modified_gmt":"2023-02-01T12:32:04","slug":"vuelve-el-cine-nae-al-patio-de-cultura","status":"publish","type":"post","link":"https:\/\/corrientesdetarde.com\/index.php\/cultura\/vuelve-el-cine-nae-al-patio-de-cultura\/","title":{"rendered":"Vuelve el Cine Na\u00e9 al patio de Cultura"},"content":{"rendered":"\n<p>En febrero el Instituto de Cultura ser\u00e1 escenario de cine independiente con el regreso del ciclo \u201cCine Na\u00e9\u2019\u2019.&nbsp;<\/p>\n\n\n\n<p>El ciclo de Cine Na\u00e9 a cargo del Cl\u00faster Audiovisual Corrientes (CAC) regresa con nuevas proyecciones para el p\u00fablico correntino.<\/p>\n\n\n\n<p>&nbsp;Con el apoyo del Instituto de Cultura de la provincia de Corrientes y el Departamento de las Artes Audiovisuales, el evento se llevar\u00e1 a cabo en San Juan 546 durante los mi\u00e9rcoles de febrero. &nbsp;<\/p>\n\n\n\n<p>El ciclo proyectar\u00e1 cortometrajes y videoclips 100% regionales creados por estudiantes y realizadores independientes.&nbsp;<\/p>\n\n\n\n<p>La primera proyecci\u00f3n ser\u00e1 el 8 de febrero a las 20. La entrada es libre y gratuita, pero se recomienda llegar 15 minutos antes de la proyecci\u00f3n para asegurar un lugar.&nbsp;<\/p>\n\n\n\n<p>Para obtener m\u00e1s detalles comunicarse al siguiente n\u00famero: 3794-343-683 o al Instagram del Cl\u00faster Audiovisual Corrientes, donde se ir\u00e1n compartiendo las novedades respecto del ciclo: @clusteraudiovisualcorrientes&nbsp;<\/p>\n","protected":false},"excerpt":{"rendered":"<p>En febrero el Instituto de Cultura ser\u00e1 escenario de cine independiente con el regreso del ciclo \u201cCine Na\u00e9\u2019\u2019.&nbsp; El ciclo de Cine Na\u00e9 a cargo del Cl\u00faster Audiovisual Corrientes (CAC)&hellip; <\/p>\n","protected":false},"author":4,"featured_media":36880,"comment_status":"closed","ping_status":"open","sticky":false,"template":"","format":"standard","meta":{"footnotes":""},"categories":[15],"tags":[],"class_list":["post-36791","post","type-post","status-publish","format-standard","has-post-thumbnail","hentry","category-cultura"],"_links":{"self":[{"href":"https:\/\/corrientesdetarde.com\/index.php\/wp-json\/wp\/v2\/posts\/36791","targetHints":{"allow":["GET"]}}],"collection":[{"href":"https:\/\/corrientesdetarde.com\/index.php\/wp-json\/wp\/v2\/posts"}],"about":[{"href":"https:\/\/corrientesdetarde.com\/index.php\/wp-json\/wp\/v2\/types\/post"}],"author":[{"embeddable":true,"href":"https:\/\/corrientesdetarde.com\/index.php\/wp-json\/wp\/v2\/users\/4"}],"replies":[{"embeddable":true,"href":"https:\/\/corrientesdetarde.com\/index.php\/wp-json\/wp\/v2\/comments?post=36791"}],"version-history":[{"count":1,"href":"https:\/\/corrientesdetarde.com\/index.php\/wp-json\/wp\/v2\/posts\/36791\/revisions"}],"predecessor-version":[{"id":36881,"href":"https:\/\/corrientesdetarde.com\/index.php\/wp-json\/wp\/v2\/posts\/36791\/revisions\/36881"}],"wp:featuredmedia":[{"embeddable":true,"href":"https:\/\/corrientesdetarde.com\/index.php\/wp-json\/wp\/v2\/media\/36880"}],"wp:attachment":[{"href":"https:\/\/corrientesdetarde.com\/index.php\/wp-json\/wp\/v2\/media?parent=36791"}],"wp:term":[{"taxonomy":"category","embeddable":true,"href":"https:\/\/corrientesdetarde.com\/index.php\/wp-json\/wp\/v2\/categories?post=36791"},{"taxonomy":"post_tag","embeddable":true,"href":"https:\/\/corrientesdetarde.com\/index.php\/wp-json\/wp\/v2\/tags?post=36791"}],"curies":[{"name":"wp","href":"https:\/\/api.w.org\/{rel}","templated":true}]}}