{"id":36793,"date":"2023-02-01T08:33:06","date_gmt":"2023-02-01T11:33:06","guid":{"rendered":"https:\/\/corrientesdetarde.com\/?p=36793"},"modified":"2023-02-01T08:33:07","modified_gmt":"2023-02-01T11:33:07","slug":"la-mesa-de-enlace-se-mostro-conforme-por-las-medidas-de-ayuda-anunciadas-por-el-gobierno","status":"publish","type":"post","link":"https:\/\/corrientesdetarde.com\/index.php\/nacionales\/la-mesa-de-enlace-se-mostro-conforme-por-las-medidas-de-ayuda-anunciadas-por-el-gobierno\/","title":{"rendered":"La Mesa de Enlace se mostr\u00f3 conforme por las medidas de ayuda anunciadas por el Gobierno"},"content":{"rendered":"\n<p>La Mesa de Enlace Agropecuaria mostr\u00f3 hoy conformidad con los anuncios del Gobierno nacional para ayudar a los productores agropecuarios afectados por la sequ\u00eda, y sus representantes aseguraron que dentro de las medidas est\u00e1n comprendidos gran parte de los reclamos que hab\u00edan realizado la semana pasada.<\/p>\n\n\n\n<p>&#8220;Est\u00e1n comprendidos un alto porcentaje de los puntos que hemos pedido&#8221;, asegur\u00f3 el presidente de Confederaciones Rurales Argentinas (CRA), Jorge Chemes, tras la reuni\u00f3n que mantuvieron con el ministro de Econom\u00eda, Sergio Massa, en la que les anunci\u00f3 una bater\u00eda de medidas de asistencia y crediticias para el sector.<\/p>\n\n\n\n<p>En este sentido, Chemes sostuvo hay que &#8220;ver en acci\u00f3n estas medidas y c\u00f3mo funcionan en el interior, para que no hayan medidas burocr\u00e1ticas que las frenen&#8221;.<\/p>\n\n\n\n<p>En sinton\u00eda con el titular de CRA, su par de Federaci\u00f3n Agraria Argentina (FAA), Carlos Achetoni, asegur\u00f3 que el Gobierno cumpli\u00f3 &#8220;un gran porcentaje de lo que se hab\u00eda pedido, pero tenemos que esperar para ver los alcances que tengan&#8221;.<\/p>\n\n\n\n<p>&#8220;Ojala que todos se puedan desarrollar y los productores en emergencia puedan beneficiarse&#8221;, agreg\u00f3 Achetoni.<\/p>\n\n\n\n<p>Para eso el presidente de Coninagro, Elbio Laucirica, solicit\u00f3 a los productores &#8220;agilizar la presentaci\u00f3n de las declaraciones juradas&#8221; para poder acceder a los beneficios.<\/p>\n\n\n\n<p>Por \u00faltimo, el presidente de la Sociedad Rural Argentina (SRA), Nicol\u00e1s Pino, inform\u00f3 que las pr\u00f3ximas reuniones que mantendr\u00e1n con el Gobierno tendr\u00e1n como finalidad trabajar sobre medidas para la ganader\u00eda y las econom\u00edas regionales.<\/p>\n\n\n\n<p>&#8220;Nos juntamos en una mesa de trabajo donde se plantearon situaci\u00f3n por la coyuntura en particular. El momento feo que est\u00e1 viviendo el pa\u00eds pide medidas de inmediatez&#8221;, concluy\u00f3 Pino.<\/p>\n\n\n\n<p>Hoy Massa, junto al titular de la Administraci\u00f3n Federal de Ingresos P\u00fablicos (AFIP), Carlos Castagneto, la presidenta del Banco Naci\u00f3n, Silvina Batakis y los secretarios de Agricultura, Ganader\u00eda y Pesca, Juan Jos\u00e9 Bahillo y de Industria y Desarrollo Productivo, Jos\u00e9 de Mendiguren, anunciaron una bater\u00eda de medidas, entre las que se incluyen la suspensi\u00f3n de algunos anticipos de impuestos, facilidades financieras y una r\u00e1pida homologaci\u00f3n de la declaraci\u00f3n de emergencia agropecuaria.<\/p>\n","protected":false},"excerpt":{"rendered":"<p>La Mesa de Enlace Agropecuaria mostr\u00f3 hoy conformidad con los anuncios del Gobierno nacional para ayudar a los productores agropecuarios afectados por la sequ\u00eda, y sus representantes aseguraron que dentro&hellip; <\/p>\n","protected":false},"author":4,"featured_media":36817,"comment_status":"closed","ping_status":"open","sticky":false,"template":"","format":"standard","meta":{"footnotes":""},"categories":[10],"tags":[],"class_list":["post-36793","post","type-post","status-publish","format-standard","has-post-thumbnail","hentry","category-nacionales"],"_links":{"self":[{"href":"https:\/\/corrientesdetarde.com\/index.php\/wp-json\/wp\/v2\/posts\/36793","targetHints":{"allow":["GET"]}}],"collection":[{"href":"https:\/\/corrientesdetarde.com\/index.php\/wp-json\/wp\/v2\/posts"}],"about":[{"href":"https:\/\/corrientesdetarde.com\/index.php\/wp-json\/wp\/v2\/types\/post"}],"author":[{"embeddable":true,"href":"https:\/\/corrientesdetarde.com\/index.php\/wp-json\/wp\/v2\/users\/4"}],"replies":[{"embeddable":true,"href":"https:\/\/corrientesdetarde.com\/index.php\/wp-json\/wp\/v2\/comments?post=36793"}],"version-history":[{"count":1,"href":"https:\/\/corrientesdetarde.com\/index.php\/wp-json\/wp\/v2\/posts\/36793\/revisions"}],"predecessor-version":[{"id":36818,"href":"https:\/\/corrientesdetarde.com\/index.php\/wp-json\/wp\/v2\/posts\/36793\/revisions\/36818"}],"wp:featuredmedia":[{"embeddable":true,"href":"https:\/\/corrientesdetarde.com\/index.php\/wp-json\/wp\/v2\/media\/36817"}],"wp:attachment":[{"href":"https:\/\/corrientesdetarde.com\/index.php\/wp-json\/wp\/v2\/media?parent=36793"}],"wp:term":[{"taxonomy":"category","embeddable":true,"href":"https:\/\/corrientesdetarde.com\/index.php\/wp-json\/wp\/v2\/categories?post=36793"},{"taxonomy":"post_tag","embeddable":true,"href":"https:\/\/corrientesdetarde.com\/index.php\/wp-json\/wp\/v2\/tags?post=36793"}],"curies":[{"name":"wp","href":"https:\/\/api.w.org\/{rel}","templated":true}]}}