{"id":36812,"date":"2023-02-01T08:32:11","date_gmt":"2023-02-01T11:32:11","guid":{"rendered":"https:\/\/corrientesdetarde.com\/?p=36812"},"modified":"2023-02-01T08:32:13","modified_gmt":"2023-02-01T11:32:13","slug":"ante-intendentes-sergio-massa-ratifico-que-es-incompatible-ser-ministro-de-economia-y-candidato-a-presidente","status":"publish","type":"post","link":"https:\/\/corrientesdetarde.com\/index.php\/nacionales\/ante-intendentes-sergio-massa-ratifico-que-es-incompatible-ser-ministro-de-economia-y-candidato-a-presidente\/","title":{"rendered":"<strong>Ante intendentes, Sergio Massa ratific\u00f3 que es incompatible ser ministro de Econom\u00eda y candidato a presidente<\/strong>"},"content":{"rendered":"\n<p>El l\u00edder del Frente Renovador particip\u00f3 de la reuni\u00f3n en Merlo junto a M\u00e1ximo Kirchner, Axel Kicillof y \u201cWado\u201d de Pedro en lo que fue el inicio de la mesa pol\u00edtica del PJ en la provincia de Buenos Aires de cara al a\u00f1o electoral<\/p>\n\n\n\n<p>Los principales dirigentes del Frente de Todos con base pol\u00edtica en la provincia de Buenos Aires se reunieron en la Quinta La Colonial en el municipio de Merlo, zona oeste del conurbano bonaerense; en una cumbre convocada por algunos intendentes peronistas de la Primera y Tercera secci\u00f3n electoral, para aplacar las internas del Frente de Todos. Dijeron presentes el ministro de Econom\u00eda&nbsp;<strong>Sergio Massa<\/strong>; el presidente del PJ bonaerense,&nbsp;<strong>M\u00e1ximo Kirchner&nbsp;<\/strong>y el gobernador bonaerense&nbsp;<strong>Axel Kicillof&nbsp;<\/strong>como figuras centrales. Ante intendentes l\u00edder del Frente Renovador plante\u00f3 que&nbsp;<strong>sin orden pol\u00edtico no hay orden econ\u00f3mico y volvi\u00f3 a descartar una candidatura presidencial.<\/strong><\/p>\n\n\n\n<p>Seg\u00fan cont\u00f3 un intendente a&nbsp;<strong>Infobae<\/strong>, el ministro de Econom\u00eda dej\u00f3 dos conceptos en clave hacia el futuro pol\u00edtico y electoral del Frente de Todos. Por un lado<strong>&nbsp;le pidi\u00f3 a los intendentes que bajen las tasas municipales&nbsp;<\/strong>porque, interpretan en su equipo, terminan afectando en los precios. Se tradujo como un llamado de atenci\u00f3n. Por el otro tambi\u00e9n plante\u00f3 -ante la posibilidad que algunos jefes comunales dejan trascender, de que el ex intendente de Tigre sea candidato presidencial- que&nbsp;<strong>es \u201cincompatible ser ministro de Econom\u00eda y candidato\u201d.<\/strong><\/p>\n\n\n\n<p>\u201cSergio fue claro. Plante\u00f3 que puede haber 50 cosas que nos dividan pero muchas otras que nos unen y que dentro del Frente de Todos, en todo caso, hay adversarios no enemigos\u201d, desliz\u00f3 uno de los participantes de la cena de esta noche.<\/p>\n\n\n\n<p>La de este martes, fue la primera reuni\u00f3n formal del 2023 con (casi) todas las expresiones del oficialismo, aunque sin el presidente&nbsp;<strong>Alberto Fern\u00e1ndez,<\/strong>&nbsp;ni representaci\u00f3n directa de su figura. Se trat\u00f3 de una cumbre pol\u00edtica que sirvi\u00f3 como puntapi\u00e9 a la discusi\u00f3n electoral en la provincia de Buenos Aires, que re\u00fane el 37% del padr\u00f3n electoral del pa\u00eds.<\/p>\n\n\n\n<p>El encuentro fue cerrado y sin acceso a la prensa y sucedi\u00f3 en medio de&nbsp;<strong>una interna que escal\u00f3 nuevamente&nbsp;<\/strong>la semana pasada, tras el enojo que hizo trascender el ministro del Interior,<strong>&nbsp;\u201cWado\u201d de Pedro,&nbsp;<\/strong>para con el Presidente tras no ser invitado a una reuni\u00f3n que el Jefe de Estado mantuvo con su par de Brasil,&nbsp;<strong>Luiz In\u00e1cio Lula da Silva,<\/strong>&nbsp;y organismos de derechos humanos. Ese posicionamiento del funcionario sirvi\u00f3 para que la ministra de Desarrollo Social,&nbsp;<strong>Victoria Tolosa Paz,<\/strong>&nbsp;saliera al cruce del ministro m\u00e1s cercano a&nbsp;<strong>Cristina Kirchner<\/strong>. La ministra de Desarrollo Social le pidi\u00f3 que definiera si est\u00e1 afuera o dentro del Gobierno por haber filtrado ese malestar v\u00eda&nbsp;<em>off the record<\/em>. Algunas figuras del kirchnerismo salieron a responderle a quien fuera la primera candidata a diputada nacional del FdT en las \u00faltimas elecciones legislativas. Otras voces se sumaron al enredo oficialista y entonces De Pedro enfri\u00f3 el asunto con un hilo de Twitter. Con la foto de esta noche se&nbsp;<strong>busc\u00f3 transmitir un escenario de paz, aunque -claro- hubo ausencias notorias<\/strong>.&nbsp;<strong>No solo de Fern\u00e1ndez, sino de otros intendentes del conurbano cercanos al presidente.<\/strong><\/p>\n\n\n\n<p>En el medio de esta situaci\u00f3n, que es particular pero va m\u00e1s all\u00e1 y&nbsp;<strong>da una muestra de c\u00f3mo est\u00e1 la convivencia entre Casa Rosada y el kirchnerismo<\/strong>, fueron un grupo de intendentes del conurbano bonaerense quienes activaron el encuentro de la estructura oficialista para definitivamente<strong>&nbsp;darle forma a la mesa pol\u00edtica del Frente de Todos<\/strong>. A Merlo llegaron algunos jefes territoriales peronistas de la Primera y Tercera secci\u00f3n electoral; aunque tambi\u00e9n se notaron algunas ausencias. La reuni\u00f3n termin\u00f3 de confirmarse en la tarde noche de este lunes y oficialmente se comunic\u00f3 que se trataba de una reuni\u00f3n del Frente de Todos.&nbsp;<strong>Entre los participantes no figuraba el presidente Alberto Fern\u00e1ndez, pero s\u00ed \u201cWado\u201d de Pedro, que adem\u00e1s lleg\u00f3 compartiendo autom\u00f3vil con el presidente del PJ bonaerense, M\u00e1ximo Kirchner<\/strong>.<\/p>\n\n\n\n<p>La reuni\u00f3n fue tambi\u00e9n un mensaje al Presidente, que desde que se inici\u00f3 el a\u00f1o parece estar dispuesto a ir por una reelecci\u00f3n. \u201cVamos a construir ese pa\u00eds le pese a qui\u00e9n le pese porque millones est\u00e1n reclamando vivir en ese pa\u00eds igualitario\u201d, dijo -por ejemplo- al cerrar un acto en Mar del Plata a principios de mes.&nbsp;<strong>Fern\u00e1ndez mantuvo una activa agenda en la provincia de Buenos Aires en el primer mes del 2023<\/strong>; pero&nbsp;<strong>el di\u00e1logo con la vicepresidenta Cristina Kirchner est\u00e1 cortado.<\/strong><\/p>\n\n\n\n<p>Por su parte, con el gobernador bonaerense, el v\u00ednculo no pasa de lo protocolar. De hecho,&nbsp;<strong>Kicillof no est\u00e1 participando de los diferentes actos que lleva adelante el Presidente en suelo bonaerense<\/strong>. Este martes, el gobernador bonaerense fue ubicado en el centro de la foto oficial de esta noche, al lado de Massa y junto a intendentes y otros dirigentes. Hoy por hoy, el plan de una reelecci\u00f3n de&nbsp;<strong>Alberto Fern\u00e1ndez<\/strong>&nbsp;no es una opci\u00f3n para el kirchnerismo y particularmente para La C\u00e1mpora. As\u00ed lo dejaron en claro&nbsp;<strong>M\u00e1ximo Kirchner<\/strong>&nbsp;y el ministro de Desarrollo de la Comunidad bonaerense y articulador del espacio de las organizaciones cristinistas que integran La Patria es el Otro, y tambi\u00e9n figura de fuste en La C\u00e1mpora,<strong>&nbsp;Andr\u00e9s Larroque,&nbsp;<\/strong>en las \u00faltimas entrevistas que concedieron.<\/p>\n\n\n\n<p><strong>\u201cA Alberto se le dio una oportunidad muy grande y confundi\u00f3 c\u00f3mo deb\u00eda ser su v\u00ednculo con Cristina y su rol<\/strong>\u201d, dijo el ministro de Kicillof en una reciente entrevista a la revista&nbsp;<em>La Tecla<\/em>. M\u00e1ximo Kirchner no se qued\u00f3 atr\u00e1s:&nbsp;<strong>\u201cCristina nunca maltrat\u00f3 a Alberto<\/strong>\u201d, lanz\u00f3 el fin de semana en di\u00e1logo con&nbsp;<em>El<\/em>&nbsp;<em>Cohete a la Luna<\/em>. Tambi\u00e9n pidi\u00f3 nuevamente que se arme la mesa del FdT.<\/p>\n\n\n\n<p>Sergio Massa. fue el \u00faltimo en arribar y lo hizo compartiendo camioneta junto al ministro de Obras P\u00fablicas,&nbsp;<strong>Gabriel Katopodis<\/strong>&nbsp;y de Desarrollo Territorial y H\u00e1bitat,&nbsp;<strong>Santiago Maggiotti. Horas antes hab\u00eda encabezado una reuni\u00f3n con la Mesa de Enlace&nbsp;<\/strong>en donde el Gobierno anunci\u00f3 refinanciaci\u00f3n de deudas, nuevas l\u00edneas de cr\u00e9ditos y la derogaci\u00f3n de una normativa del Banco Central que encarec\u00eda el costo financiero para productores agropecuarios afectados por la sequ\u00eda.<strong>&nbsp;Una vez que Massa se hizo presente en la quinta La Colonial se realiz\u00f3 la foto oficial.<\/strong><\/p>\n\n\n\n<p>El ex presidente de la C\u00e1mara de Diputados de la Naci\u00f3n<strong>&nbsp;es quien hab\u00eda planteado tiempo atr\u00e1s la institucionalizaci\u00f3n de la mesa del Frente de Todos&nbsp;<\/strong>y que el Presidente deber\u00eda ser quien la convocase. Hoy por hoy, el ex intendente de Tigre se muestra enfocado en su gesti\u00f3n al frente de Econom\u00eda. Su presencia en Merlo fue el primer acercamiento hacia una discusi\u00f3n de tono m\u00e1s pol\u00edtico electoral. Adem\u00e1s del ministro de Econom\u00eda, el Frente Renovador tambi\u00e9n estuvo representado por la presidenta de la C\u00e1mara de Diputados,&nbsp;<strong>Cecilia Moreau.<\/strong><\/p>\n\n\n\n<p>Al circunscribirse a un encuentro de figuras bonaerenses, quien tambi\u00e9n tuvo un rol central fue el gobernador&nbsp;<strong>Axel Kicillof<\/strong>.<strong>&nbsp;Decidido a ir por la reelecci\u00f3n<\/strong>, el mandatario provincial viene cosechando adhesiones del grueso de intendentes del interior y de un pu\u00f1ado de jefes comunales del conurbano entre los que destacan&nbsp;<strong>Jorge Ferraresi&nbsp;<\/strong>(Avellaneda) o<strong>&nbsp;Juan Jos\u00e9 Mussi<\/strong>&nbsp;(Berazategui). Pero&nbsp;<strong>aguarda por el aval oficial de los l\u00edderes territoriales con peso en el conurbano y, claro, de M\u00e1ximo Kirchner<\/strong>. All\u00ed, Kicillof busca limpiar un camino en el que por momentos fue ubicado su jefe de Gabinete e intendente en uso de licencia de Lomas de Zamora,&nbsp;<strong>Mart\u00edn Insaurralde<\/strong>, como un eventual competidor por la candidatura como anhelan algunos jefes comunales.<\/p>\n\n\n\n<p>Insaurralde no muestra sus cartas electorales propias hasta el momento. Su espacio -que se compone de varios alcaldes que le responden- no logr\u00f3 motorizar durante enero el llamado lanzamiento de la Liga de Intendentes. Iba a ser una reuni\u00f3n en el Partido de la Costa el pasado 21 de enero que finalmente qued\u00f3 en la nada. Entonces,&nbsp;<strong>el funcionario provincial plante\u00f3 que no se pod\u00edan discutir candidaturas mientras la Vicepresidenta estuviera proscripta<\/strong>. La reuni\u00f3n de este martes es una especie de reivindicaci\u00f3n para el jefe de ministros provinciales, toda vez que fue uno de los que particip\u00f3 de la diagramaci\u00f3n del encuentro en el que en definitiva se buscar\u00e1 mostrar una unidad incompleta. Sin Fern\u00e1ndez.<\/p>\n\n\n\n<p>A qui\u00e9n<strong>&nbsp;no dejaron entrar al evento fue al empresario de la carne<\/strong>,&nbsp;<strong>Alberto Samid<\/strong>. El matancero lleg\u00f3 hasta el acceso de la Quinta La Colonial en Merlo, pero rebot\u00f3 en la puerta. Luego hizo un descargo en su cuenta de twitter:&nbsp;<strong>\u201cHoy fui a una reuni\u00f3n peronista en Merlo y no me permitieron participar, teniendo una trayectoria de mas de 50 a\u00f1os de lealtad peronista<\/strong>. \u00bfQu\u00e9 opinan compa\u00f1eros? \u00bfPodemos ganar una elecci\u00f3n de esta manera?\u201d, se pregunt\u00f3.<\/p>\n\n\n\n<p><strong>Previa en La Plata<\/strong><\/p>\n\n\n\n<p>Este martes, a modo de antesala de la reuni\u00f3n en Merlo,&nbsp;<strong>Kicillof recibi\u00f3 con parte de su gabinete a M\u00e1ximo Kirchner y un grupo de intendentes del conurbano&nbsp;<\/strong>en la Gobernaci\u00f3n bonaerense. Esa reuni\u00f3n, que fue en horas de la ma\u00f1ana, es la continuidad de otros encuentros que a finales del a\u00f1o pasado, antes de la votaci\u00f3n del Presupuesto bonaerense 2023, llevaron adelante jefes comunales con el mandatario provincial, siempre monitoreado por Kirchner.<\/p>\n\n\n\n<p>Esta vez,&nbsp;<strong>el foco estuvo puesto en el fallo de la Corte Suprema que obliga al gobierno nacional a concederle el 2,95% de la cooparticipaci\u00f3n al gobierno de la Ciudad de Buenos Aires.&nbsp;<\/strong>La administraci\u00f3n de Kicillof traduce que esa decisi\u00f3n indefectiblemente afectar\u00e1 las transferencias nacionales al resto de las provincias y puntualmente a la de Buenos Aires.<\/p>\n\n\n\n<p>\u201cLa preocupaci\u00f3n por las implicancias del arbitrario fallo obliga a un seguimiento pormenorizado de cada \u00e1rea con el firme prop\u00f3sito de<strong>&nbsp;evitar que las y los bonaerenses paguen las consecuencias de la decisi\u00f3n pol\u00edtica de la Corte de solventar la campa\u00f1a electoral de la oposici\u00f3n<\/strong>\u201d, se plante\u00f3 desde la Gobernaci\u00f3n bonaerense tras la reuni\u00f3n que adem\u00e1s de Kirchner y Kicillof tuvo entre sus participantes a Insaurralde, Larroque, la ministra de Gobierno bonaerense,<strong>&nbsp;Cristina \u00c1lvarez Rodr\u00edguez<\/strong>; de Hacienda y Finanzas,&nbsp;<strong>Pablo L\u00f3pez<\/strong>&nbsp;y los intendentes&nbsp;<strong>Federico Achaval&nbsp;<\/strong>(Pilar),&nbsp;<strong>Jorge Ferraresi&nbsp;<\/strong>(Avellaneda),&nbsp;<strong>Juan Andreotti&nbsp;<\/strong>(San Fernando),&nbsp;<strong>Mario Secco<\/strong>&nbsp;(Ensenada),<strong>&nbsp;Carlos Ramil<\/strong>&nbsp;(Escobar); adem\u00e1s del diputado bonaerense&nbsp;<strong>Mariano Cascallares<\/strong>; y al presidente del Grupo Provincia,&nbsp;<strong>Gustavo Men\u00e9ndez<\/strong>; que fue el anfitri\u00f3n en la cumbre de esta tarde noche en Merlo.<\/p>\n","protected":false},"excerpt":{"rendered":"<p>El l\u00edder del Frente Renovador particip\u00f3 de la reuni\u00f3n en Merlo junto a M\u00e1ximo Kirchner, Axel Kicillof y \u201cWado\u201d de Pedro en lo que fue el inicio de la mesa&hellip; <\/p>\n","protected":false},"author":7,"featured_media":36813,"comment_status":"closed","ping_status":"open","sticky":false,"template":"","format":"standard","meta":{"footnotes":""},"categories":[10],"tags":[],"class_list":["post-36812","post","type-post","status-publish","format-standard","has-post-thumbnail","hentry","category-nacionales"],"_links":{"self":[{"href":"https:\/\/corrientesdetarde.com\/index.php\/wp-json\/wp\/v2\/posts\/36812","targetHints":{"allow":["GET"]}}],"collection":[{"href":"https:\/\/corrientesdetarde.com\/index.php\/wp-json\/wp\/v2\/posts"}],"about":[{"href":"https:\/\/corrientesdetarde.com\/index.php\/wp-json\/wp\/v2\/types\/post"}],"author":[{"embeddable":true,"href":"https:\/\/corrientesdetarde.com\/index.php\/wp-json\/wp\/v2\/users\/7"}],"replies":[{"embeddable":true,"href":"https:\/\/corrientesdetarde.com\/index.php\/wp-json\/wp\/v2\/comments?post=36812"}],"version-history":[{"count":1,"href":"https:\/\/corrientesdetarde.com\/index.php\/wp-json\/wp\/v2\/posts\/36812\/revisions"}],"predecessor-version":[{"id":36815,"href":"https:\/\/corrientesdetarde.com\/index.php\/wp-json\/wp\/v2\/posts\/36812\/revisions\/36815"}],"wp:featuredmedia":[{"embeddable":true,"href":"https:\/\/corrientesdetarde.com\/index.php\/wp-json\/wp\/v2\/media\/36813"}],"wp:attachment":[{"href":"https:\/\/corrientesdetarde.com\/index.php\/wp-json\/wp\/v2\/media?parent=36812"}],"wp:term":[{"taxonomy":"category","embeddable":true,"href":"https:\/\/corrientesdetarde.com\/index.php\/wp-json\/wp\/v2\/categories?post=36812"},{"taxonomy":"post_tag","embeddable":true,"href":"https:\/\/corrientesdetarde.com\/index.php\/wp-json\/wp\/v2\/tags?post=36812"}],"curies":[{"name":"wp","href":"https:\/\/api.w.org\/{rel}","templated":true}]}}