{"id":36843,"date":"2023-02-01T09:02:05","date_gmt":"2023-02-01T12:02:05","guid":{"rendered":"https:\/\/corrientesdetarde.com\/?p=36843"},"modified":"2023-02-01T09:02:09","modified_gmt":"2023-02-01T12:02:09","slug":"jordi-martin-hablo-de-su-fuerte-pelea-con-gerard-pique-y-dio-su-version-de-la-internacion-de-clara-chia-marti","status":"publish","type":"post","link":"https:\/\/corrientesdetarde.com\/index.php\/espectaculos\/jordi-martin-hablo-de-su-fuerte-pelea-con-gerard-pique-y-dio-su-version-de-la-internacion-de-clara-chia-marti\/","title":{"rendered":"<strong>Jordi Martin habl\u00f3 de su fuerte pelea con Gerard Piqu\u00e9 y dio su versi\u00f3n de la internaci\u00f3n de Clara Ch\u00eda Mart\u00ed<\/strong>"},"content":{"rendered":"\n<p>En Intrusos, el periodista espa\u00f1ol asegur\u00f3 que le iniciar\u00e1 acciones legales al exfutbolista y revel\u00f3 m\u00e1s detalles de la escandalosa separaci\u00f3n de Shakira<\/p>\n\n\n\n<p>Desde que en junio pasado se rompi\u00f3 el v\u00ednculo de m\u00e1s de 12 a\u00f1os entre la superestrella pop&nbsp;<strong>Shakira<\/strong>&nbsp;y el multicampe\u00f3n con el Barcelona y la Selecci\u00f3n de Espa\u00f1a<strong>&nbsp;Gerard Piqu\u00e9<\/strong>&nbsp;los esc\u00e1ndalos no cesaron. Versiones sobre infidelidades, millonarios acuerdos econ\u00f3micos y la tenencia de&nbsp;<strong>Milan<\/strong>&nbsp;y&nbsp;<strong>Sasha<\/strong>, los hijos de la expareja entre otros temas, ocuparon las primeras planas informativas. Para colmo, el 11 de enero la colombiana y el productor argentino&nbsp;<strong>Bizarrap<\/strong>&nbsp;lanzaron la canci\u00f3n que rompi\u00f3 los rankings de las plataformas digitales y cay\u00f3 como una bomba en los protagonistas. La referencia no tan velada al exdeportista y a su actual pareja,&nbsp;<strong>Clara Ch\u00eda Mart\u00ed,&nbsp;<\/strong>revolucion\u00f3 las redes y desbloque\u00f3 otro nivel en las repercusiones medi\u00e1ticas, cuyas esquirlas todav\u00eda se sienten.<\/p>\n\n\n\n<p>Seg\u00fan las \u00faltimas informaciones que provienen del viejo continente, la joven modelo de 23 a\u00f1os habr\u00eda sido hospitalizada y los rumores apuntan en dos direcciones posibles. Una fotograf\u00eda suya dentro de una farmacia cerca del expositor de los test de embarazo permite sugerir que se encontrar\u00eda en la dulce espera. Pero otras versiones hablan de un pico de estr\u00e9s que le habr\u00eda provocado la mega exposici\u00f3n en la que se encuentra desde que se public\u00f3 el tema. Y que a este cuadro nervioso habr\u00eda colaborado que a Piqu\u00e9 se lo vincul\u00f3 con una joven abogada,&nbsp;<strong>Julia Puig Gali,<\/strong>&nbsp;prima de un excompa\u00f1ero suyo en el club catal\u00e1n.<\/p>\n\n\n\n<p>Para aclarar esta situaci\u00f3n, en&nbsp;<strong><em>Intrusos<\/em>&nbsp;(Am\u00e9rica)<\/strong>&nbsp;se comunicaron con&nbsp;<strong>Jordi Martin<\/strong>, el paparazzi que sigue los pasos de la pareja y que mantiene con el exdefensor una enemistad de a\u00f1os. En las \u00faltimas horas, esta rivalidad volvi\u00f3 a escena a trav\u00e9s de un cruce que tuvieron en las redes sociales.<\/p>\n\n\n\n<p>\u201cEl tiene una obsesi\u00f3n conmigo, siempre me mira las historias de Instagram\u201d, adelant\u00f3 el periodista en una videollamada desde Espa\u00f1a, para empezar a explicar el motivo del enojo. Tom\u00f3 una captura de pantalla como prueba y la public\u00f3 con la leyenda. \u201cMi mejor amigo me vigila\u201d, comparti\u00e9ndolo en su cuenta de Twitter. El exfutbolista lo coment\u00f3 con la frase \u201cDeja las drogas. La coca\u00edna es muy jodida\u201d, lo que llev\u00f3 a Jordi a dar su versi\u00f3n.<\/p>\n\n\n\n<p>\u201cCreo que se ha excedido, es un tema complicado\u201d, expres\u00f3, y pas\u00f3 a relatar su pasado de adicciones. \u201cCuando murio mi pap\u00e1 tuve un bache, sal\u00ed mucho y la pas\u00e9 mal. Es una enfermedad, cuando no te das cuenta estas metido en un charco importante\u201d, confes\u00f3. \u201cSal\u00ed con ayuda de mi familia y es una etapa que recuerdo con tristeza porque mi madre sufri\u00f3 mucho\u201d, agreg\u00f3 el periodista. \u201cNo me esperaba este ataque, demuestra c\u00f3mo es Gerard&#8230; \u00c9l es un ejemplo para muchos ni\u00f1os y no deber\u00eda tomarse este tema tan a la ligera\u201d, concluy\u00f3.<\/p>\n\n\n\n<p>\u201c\u00bfPor que te atac\u00f3?\u201d Pregunt\u00f3 la conductora&nbsp;<strong>Flor de la V<\/strong>. \u201cSabe que me hace da\u00f1o\u201d, replic\u00f3 el periodista y relat\u00f3 un hecho ocurrido meses atr\u00e1s, durante un partido de b\u00e9isbol que disputaba uno de los hijos de Piqu\u00e9. \u201cMe empez\u00f3 a gritar desde las gradas \u2018drogadicto, cocain\u00f3mano\u2019, todos los papas mir\u00e1ndome y su hijo jugando en el campo\u201d, contextualiz\u00f3. Adem\u00e1s, agreg\u00f3 que el tema est\u00e1 en manos de sus abogados y que piensa iniciar acciones legales. \u201c\u00c9l habla en presente y es un tema que es pasado. Yo hace cuatro a\u00f1os que no consumo coca\u00edna. No lo voy a atacar, es una decepci\u00f3n lo que hizo y que decida un juez\u201d, expres\u00f3.<\/p>\n\n\n\n<p>Luego, el periodista habl\u00f3 de la relaci\u00f3n entre Piqu\u00e9 y Clara, quienes no estar\u00edan atravesando su mejor momento. \u201cYo s\u00e9 que no lo est\u00e1n pasando bien, que lo de la canci\u00f3n los tiene sobrepasados. No se esperaban este ruido medi\u00e1tico\u201d, admiti\u00f3. Y luego a\u00f1adi\u00f3 que hab\u00eda otra cuesti\u00f3n que afectaba a los novios.<\/p>\n\n\n\n<p>\u201cTengo un tema que me est\u00e1n pidiendo que lo silencie, pero con el da\u00f1o que le hizo a mi madre lo voy a contar\u201d, revel\u00f3 sin dar demasiados detalles. \u201cEs un tema que Piqu\u00e9 sabe que lo tengo, que est\u00e1 preocupado y que entre ellos ha habido una crisis grave\u201d, continu\u00f3 misterioso.<\/p>\n\n\n\n<p>Jordi reconoci\u00f3 haberse encontrado con Clara y Piqu\u00e9 la noche anterior y que no la hab\u00eda notado mal. \u201cImagina la crisis de ansiedad que habr\u00e1 tenido, que ayer estaba bien y hoy est\u00e1 internada\u201d, afirm\u00f3. Desestim\u00f3 la posibilidad del embarazo y tambi\u00e9n que haya sido obra de las repercusiones de la canci\u00f3n, deslizando que podr\u00eda tratarse de una nueva infidelidad de parte del exfutbolista.<\/p>\n\n\n\n<p>\u201cElla est\u00e1 sufriendo por un tema. La \u00faltima persona en el mundo que quer\u00edan que se enterase, soy yo\u201d, afirm\u00f3 con contundencia. Y consultado sobre si trata de la abogada&nbsp;<strong>Julia Puig Gali<\/strong>, evit\u00f3 contestar, aunque se despidi\u00f3 con una promesa. \u201cYa van a ver. Cuando lo saque en mi programa&nbsp;<em>El gordo y la flaca<\/em>, al d\u00eda siguiente lo cuento en&nbsp;<em>Intrusos<\/em>\u201d.<\/p>\n","protected":false},"excerpt":{"rendered":"<p>En Intrusos, el periodista espa\u00f1ol asegur\u00f3 que le iniciar\u00e1 acciones legales al exfutbolista y revel\u00f3 m\u00e1s detalles de la escandalosa separaci\u00f3n de Shakira Desde que en junio pasado se rompi\u00f3&hellip; <\/p>\n","protected":false},"author":7,"featured_media":36844,"comment_status":"closed","ping_status":"open","sticky":false,"template":"","format":"standard","meta":{"footnotes":""},"categories":[19],"tags":[],"class_list":["post-36843","post","type-post","status-publish","format-standard","has-post-thumbnail","hentry","category-espectaculos"],"_links":{"self":[{"href":"https:\/\/corrientesdetarde.com\/index.php\/wp-json\/wp\/v2\/posts\/36843","targetHints":{"allow":["GET"]}}],"collection":[{"href":"https:\/\/corrientesdetarde.com\/index.php\/wp-json\/wp\/v2\/posts"}],"about":[{"href":"https:\/\/corrientesdetarde.com\/index.php\/wp-json\/wp\/v2\/types\/post"}],"author":[{"embeddable":true,"href":"https:\/\/corrientesdetarde.com\/index.php\/wp-json\/wp\/v2\/users\/7"}],"replies":[{"embeddable":true,"href":"https:\/\/corrientesdetarde.com\/index.php\/wp-json\/wp\/v2\/comments?post=36843"}],"version-history":[{"count":1,"href":"https:\/\/corrientesdetarde.com\/index.php\/wp-json\/wp\/v2\/posts\/36843\/revisions"}],"predecessor-version":[{"id":36846,"href":"https:\/\/corrientesdetarde.com\/index.php\/wp-json\/wp\/v2\/posts\/36843\/revisions\/36846"}],"wp:featuredmedia":[{"embeddable":true,"href":"https:\/\/corrientesdetarde.com\/index.php\/wp-json\/wp\/v2\/media\/36844"}],"wp:attachment":[{"href":"https:\/\/corrientesdetarde.com\/index.php\/wp-json\/wp\/v2\/media?parent=36843"}],"wp:term":[{"taxonomy":"category","embeddable":true,"href":"https:\/\/corrientesdetarde.com\/index.php\/wp-json\/wp\/v2\/categories?post=36843"},{"taxonomy":"post_tag","embeddable":true,"href":"https:\/\/corrientesdetarde.com\/index.php\/wp-json\/wp\/v2\/tags?post=36843"}],"curies":[{"name":"wp","href":"https:\/\/api.w.org\/{rel}","templated":true}]}}