{"id":36845,"date":"2023-02-01T09:03:47","date_gmt":"2023-02-01T12:03:47","guid":{"rendered":"https:\/\/corrientesdetarde.com\/?p=36845"},"modified":"2023-02-01T09:03:48","modified_gmt":"2023-02-01T12:03:48","slug":"nacion-lanzo-un-paquete-de-ayuda-fiscal-y-creditos-para-productores-afectados-por-la-sequia","status":"publish","type":"post","link":"https:\/\/corrientesdetarde.com\/index.php\/economia\/nacion-lanzo-un-paquete-de-ayuda-fiscal-y-creditos-para-productores-afectados-por-la-sequia\/","title":{"rendered":"Naci\u00f3n lanz\u00f3 un paquete de ayuda fiscal y cr\u00e9ditos para productores afectados por la sequ\u00eda"},"content":{"rendered":"\n<p>Lo anunci\u00f3 el ministro de Econom\u00eda, Sergio Massa, en un encuentro con los representantes de la Mesa de Enlace Agropecuaria. Entre las medidas informadas se incluyen la suspensi\u00f3n de algunos anticipos de impuestos, facilidades financieras y un &#8220;fondo rotatorio&#8221; por 5.000 millones de pesos.<\/p>\n\n\n\n<p>El Gobierno Nacional lanz\u00f3 este martes un conjunto de medidas destinadas a ayudar a los productores rurales afectados por la sequ\u00eda, entre las que se incluyen la suspensi\u00f3n de algunos anticipos de impuestos, facilidades financieras y una r\u00e1pida homologaci\u00f3n de la declaraci\u00f3n de emergencia agropecuaria.&nbsp;<\/p>\n\n\n\n<p>El ministro de Econom\u00eda, Sergio Massa, se reuni\u00f3 con los representantes de la Mesa de Enlace Agropecuaria y les anunci\u00f3 la creaci\u00f3n de un &#8220;fondo rotatorio&#8221; por 5.000 millones de pesos para llegar a los peque\u00f1os productores que se canalizar\u00e1 a trav\u00e9s de convenios con provincias, municipios y\/o cooperativas agropecuarias, sistema con el que se aspira a asistir a 18.000 peque\u00f1os productores.<\/p>\n\n\n\n<p>&#8220;Vamos a suspender el pago de anticipo de impuesto a las Ganancias para todos aquellos productores con dificultades o abarcados por la emergencia&#8221;, dijo el ministro Massa en un comunicado.<\/p>\n\n\n\n<p>El funcionario destac\u00f3 que &#8220;el procedimiento&#8221; lo llevar\u00e1 adelante la Administraci\u00f3n Federal de Ingresos P\u00fablicos (AFIP), organismo que &#8220;va a poner el ojo en los productores con m\u00e1s de $ 50 millones declarados de ganancia en el 2022&#8221;.<\/p>\n\n\n\n<figure class=\"wp-block-image\"><img decoding=\"async\" src=\"https:\/\/www.lt7noticias.com\/content\/bucket\/2\/41302w770h433c.jpg.webp\" alt=\"\"\/><\/figure>\n\n\n\n<p>&#8220;Esto es a los efectos de que el peque\u00f1o productor no tenga miedo de plantear el pedido de emergencia con la idea de que despu\u00e9s viene la AFIP y revisa los n\u00fameros&#8221;, explic\u00f3 el ministro.&nbsp;<\/p>\n\n\n\n<p>Massa adelant\u00f3 que acordaron con la AFIP la suspensi\u00f3n de los juicios de ejecuci\u00f3n fiscal y de los embargos de las cuentas corrientes de todos los productores afectados por la emergencia.<\/p>\n\n\n\n<p>Adem\u00e1s, se destac\u00f3 que en el \u00faltimo trimestre del a\u00f1o &#8220;hubo un proceso de venta forzosa de hacienda&#8221; producto de la falta de alimento en los campos &#8220;y de la necesidad en algunos casos de productores de hacerse del dinero&#8221;.<\/p>\n\n\n\n<p>&#8220;Eso gener\u00f3 que haya productores que malvendieran su hacienda&#8221;, dijo Massa, quien a\u00f1adi\u00f3 que &#8220;ante esto vamos a hacer, en el caso de la venta forzosa de hacienda, la no incorporaci\u00f3n para el c\u00e1lculo del impuesto a las Ganancias; hay 4.200 productores de Argentina que se van a ver beneficiados con esta medida&#8221;.<\/p>\n\n\n\n<p>La AFIP va a llevar adelante un proceso de capacitaci\u00f3n y acercamiento con los productores a los efectos de facilitar todos estos tr\u00e1mites.<\/p>\n\n\n\n<p>Adem\u00e1s, &#8220;vamos a proceder a la financiaci\u00f3n de los pasivos bajos las mismas condiciones en que los cr\u00e9ditos fueron otorgados&#8221;, sostuvo Massa.<\/p>\n\n\n\n<figure class=\"wp-block-image\"><img decoding=\"async\" src=\"https:\/\/www.lt7noticias.com\/content\/bucket\/3\/41303w770h433c.jpg.webp\" alt=\"\"\/><\/figure>\n\n\n\n<p>&#8220;Esta es una muy buena medida, entre otras cosas, porque el 47% de los cr\u00e9ditos del sector, de los productores que est\u00e1n alcanzados por la emergencia, son cr\u00e9ditos que, inclusive, son producto de una pol\u00edtica de Banco Naci\u00f3n de acercamiento y promoci\u00f3n del sector agropecuario, ya ven\u00edan con tasa promocionada, y de alguna manera el diferimiento a 360 d\u00edas va a mantener las mismas condiciones&#8221;, asegur\u00f3&nbsp;<\/p>\n\n\n\n<p>Los principales beneficiarios de esta decisi\u00f3n del Banco Naci\u00f3n son peque\u00f1os productores de menos de 500 hect\u00e1reas, o con menos de 150 cabezas, por lo que &#8220;realmente es una medida que tiene un impacto muy importante en t\u00e9rminos de la capilaridad a lo largo y a lo ancho del pa\u00eds&#8221;.<\/p>\n\n\n\n<p>El ministro de Econom\u00eda sostuvo que &#8220;se van a poner 15 puntos m\u00e1s de subsidio de tasa para acompa\u00f1ar al productor que tenga que ir a tomar cr\u00e9dito con una reducci\u00f3n de la tasa de inter\u00e9s&#8221;.<\/p>\n\n\n\n<p>El Banco Naci\u00f3n dispondr\u00e1 de 50.000 millones de pesos, en l\u00ednea de cr\u00e9dito para productores que se encuentran abarcados por la emergencia.<\/p>\n\n\n\n<figure class=\"wp-block-embed is-type-rich is-provider-twitter wp-block-embed-twitter\"><div class=\"wp-block-embed__wrapper\">\n<blockquote class=\"twitter-tweet\" data-width=\"550\" data-dnt=\"true\"><p lang=\"es\" dir=\"ltr\">MEDIDAS DE ALIVIO PARA EL CAMPO POR LA SEQU\u00cdA<br><br>El anuncio ser\u00e1 realizado por el ministro de Econom\u00eda, <a href=\"https:\/\/twitter.com\/SergioMassa?ref_src=twsrc%5Etfw\">@SergioMassa<\/a>, junto al secretario de Agricultura, Ganader\u00eda y Pesca <a href=\"https:\/\/twitter.com\/JuanjoBahillo?ref_src=twsrc%5Etfw\">@JuanjoBahillo<\/a>.<br><br>Transmisi\u00f3n en vivo \ud83d\udc47<a href=\"https:\/\/t.co\/tJO7Ullt8y\">https:\/\/t.co\/tJO7Ullt8y<\/a><\/p>&mdash; Ministerio de Econom\u00eda de la Naci\u00f3n (@Economia_Ar) <a href=\"https:\/\/twitter.com\/Economia_Ar\/status\/1620563792819290113?ref_src=twsrc%5Etfw\">January 31, 2023<\/a><\/blockquote><script async src=\"https:\/\/platform.twitter.com\/widgets.js\" charset=\"utf-8\"><\/script>\n<\/div><\/figure>\n\n\n\n<p>&#8220;Para nosotros eso es muy importante, primero por el esfuerzo del subsidio de tasa que hace el Gobierno Nacional, pero por otro lado por la capilaridad que logra el Banco naci\u00f3n, que todos sabemos el banco que est\u00e1 en cada uno de los pueblos de Argentina&#8221;, asegur\u00f3.<\/p>\n\n\n\n<p>El ministro adelant\u00f3 que &#8220;estamos homologando los pedidos de emergencia de las provincias. Hoy firmamos algunos de la provincia de Buenos Aires, estamos a punto de poner en marcha la homologaci\u00f3n de Entre R\u00edos. Ustedes saben que es importante porque es el disparador que le permite al productor acceder a todos los beneficios.<\/p>\n\n\n\n<p>Massa adelant\u00f3 que el jueves, en la reuni\u00f3n de Directorio, el Banco Central &#8220;va a derogar la resoluci\u00f3n que incrementaba la tasa para aquellos productores que de alguna manera pod\u00edan acceder al cr\u00e9dito y hab\u00edan quedado limitados por el tema de la liquidaci\u00f3n del d\u00f3lar soja, a los efectos de volver a darle la oportunidad de acceder al cr\u00e9dito sin castigo de sobretasa&#8221;.<\/p>\n\n\n\n<p>&#8220;Todas estas medidas representan un enorme esfuerzo del Gobierno Nacional, pero es el resultado del trabajo de distintas \u00e1reas del Gobierno en la mesa de di\u00e1logo y de trabajo con las cuatro entidades de la Mesa de Enlace m\u00e1s dos entidades que tambi\u00e9n representan a los productores. Que de la mesa del di\u00e1logo y del trabajo podamos sacar resultados en la emergencia es muy importante&#8221;, destac\u00f3 el ministro.<\/p>\n\n\n\n<p>&#8220;Tal vez no es todo lo que ped\u00edan, lo se, pero es lo que podemos en este momento&#8221;, dijo Massa ante los representantes del campo.<\/p>\n\n\n\n<p>Particip\u00f3 tambi\u00e9n del encuentro el titular de la AFIP, Carlos Castagnetto, y del Banco Naci\u00f3n, Silvina Batakis.<\/p>\n\n\n\n<h2 class=\"wp-block-heading\">LA MESA DE ENLACE SE MOSTR\u00d3 CONFORME POR LAS MEDIDAS DE AYUDA ANUNCIADAS POR EL GOBIERNO<\/h2>\n\n\n\n<p>La Mesa de Enlace Agropecuaria mostr\u00f3 conformidad con los anuncios del Gobierno nacional para ayudar a los productores agropecuarios afectados por la sequ\u00eda, y sus representantes aseguraron que dentro de las medidas est\u00e1n comprendidos gran parte de los reclamos que hab\u00edan realizado la semana pasada.<\/p>\n\n\n\n<p>&#8220;Est\u00e1n comprendidos un alto porcentaje de los puntos que hemos pedido&#8221;, asegur\u00f3 el presidente de Confederaciones Rurales Argentinas (CRA), Jorge Chemes, tras la reuni\u00f3n que mantuvieron con el ministro de Econom\u00eda, Sergio Massa, en la que les anunci\u00f3 una bater\u00eda de medidas de asistencia y crediticias para el sector.<\/p>\n\n\n\n<p>En este sentido, Chemes sostuvo hay que &#8220;ver en acci\u00f3n estas medidas y c\u00f3mo funcionan en el interior, para que no hayan medidas burocr\u00e1ticas que las frenen&#8221;.<\/p>\n\n\n\n<p>En sinton\u00eda con el titular de CRA, su par de Federaci\u00f3n Agraria Argentina (FAA), Carlos Achetoni, asegur\u00f3 que el Gobierno cumpli\u00f3 &#8220;un gran porcentaje de lo que se hab\u00eda pedido, pero tenemos que esperar para ver los alcances que tengan&#8221;.<\/p>\n\n\n\n<p>&#8220;Ojala que todos se puedan desarrollar y los productores en emergencia puedan beneficiarse&#8221;, agreg\u00f3 Achetoni.<\/p>\n\n\n\n<p>Para eso el presidente de Coninagro, Elbio Laucirica, solicit\u00f3 a los productores &#8220;agilizar la presentaci\u00f3n de las declaraciones juradas&#8221; para poder acceder a los beneficios.<\/p>\n\n\n\n<p>Por \u00faltimo, el presidente de la Sociedad Rural Argentina (SRA), Nicol\u00e1s Pino, inform\u00f3 que las pr\u00f3ximas reuniones que mantendr\u00e1n con el Gobierno tendr\u00e1n como finalidad trabajar sobre medidas para la ganader\u00eda y las econom\u00edas regionales.<\/p>\n\n\n\n<p>&#8220;Nos juntamos en una mesa de trabajo donde se plantearon situaci\u00f3n por la coyuntura en particular. El momento feo que est\u00e1 viviendo el pa\u00eds pide medidas de inmediatez&#8221;, concluy\u00f3 Pino.<\/p>\n\n\n\n<p>Hoy Massa, junto al titular de la Administraci\u00f3n Federal de Ingresos P\u00fablicos (AFIP), Carlos Castagneto, la presidenta del Banco Naci\u00f3n, Silvina Batakis y los secretarios de Agricultura, Ganader\u00eda y Pesca, Juan Jos\u00e9 Bahillo y de Industria y Desarrollo Productivo, Jos\u00e9 de Mendiguren, anunciaron una bater\u00eda de medidas, entre las que se incluyen la suspensi\u00f3n de algunos anticipos de impuestos, facilidades financieras y una r\u00e1pida homologaci\u00f3n de la declaraci\u00f3n de emergencia agropecuaria.<\/p>\n","protected":false},"excerpt":{"rendered":"<p>Lo anunci\u00f3 el ministro de Econom\u00eda, Sergio Massa, en un encuentro con los representantes de la Mesa de Enlace Agropecuaria. Entre las medidas informadas se incluyen la suspensi\u00f3n de algunos&hellip; <\/p>\n","protected":false},"author":4,"featured_media":36847,"comment_status":"closed","ping_status":"open","sticky":false,"template":"","format":"standard","meta":{"footnotes":""},"categories":[20],"tags":[],"class_list":["post-36845","post","type-post","status-publish","format-standard","has-post-thumbnail","hentry","category-economia"],"_links":{"self":[{"href":"https:\/\/corrientesdetarde.com\/index.php\/wp-json\/wp\/v2\/posts\/36845","targetHints":{"allow":["GET"]}}],"collection":[{"href":"https:\/\/corrientesdetarde.com\/index.php\/wp-json\/wp\/v2\/posts"}],"about":[{"href":"https:\/\/corrientesdetarde.com\/index.php\/wp-json\/wp\/v2\/types\/post"}],"author":[{"embeddable":true,"href":"https:\/\/corrientesdetarde.com\/index.php\/wp-json\/wp\/v2\/users\/4"}],"replies":[{"embeddable":true,"href":"https:\/\/corrientesdetarde.com\/index.php\/wp-json\/wp\/v2\/comments?post=36845"}],"version-history":[{"count":1,"href":"https:\/\/corrientesdetarde.com\/index.php\/wp-json\/wp\/v2\/posts\/36845\/revisions"}],"predecessor-version":[{"id":36851,"href":"https:\/\/corrientesdetarde.com\/index.php\/wp-json\/wp\/v2\/posts\/36845\/revisions\/36851"}],"wp:featuredmedia":[{"embeddable":true,"href":"https:\/\/corrientesdetarde.com\/index.php\/wp-json\/wp\/v2\/media\/36847"}],"wp:attachment":[{"href":"https:\/\/corrientesdetarde.com\/index.php\/wp-json\/wp\/v2\/media?parent=36845"}],"wp:term":[{"taxonomy":"category","embeddable":true,"href":"https:\/\/corrientesdetarde.com\/index.php\/wp-json\/wp\/v2\/categories?post=36845"},{"taxonomy":"post_tag","embeddable":true,"href":"https:\/\/corrientesdetarde.com\/index.php\/wp-json\/wp\/v2\/tags?post=36845"}],"curies":[{"name":"wp","href":"https:\/\/api.w.org\/{rel}","templated":true}]}}