{"id":36848,"date":"2023-02-01T09:03:12","date_gmt":"2023-02-01T12:03:12","guid":{"rendered":"https:\/\/corrientesdetarde.com\/?p=36848"},"modified":"2023-02-01T09:03:15","modified_gmt":"2023-02-01T12:03:15","slug":"majo-martino-intima-con-locho-somos-muy-distintos-pero-nos-llevamos-bien-en-el-trabajo-y-la-convivencia","status":"publish","type":"post","link":"https:\/\/corrientesdetarde.com\/index.php\/espectaculos\/majo-martino-intima-con-locho-somos-muy-distintos-pero-nos-llevamos-bien-en-el-trabajo-y-la-convivencia\/","title":{"rendered":"<strong>Majo Martino, \u00edntima: \u201cCon Locho somos muy distintos, pero nos llevamos bien en el trabajo y la convivencia\u201d<\/strong>"},"content":{"rendered":"\n<p>En una entrevista con Teleshow desde Carlos Paz, la periodista habl\u00f3 de su debut teatral con su pareja en la obra El Hostel de los Millones. Adem\u00e1s, se refiri\u00f3 a su estado de salud tras someterse a una operaci\u00f3n de urgencia y revel\u00f3 si planea mudarse con su novio en su regreso a Buenos Aires<\/p>\n\n\n\n<p>No fue amor a primera vista. La relaci\u00f3n entre&nbsp;<strong>Majo Martino y Locho Locciano<\/strong>&nbsp;transcurri\u00f3 poco a poco y tuvo diferentes matices. Miles de televidentes fueron testigos de su historia que comenz\u00f3 en el verano de 2022 cuando ambos eran participantes de la primera temporada del reality<strong>&nbsp;<em>El Hotel de los Famosos<\/em><\/strong>&nbsp;(El Trece). Primero se hicieron amigos y se contuvieron en momentos dif\u00edciles de la competencia. Luego de abandonar el ciclo, afianzaron el v\u00ednculo y se pusieron de novios en junio pasado.<\/p>\n\n\n\n<p>Ellos jam\u00e1s se imaginaron que un a\u00f1o m\u00e1s tarde estar\u00edan protagonizando una comedia en<strong>&nbsp;Villa Carlos Paz,&nbsp;<\/strong>junto a&nbsp;<strong>Miguel \u00c1ngel Rodr\u00edguez, Laura Novoa, Sof\u00eda Pachano, Fabio Di Tomaso y Klaudio Condor.&nbsp;<\/strong>De esta manera, se animaron a un doble desaf\u00edo: debutaron con el espect\u00e1culo<em>&nbsp;<strong>El Hostel de los Millones<\/strong><\/em>en una de las plazas teatrales m\u00e1s populares del pa\u00eds y apostaron por la convivencia.<\/p>\n\n\n\n<p>En medio de la temporada, Majo hizo una escapada de urgencia a Buenos Aires para someterse a una intervenci\u00f3n quir\u00fargica. Durante su ausencia, fue reemplazada por&nbsp;<strong>Nara Ferragut&nbsp;<\/strong>y este viernes pasado regres\u00f3 al escenario del teatro Candilejas. En di\u00e1logo con<strong>&nbsp;Teleshow<\/strong>, la periodista y actriz habl\u00f3 de su estado de salud, de su relaci\u00f3n amorosa con<strong>&nbsp;Locho<\/strong>&nbsp;y de su debut sobre las tablas.<\/p>\n\n\n\n<p><strong>\u2014\u00bfC\u00f3mo est\u00e1s despu\u00e9s de la operaci\u00f3n?<\/strong><\/p>\n\n\n\n<p>\u2014Estoy bien, fue una intervenci\u00f3n por un n\u00f3dulo mamario que me ten\u00eda que sacar. Debo tener cuidado, pero ya me dieron el alta m\u00e9dica y vuelvo al teatro.<\/p>\n\n\n\n<p><strong>\u2014\u00bfQu\u00e9 sent\u00eds al protagonizar una comedia en Carlos Paz?<\/strong><\/p>\n\n\n\n<p>\u2014Me encanta. Desde chiquita me gust\u00f3 hacer teatro y es la primera vez que me subo a un escenario en Carlos Paz. Me renueva la energ\u00eda y me da mucha satisfacci\u00f3n. Despu\u00e9s de la funci\u00f3n, saludamos a la gente que nos espera y nos sacamos fotos. Por lo general, me siento alegre y salimos a comer. Despu\u00e9s de cenar s\u00ed me baja el cansancio.<\/p>\n\n\n\n<p><strong>\u2014\u00bfC\u00f3mo es trabajar y vivir con Locho?<\/strong><\/p>\n\n\n\n<p>\u2014Me gusta. Me siento acompa\u00f1ada, tengo un c\u00f3mplice, un compa\u00f1ero al que amo y me encanta compartir mi vida con \u00e9l. Con&nbsp;<strong>Locho<\/strong>&nbsp;somos muy distintos, pero nos llevamos bien en la convivencia y en el trabajo. Yo soy muy tranquila, muy relajada, me gusta tomar sol en silencio y \u00e9l necesita estar haciendo algo constantemente, es m\u00e1s ansioso. En cuanto a la alimentaci\u00f3n, tengo que respetar todas las comidas y \u00e9l hace ayunos intermitentes largos. Tenemos h\u00e1bitos diferentes, pero nos respetamos. En la trama de la obra nuestros personajes tienen una historia y nos enamoramos. Si tuvimos alg\u00fan roce por algo durante el d\u00eda, en el escenario limamos las asperezas y nos amigamos (risas).<\/p>\n\n\n\n<p><strong>\u2014Qu\u00e9 bueno que puedan coordinar el trabajo con la relaci\u00f3n y que todo fluya.<\/strong><\/p>\n\n\n\n<p>\u2014Es un regalo. Nosotros aceptamos hacer esta comedia porque est\u00e1bamos los dos y nos pareci\u00f3 divertido trabajar juntos. Adem\u00e1s, a nuestros seguidores le gusta vernos sobre el escenario contando una historia de amor, aunque sea distinta a la verdadera.<\/p>\n\n\n\n<p><strong>\u2014\u00bfQu\u00e9 sent\u00eds al subirte al escenario?<\/strong><\/p>\n\n\n\n<p>\u2014Al principio me generaba nervios hasta ensayar. En la primera funci\u00f3n vino mi familia al teatro y sent\u00ed m\u00e1s responsabilidad. Despu\u00e9s de la tercera funci\u00f3n me relaj\u00e9. Por supuesto que siento un cosquilleo antes de cada funci\u00f3n y me pregunto si el p\u00fablico se va a re\u00edr o no, pero ya me siento m\u00e1s tranquila y segura.<\/p>\n\n\n\n<p><strong>\u2014\u00bfEs dif\u00edcil hacer una comedia?<\/strong><\/p>\n\n\n\n<p>\u2014Es un desaf\u00edo, en especial al estar acompa\u00f1ada por figuras que tiene trayectoria como<strong>&nbsp;Miguel \u00c1ngel Rodr\u00edguez, Laura Novoa, Sof\u00eda Pachano, Fabio Di Tomaso y Klaudio Condor.<\/strong>&nbsp;Es todo un reto estar a la altura de las circunstancias, por eso con&nbsp;<strong>Locho&nbsp;<\/strong>trabajamos mucho. Estamos orgullosos del producto que hacemos.&nbsp;<strong>Patricia Palmer&nbsp;<\/strong>nos dirigi\u00f3 y ensayamos un mont\u00f3n. El trabajo fue muy fino porque siempre buscamos mejorar la obra para que el producto guste. Obviamente hasta que no lo prob\u00e1s en el escenario, no sab\u00e9s, pero la gente se va feliz. Nos gusta hacerlo porque sentimos que damos un mont\u00f3n y no le estamos robando la plata a nadie, eso es fundamental.<\/p>\n\n\n\n<p><strong>\u2014\u00bfC\u00f3mo viene la venta de entradas al teatro?<\/strong><\/p>\n\n\n\n<p>\u2014Cada vez mejor. La primera quincena de enero cost\u00f3 un poco porque hay p\u00fablico que no puede gastar tanto. Sin embargo, todos los d\u00edas tenemos m\u00e1s gente. Adem\u00e1s es una cartelera muy competitiva, con<strong>&nbsp;Pedro Alfonso&nbsp;<\/strong>que est\u00e1 hace a\u00f1os en la Villa de Carlos Paz. En las calles no tenemos publicidad porque los carteles ya estaban todos ocupados. Entonces hay un trabajo muy fino, que es el boca a boca.<\/p>\n\n\n\n<p><strong>\u2014Tuviste mucha exposici\u00f3n cuando participaste en&nbsp;<em>El Hotel de los Famosos.<\/em>&nbsp;<\/strong><strong>\u00bfC\u00f3mo viv\u00eds esta etapa de gran popularidad?<\/strong><\/p>\n\n\n\n<p>\u2014Trabajo desde hace muchos a\u00f1os en el medio y fui dando pasitos escal\u00f3n por escal\u00f3n. El \u00e9xito del reality hizo que me conociera m\u00e1s gente, pero desde otro lugar, no por el lado profesional que opina sobre un tema o cuenta una noticia, sino por el lado personal, con mis emociones. Como consecuencia muchos se identificaron conmigo. Adem\u00e1s ah\u00ed comenz\u00f3 nuestra amistad con Locho, entonces las personas fueron testigos de nuestra historia de amor.<\/p>\n\n\n\n<p><strong>\u2014\u00bfEst\u00e1s viendo la segunda temporada del reality?<\/strong><\/p>\n\n\n\n<p>\u2014S\u00ed, porque est\u00e1 mi hermano<strong>&nbsp;Juan<\/strong>. Me dio mucha nostalgia verlo, porque la pas\u00e9 muy bien ah\u00ed adentro.<\/p>\n\n\n\n<p><strong>\u2014\u00bfTe dio pena enterarte de que pasaron el programa a la franja de la tarde porque no le pod\u00eda ganar a&nbsp;<em>Gran Hermano?<\/em><\/strong><\/p>\n\n\n\n<p><em>\u2014Gran Hermano<\/em><strong>&nbsp;<\/strong>est\u00e1 a la cabeza y cualquier competencia que le ponen al frente lo choca. S\u00e9 el trabajo que implica hacer&nbsp;<em>El Hotel&#8230;&nbsp;<\/em>porque lo viv\u00ed. Queda en Ca\u00f1uelas y los productores tienen que ir todos los d\u00edas. Ellos trabajan bajo el sol o con mucho fr\u00edo. Hay un enorme trabajo de edici\u00f3n y es una s\u00faper producci\u00f3n. Me dio tristeza que haya quedado bajo el ala de<em>&nbsp;Gran Hermano.<\/em><\/p>\n\n\n\n<p><strong><em>\u2014<\/em><\/strong><strong>Con tu hermano se gener\u00f3 una pol\u00e9mica y qued\u00f3 afuera del programa.<\/strong><\/p>\n\n\n\n<p><em>\u2014<\/em>Eso todav\u00eda no se vio al aire, pero ya lo van a ver. No puedo&nbsp;<em>spoilear.<\/em>&nbsp;Se dijeron cosas que no eran, pero no fue nada grave. Es un reality y son las reglas del juego. Mi hermano est\u00e1 bien, \u00e9l es una excelente persona. Adem\u00e1s con algunos de sus compa\u00f1eros de reality se fueron de vacaciones a Mar del Plata.<\/p>\n\n\n\n<p><strong><em>\u2014<\/em><\/strong><strong>\u00bfCu\u00e1ndo vuelvan a Buenos Aires van a apostar a la convivencia con Locho?<\/strong><\/p>\n\n\n\n<p><em>\u2014<\/em>No. La convivencia en Carlos Paz la tomamos como parte del trabajo, pero no s\u00e9 si estamos listos para convivir en Buenos Aires. Ser\u00e1 una consecuencia de c\u00f3mo vamos llevando la relaci\u00f3n. Nosotros vamos paso a paso, nos conocimos en el reality, en momentos muy sensibles y nos contuvimos mutuamente. En esa oportunidad, nos pregunt\u00e1bamos por qu\u00e9 el resto no nos quer\u00eda tanto. Jam\u00e1s nos hubi\u00e9semos imaginado hacer una obra juntos. Estamos de novios desde junio y aunque todo fue muy intenso, todav\u00eda no nos planteamos vivir juntos. Por el momento, en Carlos Paz es una prueba de fuego, donde nos estamos conociendo m\u00e1s, aprendiendo el uno del otro.<\/p>\n","protected":false},"excerpt":{"rendered":"<p>En una entrevista con Teleshow desde Carlos Paz, la periodista habl\u00f3 de su debut teatral con su pareja en la obra El Hostel de los Millones. Adem\u00e1s, se refiri\u00f3 a&hellip; <\/p>\n","protected":false},"author":7,"featured_media":36849,"comment_status":"closed","ping_status":"open","sticky":false,"template":"","format":"standard","meta":{"footnotes":""},"categories":[19],"tags":[],"class_list":["post-36848","post","type-post","status-publish","format-standard","has-post-thumbnail","hentry","category-espectaculos"],"_links":{"self":[{"href":"https:\/\/corrientesdetarde.com\/index.php\/wp-json\/wp\/v2\/posts\/36848","targetHints":{"allow":["GET"]}}],"collection":[{"href":"https:\/\/corrientesdetarde.com\/index.php\/wp-json\/wp\/v2\/posts"}],"about":[{"href":"https:\/\/corrientesdetarde.com\/index.php\/wp-json\/wp\/v2\/types\/post"}],"author":[{"embeddable":true,"href":"https:\/\/corrientesdetarde.com\/index.php\/wp-json\/wp\/v2\/users\/7"}],"replies":[{"embeddable":true,"href":"https:\/\/corrientesdetarde.com\/index.php\/wp-json\/wp\/v2\/comments?post=36848"}],"version-history":[{"count":1,"href":"https:\/\/corrientesdetarde.com\/index.php\/wp-json\/wp\/v2\/posts\/36848\/revisions"}],"predecessor-version":[{"id":36850,"href":"https:\/\/corrientesdetarde.com\/index.php\/wp-json\/wp\/v2\/posts\/36848\/revisions\/36850"}],"wp:featuredmedia":[{"embeddable":true,"href":"https:\/\/corrientesdetarde.com\/index.php\/wp-json\/wp\/v2\/media\/36849"}],"wp:attachment":[{"href":"https:\/\/corrientesdetarde.com\/index.php\/wp-json\/wp\/v2\/media?parent=36848"}],"wp:term":[{"taxonomy":"category","embeddable":true,"href":"https:\/\/corrientesdetarde.com\/index.php\/wp-json\/wp\/v2\/categories?post=36848"},{"taxonomy":"post_tag","embeddable":true,"href":"https:\/\/corrientesdetarde.com\/index.php\/wp-json\/wp\/v2\/tags?post=36848"}],"curies":[{"name":"wp","href":"https:\/\/api.w.org\/{rel}","templated":true}]}}