{"id":36861,"date":"2023-02-01T09:13:03","date_gmt":"2023-02-01T12:13:03","guid":{"rendered":"https:\/\/corrientesdetarde.com\/?p=36861"},"modified":"2023-02-01T09:13:04","modified_gmt":"2023-02-01T12:13:04","slug":"la-poblacion-de-corrientes-supero-a-la-de-chaco-por-primera-vez-en-mas-de-70-anos","status":"publish","type":"post","link":"https:\/\/corrientesdetarde.com\/index.php\/locales\/la-poblacion-de-corrientes-supero-a-la-de-chaco-por-primera-vez-en-mas-de-70-anos\/","title":{"rendered":"La poblaci\u00f3n de Corrientes super\u00f3 a la de Chaco por primera vez en m\u00e1s de 70 a\u00f1oS"},"content":{"rendered":"\n<p>El Gobierno Nacional dio a conocer los primeros datos del Censo realizado durante 2022.<\/p>\n\n\n\n<p>Los primeros datos del Censo realizado en 2022 fueron dados a conocer por el Gobierno Nacional. Seg\u00fan lo informado, la provincia de Corrientes cuenta con 1.197.553 habitantes, superando a la provincia vecina de Chaco que cuenta con 1.142.963 habitantes.<\/p>\n\n\n\n<p>La \u00faltima vez que Corrientes hab\u00eda superado a Chaco en cantidad de habitantes hab\u00eda sido en el a\u00f1o 1947.<\/p>\n\n\n\n<p>En cuanto a los datos sobre Argentina, se inform\u00f3 que el pa\u00eds cuenta con 46.044.703, de los cuales el 51,76% son mujeres, 48,22% hombres y 0,22% no binarios.<\/p>\n","protected":false},"excerpt":{"rendered":"<p>El Gobierno Nacional dio a conocer los primeros datos del Censo realizado durante 2022. Los primeros datos del Censo realizado en 2022 fueron dados a conocer por el Gobierno Nacional.&hellip; <\/p>\n","protected":false},"author":4,"featured_media":36862,"comment_status":"closed","ping_status":"open","sticky":false,"template":"","format":"standard","meta":{"footnotes":""},"categories":[8],"tags":[],"class_list":["post-36861","post","type-post","status-publish","format-standard","has-post-thumbnail","hentry","category-locales"],"_links":{"self":[{"href":"https:\/\/corrientesdetarde.com\/index.php\/wp-json\/wp\/v2\/posts\/36861","targetHints":{"allow":["GET"]}}],"collection":[{"href":"https:\/\/corrientesdetarde.com\/index.php\/wp-json\/wp\/v2\/posts"}],"about":[{"href":"https:\/\/corrientesdetarde.com\/index.php\/wp-json\/wp\/v2\/types\/post"}],"author":[{"embeddable":true,"href":"https:\/\/corrientesdetarde.com\/index.php\/wp-json\/wp\/v2\/users\/4"}],"replies":[{"embeddable":true,"href":"https:\/\/corrientesdetarde.com\/index.php\/wp-json\/wp\/v2\/comments?post=36861"}],"version-history":[{"count":1,"href":"https:\/\/corrientesdetarde.com\/index.php\/wp-json\/wp\/v2\/posts\/36861\/revisions"}],"predecessor-version":[{"id":36866,"href":"https:\/\/corrientesdetarde.com\/index.php\/wp-json\/wp\/v2\/posts\/36861\/revisions\/36866"}],"wp:featuredmedia":[{"embeddable":true,"href":"https:\/\/corrientesdetarde.com\/index.php\/wp-json\/wp\/v2\/media\/36862"}],"wp:attachment":[{"href":"https:\/\/corrientesdetarde.com\/index.php\/wp-json\/wp\/v2\/media?parent=36861"}],"wp:term":[{"taxonomy":"category","embeddable":true,"href":"https:\/\/corrientesdetarde.com\/index.php\/wp-json\/wp\/v2\/categories?post=36861"},{"taxonomy":"post_tag","embeddable":true,"href":"https:\/\/corrientesdetarde.com\/index.php\/wp-json\/wp\/v2\/tags?post=36861"}],"curies":[{"name":"wp","href":"https:\/\/api.w.org\/{rel}","templated":true}]}}