{"id":36871,"date":"2023-02-01T09:18:37","date_gmt":"2023-02-01T12:18:37","guid":{"rendered":"https:\/\/corrientesdetarde.com\/?p=36871"},"modified":"2023-02-01T09:18:42","modified_gmt":"2023-02-01T12:18:42","slug":"el-debate-al-aire-de-andy-kusnetzoff-y-maria-odonnell-por-la-entrevista-a-messi","status":"publish","type":"post","link":"https:\/\/corrientesdetarde.com\/index.php\/espectaculos\/el-debate-al-aire-de-andy-kusnetzoff-y-maria-odonnell-por-la-entrevista-a-messi\/","title":{"rendered":"<strong>El debate al aire de Andy Kusnetzoff y Mar\u00eda O\u2019Donnell por la entrevista a Messi<\/strong>"},"content":{"rendered":"\n<p>Ambos conductores se refirieron al reportaje en el pase entre los programas que cada uno encabeza en Urbana Play<\/p>\n\n\n\n<p>La entrevista que&nbsp;<strong>Andy Kusnetzoff&nbsp;<\/strong>le realiz\u00f3 d\u00edas atr\u00e1s a&nbsp;<strong>Lionel Messi&nbsp;<\/strong>en su casa de Par\u00eds, y que este lunes por la ma\u00f1ana pudo verse en&nbsp;<strong>Urbana Play<\/strong>, sigue dando que hablar. Y a la pol\u00e9mica en las redes por las preguntas y el tono que eligi\u00f3 el conductor de&nbsp;<strong><em>Perros de la calle&nbsp;<\/em><\/strong>(arranc\u00f3 la nota ley\u00e9ndole al&nbsp;<em>10&nbsp;<\/em>una carta de su autor\u00eda), se le sum\u00f3 un entredicho que el propio Andy mantuvo con&nbsp;<strong>Mar\u00eda O\u2019Donnell<\/strong>, compa\u00f1era suya en la emisora.<\/p>\n\n\n\n<p>Sucedi\u00f3 en el cl\u00e1sico pase entre los equipos de ambos programas, cuando O\u2019Donnell le entrega la posta al aire a Kusnetzoff. El reportaje exclusivo, el primero que el crack de la Selecci\u00f3n concede desde que se consagr\u00f3 en el Mundial de Qatar, era el gran tema a abordar, claro. Entonces, comenzaron las consultas.<\/p>\n\n\n\n<p><strong>O\u2019Donnell<\/strong>: \u2014\u00bfMessi vive en las afueras de Par\u00eds?<\/p>\n\n\n\n<p><strong>Kusnetzoff<\/strong>: \u2014No s\u00e9 nada. Me llevaron con los ojos vendados. Y aparec\u00ed en la puerta.<\/p>\n\n\n\n<p><strong>O\u2019Donnell<\/strong>: \u2014\u00bfQu\u00e9? \u00bfNo pod\u00e9s decir?<\/p>\n\n\n\n<p><strong>Kusnetzoff<\/strong>: \u2014No. No lo s\u00e9: fui con los ojos vendados.<\/p>\n\n\n\n<p><strong>O\u2019Donnell<\/strong>: \u2014Dale&#8230;<\/p>\n\n\n\n<p><strong>Kusnetzoff<\/strong>: \u2014No s\u00e9 d\u00f3nde est\u00e1, Mar\u00eda. No s\u00e9 d\u00f3nde est\u00e1&#8230;<\/p>\n\n\n\n<p>Entre las risas de todos en el estudio y la sonrisa de Mar\u00eda, Andy se rasca la cara, mostrando cierta incomodidad. El di\u00e1logo sigue. \u201cVi vi\u00f1edos. Probablemente sea Burdeos\u201d, dijo, desentendido. El periodista deportivo&nbsp;<strong>Guido Bercovich<\/strong>, del equipo O\u2019Donnell, aport\u00f3 su consulta: \u201c\u00bf(Messi) te invit\u00f3 con algo? \u00bfUn vaso de algo&#8230;?\u201d.<\/p>\n\n\n\n<p><strong>Kusnetzoff<\/strong>: \u2014S\u00ed. Eso lo cont\u00e9. Hab\u00eda un mont\u00f3n, pero nadie quiso tomar nada y nos fuimos. Qued\u00f3 todo impecable. Para m\u00ed va a todo al freezer y lo vuelve a sacar y nadie toca nunca nada, \u00bfentend\u00e9s? (Risas). Por ah\u00ed son de pl\u00e1stico, porque saben que nadie toca nada, pero tienen que estar.<\/p>\n\n\n\n<p><strong>O\u2019Donnell<\/strong>: \u2014Pero&#8230; eh&#8230; \u00bfel entorno es el padre?<\/p>\n\n\n\n<p>Fue entonces cuando el tono de Andy, mut\u00f3.<\/p>\n\n\n\n<p><strong>Kusnetzoff<\/strong>: \u2014No s\u00e9, Mar\u00eda. Mar\u00eda, no quiero responderte nada. Te soy sincero: con todo cari\u00f1o, con amor, con la confianza que tenemos, que me parece que es un mont\u00f3n, no quiero responder ninguna pregunta tuya&#8230;<\/p>\n\n\n\n<p><strong>O\u2019Donnell<\/strong>: \u2014\u00a1Mir\u00e1&#8230;!<\/p>\n\n\n\n<p><strong>Kusnetzoff<\/strong>: \u2014&#8230;porque ya s\u00e9 todas cu\u00e1les son.<\/p>\n\n\n\n<p><strong>O\u2019Donnell<\/strong>: \u2014Me parece que es alguien sobre cuyo entorno se sabe muy poco. \u00bfEs el padre quien le maneja todo?<\/p>\n\n\n\n<p>La periodista continu\u00f3 el di\u00e1logo con Bercovich, respecto a qui\u00e9nes rodean a Messi. La tensi\u00f3n al aire aminor\u00f3 por varios segundos. Hasta que Andy se reincorpor\u00f3 al micr\u00f3fono.<\/p>\n\n\n\n<p><strong>Kusnetzoff<\/strong>: \u2014\u00bfC\u00f3mo est\u00e1n tus cosas, Mar\u00eda? \u00bfQu\u00e9 tal tu fin de semana?<\/p>\n\n\n\n<p><strong>O\u2019Donnell<\/strong>: \u2014Bien, gracias.<\/p>\n\n\n\n<p><strong>Kusnetzoff<\/strong>: \u2014Bueno, eso es importante&#8230; \u00bfC\u00f3mo es el entorno de Mar\u00eda?<\/p>\n\n\n\n<p><strong>O\u2019Donnell<\/strong>&nbsp;no pag\u00f3 con la misma moneda y respondi\u00f3: \u2014Bueno, b\u00e1sicamente, mis hijas.<\/p>\n\n\n\n<p>El di\u00e1logo entre ambos equipos volvi\u00f3 a distenderse, perdi\u00e9ndose en otros t\u00f3picos. Las risas continuaron. Hasta que Andy quiso obtener precisiones sobre una an\u00e9cdota de Mar\u00eda en Brasil:<\/p>\n\n\n\n<p><strong>Kusnetzoff<\/strong>: \u2014\u00bfCu\u00e1ndo fue Mar\u00eda eso?<\/p>\n\n\n\n<p><strong>O\u2019Donnell<\/strong>: \u2014Vos no me contest\u00e1s preguntas a m\u00ed \u00a1sobre Messi!<\/p>\n\n\n\n<p><strong>Kusnetzoff<\/strong>: \u2014No s\u00e9 nada. La palabra entorno, no s\u00e9 lo que es.<\/p>\n\n\n\n<p><strong>O\u2019Donnell<\/strong>: \u2014\u201dGente que trabaja para&#8230;\u201d.<\/p>\n\n\n\n<p><strong>Kusnetzoff<\/strong>: \u2014Ah, bueh, no sab\u00eda.<\/p>\n\n\n\n<p><strong>O\u2019Donnell<\/strong>: \u2014(Firme) Okey. No s\u00e9 nada. No me acuerdo.<\/p>\n\n\n\n<p>M\u00e1s risas en el estudio. Y entonces O\u2019Donnell le lanz\u00f3 un reproche a Bercovich, su columnista de deportes: \u201c\u00bfVos para qu\u00e9 equipo jug\u00e1s? Dice Bilardo: la pelota se la pas\u00e1s a uno que tiene la camiseta de tu mismo color\u201d. \u201cYo soy de&nbsp;<em>Perros de la calle<\/em>\u201d. Silencio al aire. Y Kusnetzoff que dice, para las risas generales: \u201cEso a Mar\u00eda le duele m\u00e1s que nada\u201d. Un instante despu\u00e9s, concluy\u00f3 el pase.<\/p>\n\n\n\n<p>Ya en la tanda pero con la c\u00e1mara encendida, se ve que Andy se acerca a Mar\u00eda. Gesticula, intercambian palabras. Se desconoce qu\u00e9 se dijeron.<\/p>\n\n\n\n<p><strong>Las cr\u00edticas<\/strong><\/p>\n\n\n\n<p>Todo hab\u00eda arrancado minutos antes cuando O\u2019Donnell vio entrar al estudio a su compa\u00f1ero de emisora y lo present\u00f3 con alegr\u00eda: \u201cVan llegando los&nbsp;<em>perros<\/em>, haciendo pata ancha con lo que fue ayer el reportaje con Leo Messi\u201d. \u201c\u00a1\u00bfC\u00f3mo est\u00e1s, Mar\u00eda?!\u201d, salud\u00f3 Andy. \u201cViste que despu\u00e9s de un suceso extraordinario es dif\u00edcil mantener la adrenalina al d\u00eda siguiente\u201d, reconoci\u00f3 ella. \u201cPero tambi\u00e9n, termin\u00e1s agotado\u201d, contest\u00f3 \u00e9l. \u201c\u00bfTuviste alguna repercusi\u00f3n de Messi?\u201d. \u201cCreo que todo bien. Yo ya no s\u00e9 si \u00e9l ve todo\u201d. \u201c\u00bfLo conoc\u00edas personalmente?\u201d. \u201c\u00bfA Leo? S\u00ed, s\u00ed\u201d.<\/p>\n\n\n\n<p>Luego de que la ex&nbsp;<strong><em>Masterchef Celebrity<\/em><\/strong>&nbsp;destacara la repercusi\u00f3n del reportaje, el conductor de&nbsp;<strong><em>PH&nbsp;<\/em><\/strong>se refiri\u00f3 a las cr\u00edticas. \u201cCada uno elige el titular que quiere. Lo que yo fui a hacer no fue futbol\u00edstico, que para eso hay otra gente que seguramente en breve veremos, hay una nota por salir, pero lo que yo fui a hacer, es lo que hice. Entonces, estoy contento\u201d, confes\u00f3.<\/p>\n\n\n\n<p>\u201cLa carta que le le\u00ed, fue con mucho cuidado. Dije: \u2018Lo hago al final para que no digan que iba a hablar de m\u00ed&#8217;. Igual, lo pueden decir, obviamente. S\u00e9 que es pol\u00e9mico, como todo lo que sale de la norma. Pero banco lo que ten\u00eda que decir. Uno tiene que hacer lo que uno cree, lo mejor posible. Y explot\u00f3. Se fue de las manos. El streaming, una cosa de locos\u201d, sostuvo Kusnetzoff. Y justo despu\u00e9s, lleg\u00f3 la pregunta: \u201c\u00bfMessi vive en las afueras de Par\u00eds?\u201d.<\/p>\n","protected":false},"excerpt":{"rendered":"<p>Ambos conductores se refirieron al reportaje en el pase entre los programas que cada uno encabeza en Urbana Play La entrevista que&nbsp;Andy Kusnetzoff&nbsp;le realiz\u00f3 d\u00edas atr\u00e1s a&nbsp;Lionel Messi&nbsp;en su casa&hellip; <\/p>\n","protected":false},"author":7,"featured_media":36872,"comment_status":"closed","ping_status":"open","sticky":false,"template":"","format":"standard","meta":{"footnotes":""},"categories":[19],"tags":[],"class_list":["post-36871","post","type-post","status-publish","format-standard","has-post-thumbnail","hentry","category-espectaculos"],"_links":{"self":[{"href":"https:\/\/corrientesdetarde.com\/index.php\/wp-json\/wp\/v2\/posts\/36871","targetHints":{"allow":["GET"]}}],"collection":[{"href":"https:\/\/corrientesdetarde.com\/index.php\/wp-json\/wp\/v2\/posts"}],"about":[{"href":"https:\/\/corrientesdetarde.com\/index.php\/wp-json\/wp\/v2\/types\/post"}],"author":[{"embeddable":true,"href":"https:\/\/corrientesdetarde.com\/index.php\/wp-json\/wp\/v2\/users\/7"}],"replies":[{"embeddable":true,"href":"https:\/\/corrientesdetarde.com\/index.php\/wp-json\/wp\/v2\/comments?post=36871"}],"version-history":[{"count":1,"href":"https:\/\/corrientesdetarde.com\/index.php\/wp-json\/wp\/v2\/posts\/36871\/revisions"}],"predecessor-version":[{"id":36873,"href":"https:\/\/corrientesdetarde.com\/index.php\/wp-json\/wp\/v2\/posts\/36871\/revisions\/36873"}],"wp:featuredmedia":[{"embeddable":true,"href":"https:\/\/corrientesdetarde.com\/index.php\/wp-json\/wp\/v2\/media\/36872"}],"wp:attachment":[{"href":"https:\/\/corrientesdetarde.com\/index.php\/wp-json\/wp\/v2\/media?parent=36871"}],"wp:term":[{"taxonomy":"category","embeddable":true,"href":"https:\/\/corrientesdetarde.com\/index.php\/wp-json\/wp\/v2\/categories?post=36871"},{"taxonomy":"post_tag","embeddable":true,"href":"https:\/\/corrientesdetarde.com\/index.php\/wp-json\/wp\/v2\/tags?post=36871"}],"curies":[{"name":"wp","href":"https:\/\/api.w.org\/{rel}","templated":true}]}}