{"id":36957,"date":"2023-02-01T16:20:39","date_gmt":"2023-02-01T19:20:39","guid":{"rendered":"https:\/\/corrientesdetarde.com\/?p=36957"},"modified":"2023-02-01T16:20:41","modified_gmt":"2023-02-01T19:20:41","slug":"tras-la-cumbre-del-fdt-massa-busca-calmar-la-interna-oficialista-y-aclara-que-no-sera-candidato","status":"publish","type":"post","link":"https:\/\/corrientesdetarde.com\/index.php\/politica\/tras-la-cumbre-del-fdt-massa-busca-calmar-la-interna-oficialista-y-aclara-que-no-sera-candidato\/","title":{"rendered":"Tras la cumbre del FDT, Massa busca calmar la interna oficialista y aclara que no ser\u00e1 candidato"},"content":{"rendered":"\n<p>El ministro de Econom\u00eda se\u00f1al\u00f3 que ser\u00eda incompatible ser titular del Palacio de Hacienda y en simult\u00e1neo competir en las elecciones presidenciales.<\/p>\n\n\n\n<p><strong>\u201cUnidad para ganar\u201d,<\/strong>\u00a0fue una de las m\u00e1ximas que plante\u00f3 el ministro de Econom\u00eda,\u00a0Sergio Massa\u00a0en la cumbre del\u00a0Frente de Todos\u00a0en Merlo para avanzar en la estrategia electoral en la provincia de Buenos Aires.<\/p>\n\n\n\n<p>Asistieron a la reuni\u00f3n algunos de los principales l\u00edderes del oficialismo a excepci\u00f3n nada menos que el presidente y titular del PJ nacional,\u00a0<strong>Alberto Fern\u00e1ndez,<\/strong>\u00a0marginado en medio de las\u00a0<strong>tormentas internas\u00a0<\/strong>en la coalici\u00f3n kirchnerista.<\/p>\n\n\n\n<p>El l\u00edder del Frente Renovador volvi\u00f3 a repetir en privado, hasta el cansancio, que&nbsp;<strong>no ser\u00e1 candidato<\/strong>&nbsp;en las elecciones presidenciales. Argument\u00f3 que&nbsp;<strong>no cree que sea compatible<\/strong>&nbsp;ser ministro de Econom\u00eda y, al mismo tiempo, competir por la sucesi\u00f3n de Alberto Fern\u00e1ndez. Le baj\u00f3 el tono a los enfrentamientos internos, e hizo eje en la gesti\u00f3n.<\/p>\n\n\n\n<p>En la cumbre del oficialismo bonaerense el expresidente de la C\u00e1mara de diputados puso sobre la mesa la necesidad de lograr la unidad para tratar de ganar las elecciones. Hizo adem\u00e1s un panorama de la situaci\u00f3n de la oposici\u00f3n, habl\u00f3 de&nbsp;<strong>falta de liderazgo,<\/strong>&nbsp;dispersi\u00f3n y de lo que denomin\u00f3 \u201cpropuestas de dolor que fracasaron\u201d. Los intendentes que asistieron a la reuni\u00f3n le agradecieron a Massa que busque&nbsp;<strong>mediar&nbsp;<\/strong>en la interna y cierto \u201corden\u201d econ\u00f3mico.<\/p>\n\n\n\n<h2 class=\"wp-block-heading\">Mesa rectangular, asado y buen clima en la reuni\u00f3n de la tropa K en Merlo<\/h2>\n\n\n\n<p>En la reuni\u00f3n de parte de la c\u00fapula del Frente de Todos en el conurbano bonaerense los popes K se sentaron alrededor de una mesa rectangular, ocupada en el medio por los principales dirigentes, Massa, el ministro del Interior, Eduardo &#8220;Wado&#8221; De Pedro<strong>,<\/strong>\u00a0el l\u00edder de La C\u00e1mpora y jefe del PJ bonaerense, M\u00e1ximo Kirchner<strong>,<\/strong>\u00a0y la titular de la C\u00e1mara de diputados, la massista\u00a0Cecilia Moreau,\u00a0Adem\u00e1s del gobernador bonaerense,\u00a0<strong>Axel Kicillof,<\/strong>\u00a0el jefe de Gabinete de la provincia de Buenos Aires,\u00a0<strong>Mart\u00edn Insaurralde,<\/strong>\u00a0y los intendentes.<\/p>\n\n\n\n<p>Los asistentes comieron asado con ensalada mixta, y aseguran que hubo buen clima pese a los fuertes conflictos en el Gobierno. Adem\u00e1s de Massa expusieron Kicillof y M\u00e1ximo Kirchner, en una cumbre en la que hubo elogios para los logros de Massa al frente del Ministerio de Econom\u00eda.<\/p>\n\n\n\n<h2 class=\"wp-block-heading\">Se\u00f1al para el kirchnerismo duro: en dos semanas el Gobierno convocar\u00eda a la mesa pol\u00edtica<\/h2>\n\n\n\n<p>En 15 d\u00edas el Gobierno reunir\u00eda a la mesa pol\u00edtica\u00a0del Frente de Todos, una de las puntas de lanza del kirchnerismo duro, en especial de\u00a0<strong>La Campora,\u00a0<\/strong>como anticip\u00f3<strong>\u00a0TN.\u00a0<\/strong>La convocatoria, una cesi\u00f3n del Presidente, ser\u00eda a partir de un acuerdo entre Alberto Fern\u00e1ndez, la vice,\u00a0Cristina Kirchner\u00a0y Massa.<\/p>\n\n\n\n<p>La lectura pol\u00edtica de la cumbre del Frente de Todos es que el Presidente entiende que est\u00e1 en soledad, en su \u00faltimo a\u00f1o mandato, que la reuni\u00f3n de los caciques kirchneristas fue para evidenciar esa situaci\u00f3n, y que la mesa pol\u00edtica ser\u00e1 para organizar el frente electoral del oficialismo, las candidaturas para las presidenciales.<\/p>\n","protected":false},"excerpt":{"rendered":"<p>El ministro de Econom\u00eda se\u00f1al\u00f3 que ser\u00eda incompatible ser titular del Palacio de Hacienda y en simult\u00e1neo competir en las elecciones presidenciales. \u201cUnidad para ganar\u201d,\u00a0fue una de las m\u00e1ximas que&hellip; <\/p>\n","protected":false},"author":8,"featured_media":36958,"comment_status":"closed","ping_status":"open","sticky":false,"template":"","format":"standard","meta":{"footnotes":""},"categories":[3],"tags":[],"class_list":["post-36957","post","type-post","status-publish","format-standard","has-post-thumbnail","hentry","category-politica"],"_links":{"self":[{"href":"https:\/\/corrientesdetarde.com\/index.php\/wp-json\/wp\/v2\/posts\/36957","targetHints":{"allow":["GET"]}}],"collection":[{"href":"https:\/\/corrientesdetarde.com\/index.php\/wp-json\/wp\/v2\/posts"}],"about":[{"href":"https:\/\/corrientesdetarde.com\/index.php\/wp-json\/wp\/v2\/types\/post"}],"author":[{"embeddable":true,"href":"https:\/\/corrientesdetarde.com\/index.php\/wp-json\/wp\/v2\/users\/8"}],"replies":[{"embeddable":true,"href":"https:\/\/corrientesdetarde.com\/index.php\/wp-json\/wp\/v2\/comments?post=36957"}],"version-history":[{"count":1,"href":"https:\/\/corrientesdetarde.com\/index.php\/wp-json\/wp\/v2\/posts\/36957\/revisions"}],"predecessor-version":[{"id":36959,"href":"https:\/\/corrientesdetarde.com\/index.php\/wp-json\/wp\/v2\/posts\/36957\/revisions\/36959"}],"wp:featuredmedia":[{"embeddable":true,"href":"https:\/\/corrientesdetarde.com\/index.php\/wp-json\/wp\/v2\/media\/36958"}],"wp:attachment":[{"href":"https:\/\/corrientesdetarde.com\/index.php\/wp-json\/wp\/v2\/media?parent=36957"}],"wp:term":[{"taxonomy":"category","embeddable":true,"href":"https:\/\/corrientesdetarde.com\/index.php\/wp-json\/wp\/v2\/categories?post=36957"},{"taxonomy":"post_tag","embeddable":true,"href":"https:\/\/corrientesdetarde.com\/index.php\/wp-json\/wp\/v2\/tags?post=36957"}],"curies":[{"name":"wp","href":"https:\/\/api.w.org\/{rel}","templated":true}]}}