{"id":37059,"date":"2023-02-01T20:17:20","date_gmt":"2023-02-01T23:17:20","guid":{"rendered":"https:\/\/corrientesdetarde.com\/?p=37059"},"modified":"2023-02-01T20:17:23","modified_gmt":"2023-02-01T23:17:23","slug":"mas-de-580-focos-igneos-se-combatieron-en-la-provincia-de-corrientes-durante-enero","status":"publish","type":"post","link":"https:\/\/corrientesdetarde.com\/index.php\/medio-ambiente\/mas-de-580-focos-igneos-se-combatieron-en-la-provincia-de-corrientes-durante-enero\/","title":{"rendered":"M\u00e1s de 580 focos \u00edgneos se combatieron en la provincia de Corrientes durante enero"},"content":{"rendered":"\n<p>Por otra parte destac\u00f3 que &#8220;el \u00edndice de riesgo de fuego sigue aumentando acompa\u00f1ado por la extrema sequ\u00eda. Para este mes de febrero el panorama puede ser peor y con un d\u00e9ficit de precipitaci\u00f3n. La humedad ronda por debajo de los 29%&#8221;.<\/p>\n\n\n\n<figure class=\"wp-block-embed is-type-rich is-provider-twitter wp-block-embed-twitter\"><div class=\"wp-block-embed__wrapper\">\n<blockquote class=\"twitter-tweet\" data-width=\"550\" data-dnt=\"true\"><p lang=\"es\" dir=\"ltr\">Imagen a\u00e9rea de los incendios en zonas del Portal Carambola en Ibera, <a href=\"https:\/\/twitter.com\/hashtag\/Corrientes?src=hash&amp;ref_src=twsrc%5Etfw\">#Corrientes<\/a>. Desde principio y fines de Enero la provincia de Corrientes combati\u00f3 m\u00e1s de 580 foco igneo. Gran parte de los incendios se dan en ba\u00f1ados y esteros zonas de dif\u00edcil de acceder. <a href=\"https:\/\/t.co\/yVp0fJeQp4\">pic.twitter.com\/yVp0fJeQp4<\/a><\/p>&mdash; LuisMart\u00ednez Ambientalista (@AMBLUISM) <a href=\"https:\/\/twitter.com\/AMBLUISM\/status\/1620831051139653633?ref_src=twsrc%5Etfw\">February 1, 2023<\/a><\/blockquote><script async src=\"https:\/\/platform.twitter.com\/widgets.js\" charset=\"utf-8\"><\/script>\n<\/div><figcaption><br><\/figcaption><\/figure>\n\n\n\n<p>El portal Carambola cerrado<\/p>\n\n\n\n<p>Uno de los accesos a los Esteros est\u00e1 inhabilitado por tiempo indeterminado. El fuego se origin\u00f3 en diciembre y, pese a los trabajos de brigadistas, contin\u00faa activo. Hasta el momento, no lleg\u00f3 a afectar a la fauna.&nbsp;<\/p>\n\n\n\n<p>&#8220;La situaci\u00f3n ahora hace imposible la continuidad de la utilizaci\u00f3n del parque para paseos, lo cual lleva a la Direcci\u00f3n a tomar esta determinaci\u00f3n, a la espera de que se pueda controlar este foco y que se pueda generar una lluvia lo suficientemente fuerte para ayudar al trabajo que se viene realizando&#8221;, expresa el comunicado que emiti\u00f3 el organismo. &nbsp;<\/p>\n\n\n\n<p>&#8220;Este incendio viene desde hace un mes y no se va a apagar hasta que no llueva.\u2008Se est\u00e1 haciendo imposible por la seca, adem\u00e1s provoca una gran humareda&#8221;, indic\u00f3 Vicente Fraga, director de Parques y Reservas.<\/p>\n\n\n\n<p>La situaci\u00f3n se torna dif\u00edcil de controlar debido al gran alcance del fuego y las condiciones del tiempo que no ayudan. &#8220;Hay viento y salta una chispa y ya se prende en otro lado.\u2008El fuego es impredecible&#8221;, coment\u00f3.&nbsp;<\/p>\n\n\n\n<p>Las llamas invaden el lugar desde el 19 de diciembre.\u2008El fuego se origin\u00f3 en el paraje \u00d1u Py y avanza hasta llegar hoy a cercan\u00edas del puerto Juli Cu\u00e9, desde donde se realiza la largada de los paseos que se ofrecen en el portal Carambola, seg\u00fan informaron desde el parque.&nbsp;<\/p>\n\n\n\n<p>En el lugar se encuentran trabajando brigadistas de Parques Nacionales, la Fundaci\u00f3n Rewilding y los guardaparques de la Direcci\u00f3n de Parques y Reservas.&nbsp;<\/p>\n\n\n\n<p>Hasta el momento, la fauna no se vio afectada, pero temen que los recursos naturales de la zona corran peligro. Los dem\u00e1s portales del parque Iber\u00e1 funcionan con normalidad, pero el \u00fanico habilitado para el ingreso del turismo es el de la laguna Iber\u00e1, en Colonia Carlos Pellegrini.&nbsp;<\/p>\n","protected":false},"excerpt":{"rendered":"<p>Por otra parte destac\u00f3 que &#8220;el \u00edndice de riesgo de fuego sigue aumentando acompa\u00f1ado por la extrema sequ\u00eda. Para este mes de febrero el panorama puede ser peor y con&hellip; <\/p>\n","protected":false},"author":1,"featured_media":37065,"comment_status":"closed","ping_status":"open","sticky":false,"template":"","format":"standard","meta":{"footnotes":""},"categories":[6],"tags":[],"class_list":["post-37059","post","type-post","status-publish","format-standard","has-post-thumbnail","hentry","category-medio-ambiente"],"_links":{"self":[{"href":"https:\/\/corrientesdetarde.com\/index.php\/wp-json\/wp\/v2\/posts\/37059","targetHints":{"allow":["GET"]}}],"collection":[{"href":"https:\/\/corrientesdetarde.com\/index.php\/wp-json\/wp\/v2\/posts"}],"about":[{"href":"https:\/\/corrientesdetarde.com\/index.php\/wp-json\/wp\/v2\/types\/post"}],"author":[{"embeddable":true,"href":"https:\/\/corrientesdetarde.com\/index.php\/wp-json\/wp\/v2\/users\/1"}],"replies":[{"embeddable":true,"href":"https:\/\/corrientesdetarde.com\/index.php\/wp-json\/wp\/v2\/comments?post=37059"}],"version-history":[{"count":1,"href":"https:\/\/corrientesdetarde.com\/index.php\/wp-json\/wp\/v2\/posts\/37059\/revisions"}],"predecessor-version":[{"id":37067,"href":"https:\/\/corrientesdetarde.com\/index.php\/wp-json\/wp\/v2\/posts\/37059\/revisions\/37067"}],"wp:featuredmedia":[{"embeddable":true,"href":"https:\/\/corrientesdetarde.com\/index.php\/wp-json\/wp\/v2\/media\/37065"}],"wp:attachment":[{"href":"https:\/\/corrientesdetarde.com\/index.php\/wp-json\/wp\/v2\/media?parent=37059"}],"wp:term":[{"taxonomy":"category","embeddable":true,"href":"https:\/\/corrientesdetarde.com\/index.php\/wp-json\/wp\/v2\/categories?post=37059"},{"taxonomy":"post_tag","embeddable":true,"href":"https:\/\/corrientesdetarde.com\/index.php\/wp-json\/wp\/v2\/tags?post=37059"}],"curies":[{"name":"wp","href":"https:\/\/api.w.org\/{rel}","templated":true}]}}