{"id":37084,"date":"2023-02-01T23:03:53","date_gmt":"2023-02-02T02:03:53","guid":{"rendered":"https:\/\/corrientesdetarde.com\/?p=37084"},"modified":"2023-02-01T23:03:56","modified_gmt":"2023-02-02T02:03:56","slug":"enzo-fernandez-poso-por-primera-vez-con-la-camiseta-del-chelsea-y-revelo-el-numero-que-usara","status":"publish","type":"post","link":"https:\/\/corrientesdetarde.com\/index.php\/deportes\/enzo-fernandez-poso-por-primera-vez-con-la-camiseta-del-chelsea-y-revelo-el-numero-que-usara\/","title":{"rendered":"Enzo Fern\u00e1ndez pos\u00f3 por primera vez con la camiseta del Chelsea y revel\u00f3 el n\u00famero que usar\u00e1"},"content":{"rendered":"\n<p>El campe\u00f3n del mundo con la Selecci\u00f3n argentina, Enzo Fern\u00e1ndez, se convirti\u00f3 en refuerzo del Chelsea de Inglaterra este martes en el cierre del mercado de pases. El jugador viaj\u00f3 en un vuelo privado desde Portugal para finalizar la compra y ser presentado por el club.<\/p>\n\n\n\n<p>Los Blues compartieron en su p\u00e1gina oficial una foto del argentino con la camiseta n\u00famero cinco que usar\u00e1 durante la temporada. El joven de 22 a\u00f1os firm\u00f3 con el equipo ingl\u00e9s hasta junio de 2031.<\/p>\n\n\n\n<p>El argentino se convirti\u00f3 en el jugador m\u00e1s caro a nivel argentino e ingl\u00e9s luego de que el equipo de la Premier League pagara 121 millones de euros por \u00e9l. Adem\u00e1s, qued\u00f3 sexto a nivel mundial por debajo de Neymar, Mbapp\u00e9, Coutinho, Dembel\u00e9 y Jo\u00e3o F\u00e9lix.<\/p>\n\n\n\n<p><br><strong>El comunicado del Chelsea tras la incorporaci\u00f3n de Enzo Fern\u00e1ndez<\/strong><\/p>\n\n\n\n<p>&#8220;El mediocampista central, que se uni\u00f3 a nosotros procedente del gigante portugu\u00e9s Benfica, lleg\u00f3 hoy a Cobham para tomar las fotos oficiales de presentaci\u00f3n y reunirse con el personal en nuestra base de entrenamiento.<\/p>\n\n\n\n<p>Ha firmado un contrato hasta junio de 2031 y lucir\u00e1 la camiseta n\u00famero 5 que us\u00f3 anteriormente Jorginho, quien parti\u00f3 al Arsenal el d\u00eda de la fecha l\u00edmite.<\/p>\n\n\n\n<p>Cuando protagoniz\u00f3 la Copa del Mundo de Argentina, us\u00f3 la camiseta n\u00famero 24, que est\u00e1 ocupada por el graduado de Cobham, Reece James , aqu\u00ed en el oeste de Londres.<\/p>\n\n\n\n<p><strong>Enzo Fern\u00e1ndez se despidi\u00f3 del Benfica con un duro pase de factura y viaja para firmar con Chelsea<\/strong><\/p>\n\n\n\n<p>&#8220;Muito obrigado Benfiquistas. Quer\u00edamos agradecer junto a mi familia por todo el cari\u00f1o recibido en estos 5 meses, soy un agradecido a Dios por haberme dado la oportunidad de jugar para uno de los clubes mas grande del mundo, donde disfrute cada momento al m\u00e1ximo y di lo mejor de m\u00ed siempre.<\/p>\n\n\n\n<p>Que la prensa no manche lo que construimos juntos por qu\u00e9 fue algo maravilloso que nunca me lo hab\u00eda imaginado.<\/p>\n\n\n\n<p>Gracias a todos los colaboradores que trabajan demasiado para que la instituci\u00f3n sea much\u00edsimo m\u00e1s grande de lo que es, Gracias a mis compa\u00f1eros por haberme tratado siempre de la mejor manera y hacerme sentir como en casa.<\/p>\n\n\n\n<p>Agradecido con la dirigencia del club y especialmente a Roger Smicht, a todo su staff de trabajo por la confianza y el respeto diario, fui muy feliz. GRACIAS Benfica los llevar\u00e9 siempre en mi coraz\u00f3n&#8221;.<\/p>\n","protected":false},"excerpt":{"rendered":"<p>El campe\u00f3n del mundo con la Selecci\u00f3n argentina, Enzo Fern\u00e1ndez, se convirti\u00f3 en refuerzo del Chelsea de Inglaterra este martes en el cierre del mercado de pases. El jugador viaj\u00f3&hellip; <\/p>\n","protected":false},"author":1,"featured_media":37089,"comment_status":"closed","ping_status":"open","sticky":false,"template":"","format":"standard","meta":{"footnotes":""},"categories":[4],"tags":[],"class_list":["post-37084","post","type-post","status-publish","format-standard","has-post-thumbnail","hentry","category-deportes"],"_links":{"self":[{"href":"https:\/\/corrientesdetarde.com\/index.php\/wp-json\/wp\/v2\/posts\/37084","targetHints":{"allow":["GET"]}}],"collection":[{"href":"https:\/\/corrientesdetarde.com\/index.php\/wp-json\/wp\/v2\/posts"}],"about":[{"href":"https:\/\/corrientesdetarde.com\/index.php\/wp-json\/wp\/v2\/types\/post"}],"author":[{"embeddable":true,"href":"https:\/\/corrientesdetarde.com\/index.php\/wp-json\/wp\/v2\/users\/1"}],"replies":[{"embeddable":true,"href":"https:\/\/corrientesdetarde.com\/index.php\/wp-json\/wp\/v2\/comments?post=37084"}],"version-history":[{"count":1,"href":"https:\/\/corrientesdetarde.com\/index.php\/wp-json\/wp\/v2\/posts\/37084\/revisions"}],"predecessor-version":[{"id":37092,"href":"https:\/\/corrientesdetarde.com\/index.php\/wp-json\/wp\/v2\/posts\/37084\/revisions\/37092"}],"wp:featuredmedia":[{"embeddable":true,"href":"https:\/\/corrientesdetarde.com\/index.php\/wp-json\/wp\/v2\/media\/37089"}],"wp:attachment":[{"href":"https:\/\/corrientesdetarde.com\/index.php\/wp-json\/wp\/v2\/media?parent=37084"}],"wp:term":[{"taxonomy":"category","embeddable":true,"href":"https:\/\/corrientesdetarde.com\/index.php\/wp-json\/wp\/v2\/categories?post=37084"},{"taxonomy":"post_tag","embeddable":true,"href":"https:\/\/corrientesdetarde.com\/index.php\/wp-json\/wp\/v2\/tags?post=37084"}],"curies":[{"name":"wp","href":"https:\/\/api.w.org\/{rel}","templated":true}]}}