{"id":37086,"date":"2023-02-01T22:03:25","date_gmt":"2023-02-02T01:03:25","guid":{"rendered":"https:\/\/corrientesdetarde.com\/?p=37086"},"modified":"2023-02-01T22:03:29","modified_gmt":"2023-02-02T01:03:29","slug":"robo-al-cementerio","status":"publish","type":"post","link":"https:\/\/corrientesdetarde.com\/index.php\/crimen-y-justicia\/robo-al-cementerio\/","title":{"rendered":"Robo al cementerio"},"content":{"rendered":"\n<p>Personal Policial  es alertado por un empleado del cementerio San Juan Bautista, quien habr\u00eda visualizado,  accionar de dos personas, deambulando por los distintos sectores del cementerio, ante el requerimiento y solicitud de la presencia de los mismos, procedieron a emprender su huida del lugar.<br>Ante la premura del caso se logr\u00f3 la demora e identificaci\u00f3n de estos sujetos; ambos mayores de edad identificados con los apellidos G\u00f3mez y Estigarribia, respectivamente; En una mochila propiedad de los demorados fueron hallados, placas de bronce y porta flores pertenecientes a los panteones del mencionado camposanto.<br>Los demorados, fueron trasladado-por razones de jurisdicci\u00f3n-; a la Comisar\u00eda 2da. Urbana, donde continua con los tramites del caso.<\/p>\n","protected":false},"excerpt":{"rendered":"<p>Personal Policial es alertado por un empleado del cementerio San Juan Bautista, quien habr\u00eda visualizado, accionar de dos personas, deambulando por los distintos sectores del cementerio, ante el requerimiento y&hellip; <\/p>\n","protected":false},"author":1,"featured_media":37087,"comment_status":"closed","ping_status":"open","sticky":false,"template":"","format":"standard","meta":{"footnotes":""},"categories":[5],"tags":[],"class_list":["post-37086","post","type-post","status-publish","format-standard","has-post-thumbnail","hentry","category-crimen-y-justicia"],"_links":{"self":[{"href":"https:\/\/corrientesdetarde.com\/index.php\/wp-json\/wp\/v2\/posts\/37086","targetHints":{"allow":["GET"]}}],"collection":[{"href":"https:\/\/corrientesdetarde.com\/index.php\/wp-json\/wp\/v2\/posts"}],"about":[{"href":"https:\/\/corrientesdetarde.com\/index.php\/wp-json\/wp\/v2\/types\/post"}],"author":[{"embeddable":true,"href":"https:\/\/corrientesdetarde.com\/index.php\/wp-json\/wp\/v2\/users\/1"}],"replies":[{"embeddable":true,"href":"https:\/\/corrientesdetarde.com\/index.php\/wp-json\/wp\/v2\/comments?post=37086"}],"version-history":[{"count":1,"href":"https:\/\/corrientesdetarde.com\/index.php\/wp-json\/wp\/v2\/posts\/37086\/revisions"}],"predecessor-version":[{"id":37090,"href":"https:\/\/corrientesdetarde.com\/index.php\/wp-json\/wp\/v2\/posts\/37086\/revisions\/37090"}],"wp:featuredmedia":[{"embeddable":true,"href":"https:\/\/corrientesdetarde.com\/index.php\/wp-json\/wp\/v2\/media\/37087"}],"wp:attachment":[{"href":"https:\/\/corrientesdetarde.com\/index.php\/wp-json\/wp\/v2\/media?parent=37086"}],"wp:term":[{"taxonomy":"category","embeddable":true,"href":"https:\/\/corrientesdetarde.com\/index.php\/wp-json\/wp\/v2\/categories?post=37086"},{"taxonomy":"post_tag","embeddable":true,"href":"https:\/\/corrientesdetarde.com\/index.php\/wp-json\/wp\/v2\/tags?post=37086"}],"curies":[{"name":"wp","href":"https:\/\/api.w.org\/{rel}","templated":true}]}}