{"id":37101,"date":"2023-02-02T10:10:21","date_gmt":"2023-02-02T13:10:21","guid":{"rendered":"https:\/\/corrientesdetarde.com\/?p=37101"},"modified":"2023-02-02T10:10:24","modified_gmt":"2023-02-02T13:10:24","slug":"preso-denunciado-por-violacion-dani-alves-pedira-la-libertad-provisional","status":"publish","type":"post","link":"https:\/\/corrientesdetarde.com\/index.php\/internacionales\/preso-denunciado-por-violacion-dani-alves-pedira-la-libertad-provisional\/","title":{"rendered":"Preso denunciado por violaci\u00f3n, Dani Alves pedir\u00e1 la libertad provisional"},"content":{"rendered":"\n<p>La defensa del futbolista brasile\u00f1o Dani Alves presentar\u00e1 hoy un recurso de apelaci\u00f3n en la justicia de Barcelona para pedir la libertad provisional, al cumplirse un mes del hecho sucedido en una discoteca de esa ciudad, investigado como presunta agresi\u00f3n sexual contra una joven de 23 a\u00f1os.<\/p>\n\n\n\n<p>El nuevo abogado de Dani Alves solicitar\u00e1 ese beneficio mediante un largo escrito, seg\u00fan adelant\u00f3 el diario La Vanguardia.<\/p>\n\n\n\n<p>El estudio encabezado por Crist\u00f3bal Martell, quien trabaj\u00f3 con Lionel Messi en 2013, propondr\u00e1, entre otras cosas, que Dani Alves utilice una pulsera electr\u00f3nica para garantizar su permanencia en Barcelona durante lo que dure el proceso penal.<\/p>\n\n\n\n<p>Seg\u00fan informaci\u00f3n que revelaron distintos medios espa\u00f1oles, Dani Alves jug\u00f3 un partido de f\u00fatbol en la c\u00e1rcel y habr\u00eda dicho que aceptar\u00e1 &#8220;lo que venga&#8221;. Est\u00e1 preso desde el pasado 20 de enero acusado de agredir sexualmente a la mujer que lo denunci\u00f3.<\/p>\n","protected":false},"excerpt":{"rendered":"<p>La defensa del futbolista brasile\u00f1o Dani Alves presentar\u00e1 hoy un recurso de apelaci\u00f3n en la justicia de Barcelona para pedir la libertad provisional, al cumplirse un mes del hecho sucedido&hellip; <\/p>\n","protected":false},"author":4,"featured_media":37140,"comment_status":"closed","ping_status":"open","sticky":false,"template":"","format":"standard","meta":{"footnotes":""},"categories":[11],"tags":[],"class_list":["post-37101","post","type-post","status-publish","format-standard","has-post-thumbnail","hentry","category-internacionales"],"_links":{"self":[{"href":"https:\/\/corrientesdetarde.com\/index.php\/wp-json\/wp\/v2\/posts\/37101","targetHints":{"allow":["GET"]}}],"collection":[{"href":"https:\/\/corrientesdetarde.com\/index.php\/wp-json\/wp\/v2\/posts"}],"about":[{"href":"https:\/\/corrientesdetarde.com\/index.php\/wp-json\/wp\/v2\/types\/post"}],"author":[{"embeddable":true,"href":"https:\/\/corrientesdetarde.com\/index.php\/wp-json\/wp\/v2\/users\/4"}],"replies":[{"embeddable":true,"href":"https:\/\/corrientesdetarde.com\/index.php\/wp-json\/wp\/v2\/comments?post=37101"}],"version-history":[{"count":1,"href":"https:\/\/corrientesdetarde.com\/index.php\/wp-json\/wp\/v2\/posts\/37101\/revisions"}],"predecessor-version":[{"id":37141,"href":"https:\/\/corrientesdetarde.com\/index.php\/wp-json\/wp\/v2\/posts\/37101\/revisions\/37141"}],"wp:featuredmedia":[{"embeddable":true,"href":"https:\/\/corrientesdetarde.com\/index.php\/wp-json\/wp\/v2\/media\/37140"}],"wp:attachment":[{"href":"https:\/\/corrientesdetarde.com\/index.php\/wp-json\/wp\/v2\/media?parent=37101"}],"wp:term":[{"taxonomy":"category","embeddable":true,"href":"https:\/\/corrientesdetarde.com\/index.php\/wp-json\/wp\/v2\/categories?post=37101"},{"taxonomy":"post_tag","embeddable":true,"href":"https:\/\/corrientesdetarde.com\/index.php\/wp-json\/wp\/v2\/tags?post=37101"}],"curies":[{"name":"wp","href":"https:\/\/api.w.org\/{rel}","templated":true}]}}