{"id":37105,"date":"2023-02-02T08:14:07","date_gmt":"2023-02-02T11:14:07","guid":{"rendered":"https:\/\/corrientesdetarde.com\/?p=37105"},"modified":"2023-02-02T08:14:10","modified_gmt":"2023-02-02T11:14:10","slug":"alerta-por-altas-temperaturas-el-tiempo-este-jueves-2-de-febrero-en-corrientes","status":"publish","type":"post","link":"https:\/\/corrientesdetarde.com\/index.php\/clima\/alerta-por-altas-temperaturas-el-tiempo-este-jueves-2-de-febrero-en-corrientes\/","title":{"rendered":"Alerta por altas temperaturas: el tiempo este jueves 2 de febrero en Corrientes"},"content":{"rendered":"\n<p>Se espera una m\u00e1xima de 37 \u00b0C por la siesta y tarde. Para la noche hay probabilidad de chaparrones.<\/p>\n\n\n\n<p>Por la ma\u00f1ana se espera que la temperatura alcance los 26 \u00b0C, con cielo mayormente nublado y viento leve del Noroeste de entre 13 y 22 km\/h.<\/p>\n\n\n\n<p>Por la tarde, la m\u00e1xima del d\u00eda llegar\u00e1 a los 34 \u00b0C, con cielo mayormente nublado y viento del Suroeste de entre 23 y 31 km\/h.<\/p>\n\n\n\n<p>Por la noche, la temperatura ser\u00e1 de 25 \u00b0C, con probabilidad de chaparrones y viento leve del Norte de entre 13 y 22 km\/h.<\/p>\n\n\n\n<h2 class=\"wp-block-heading\">Alerta por altas temperaturas para Corrientes<\/h2>\n\n\n\n<p>El Servicio Meteorol\u00f3gico Nacional emiti\u00f3&nbsp;<strong>alerta amarillo<\/strong>&nbsp;&nbsp;para toda la provincia de Corrientes en la jornada de este jueves.<\/p>\n\n\n\n<p>El nivel amarillo puede tener efecto leve a moderado en la salud. Las temperaturas pueden ser peligrosas, sobre todo para los grupos de riesgo, como ni\u00f1os y ni\u00f1as, personas mayores de 65 a\u00f1os, con enfermedades cr\u00f3nicas.<\/p>\n","protected":false},"excerpt":{"rendered":"<p>Se espera una m\u00e1xima de 37 \u00b0C por la siesta y tarde. Para la noche hay probabilidad de chaparrones. Por la ma\u00f1ana se espera que la temperatura alcance los 26&hellip; <\/p>\n","protected":false},"author":4,"featured_media":37109,"comment_status":"closed","ping_status":"open","sticky":false,"template":"","format":"standard","meta":{"footnotes":""},"categories":[29],"tags":[],"class_list":["post-37105","post","type-post","status-publish","format-standard","has-post-thumbnail","hentry","category-clima"],"_links":{"self":[{"href":"https:\/\/corrientesdetarde.com\/index.php\/wp-json\/wp\/v2\/posts\/37105","targetHints":{"allow":["GET"]}}],"collection":[{"href":"https:\/\/corrientesdetarde.com\/index.php\/wp-json\/wp\/v2\/posts"}],"about":[{"href":"https:\/\/corrientesdetarde.com\/index.php\/wp-json\/wp\/v2\/types\/post"}],"author":[{"embeddable":true,"href":"https:\/\/corrientesdetarde.com\/index.php\/wp-json\/wp\/v2\/users\/4"}],"replies":[{"embeddable":true,"href":"https:\/\/corrientesdetarde.com\/index.php\/wp-json\/wp\/v2\/comments?post=37105"}],"version-history":[{"count":1,"href":"https:\/\/corrientesdetarde.com\/index.php\/wp-json\/wp\/v2\/posts\/37105\/revisions"}],"predecessor-version":[{"id":37110,"href":"https:\/\/corrientesdetarde.com\/index.php\/wp-json\/wp\/v2\/posts\/37105\/revisions\/37110"}],"wp:featuredmedia":[{"embeddable":true,"href":"https:\/\/corrientesdetarde.com\/index.php\/wp-json\/wp\/v2\/media\/37109"}],"wp:attachment":[{"href":"https:\/\/corrientesdetarde.com\/index.php\/wp-json\/wp\/v2\/media?parent=37105"}],"wp:term":[{"taxonomy":"category","embeddable":true,"href":"https:\/\/corrientesdetarde.com\/index.php\/wp-json\/wp\/v2\/categories?post=37105"},{"taxonomy":"post_tag","embeddable":true,"href":"https:\/\/corrientesdetarde.com\/index.php\/wp-json\/wp\/v2\/tags?post=37105"}],"curies":[{"name":"wp","href":"https:\/\/api.w.org\/{rel}","templated":true}]}}