{"id":37111,"date":"2023-02-02T08:24:49","date_gmt":"2023-02-02T11:24:49","guid":{"rendered":"https:\/\/corrientesdetarde.com\/?p=37111"},"modified":"2023-02-02T08:24:51","modified_gmt":"2023-02-02T11:24:51","slug":"una-mujer-recibio-un-balazo-en-la-cara-durante-un-asalto-en-su-casa","status":"publish","type":"post","link":"https:\/\/corrientesdetarde.com\/index.php\/crimen-y-justicia\/una-mujer-recibio-un-balazo-en-la-cara-durante-un-asalto-en-su-casa\/","title":{"rendered":"Una mujer recibi\u00f3 un balazo en la cara durante un asalto en su casa"},"content":{"rendered":"\n<p>Las v\u00edctimas dorm\u00edan cuando fueron sorprendidas por un delincuente armado y con fines de robo. La mujer qued\u00f3 internada estable y con pron\u00f3stico reservado.<\/p>\n\n\n\n<p>Una mujer de 31 a\u00f1os result\u00f3 herida de un balazo en el rostro al ser asaltada por un delincuente en su vivienda de la localidad cordobesa de Malvinas Argentinas y por el hecho detuvieron a un sospechoso que se cree cometi\u00f3 otros dos robos, informaron hoy fuentes policiales.<\/p>\n\n\n\n<p>Todo comenz\u00f3 ayer en una casa ubicada en la calle C\u00f3rdoba al 600 de dicha localidad del departamento Col\u00f3n, en el sur de la provincia mediterr\u00e1nea, donde se encontraba la pareja propietaria del inmueble.<\/p>\n\n\n\n<p>Seg\u00fan las fuentes, las v\u00edctimas dorm\u00edan cuando fueron sorprendidas por un delincuente armado y con fines de robo.<\/p>\n\n\n\n<p>En esas circunstancias se produjo un forcejeo con el asaltante, a ra\u00edz de lo cual, la mujer due\u00f1a de casa recibi\u00f3 un balazo en un p\u00f3mulo.<\/p>\n\n\n\n<p>Tras el disparo, el ladr\u00f3n se apoder\u00f3 de un celular y escap\u00f3, mientras que la mujer fue trasladada hasta el Hospital C\u00f3rdoba, de la capital cordobesa, donde qued\u00f3 internada estable y con pron\u00f3stico reservado.<\/p>\n\n\n\n<p>En tanto, horas despu\u00e9s, la Polic\u00eda local detuvo a un hombre de 36 a\u00f1os que se cree que luego de balear a la mujer cometi\u00f3 otros dos robos en la v\u00eda p\u00fablica, y a quien le secuestraron un arma de fuego.<\/p>\n\n\n\n<p>El detenido qued\u00f3 a disposici\u00f3n del fiscal de instrucci\u00f3n, Iv\u00e1n Rodr\u00edguez, quien lo acus\u00f3 de &#8220;robo calificado y lesiones graves por el uso de arma de fuego&#8221;.<\/p>\n","protected":false},"excerpt":{"rendered":"<p>Las v\u00edctimas dorm\u00edan cuando fueron sorprendidas por un delincuente armado y con fines de robo. La mujer qued\u00f3 internada estable y con pron\u00f3stico reservado. Una mujer de 31 a\u00f1os result\u00f3&hellip; <\/p>\n","protected":false},"author":4,"featured_media":37112,"comment_status":"closed","ping_status":"open","sticky":false,"template":"","format":"standard","meta":{"footnotes":""},"categories":[5],"tags":[],"class_list":["post-37111","post","type-post","status-publish","format-standard","has-post-thumbnail","hentry","category-crimen-y-justicia"],"_links":{"self":[{"href":"https:\/\/corrientesdetarde.com\/index.php\/wp-json\/wp\/v2\/posts\/37111","targetHints":{"allow":["GET"]}}],"collection":[{"href":"https:\/\/corrientesdetarde.com\/index.php\/wp-json\/wp\/v2\/posts"}],"about":[{"href":"https:\/\/corrientesdetarde.com\/index.php\/wp-json\/wp\/v2\/types\/post"}],"author":[{"embeddable":true,"href":"https:\/\/corrientesdetarde.com\/index.php\/wp-json\/wp\/v2\/users\/4"}],"replies":[{"embeddable":true,"href":"https:\/\/corrientesdetarde.com\/index.php\/wp-json\/wp\/v2\/comments?post=37111"}],"version-history":[{"count":1,"href":"https:\/\/corrientesdetarde.com\/index.php\/wp-json\/wp\/v2\/posts\/37111\/revisions"}],"predecessor-version":[{"id":37113,"href":"https:\/\/corrientesdetarde.com\/index.php\/wp-json\/wp\/v2\/posts\/37111\/revisions\/37113"}],"wp:featuredmedia":[{"embeddable":true,"href":"https:\/\/corrientesdetarde.com\/index.php\/wp-json\/wp\/v2\/media\/37112"}],"wp:attachment":[{"href":"https:\/\/corrientesdetarde.com\/index.php\/wp-json\/wp\/v2\/media?parent=37111"}],"wp:term":[{"taxonomy":"category","embeddable":true,"href":"https:\/\/corrientesdetarde.com\/index.php\/wp-json\/wp\/v2\/categories?post=37111"},{"taxonomy":"post_tag","embeddable":true,"href":"https:\/\/corrientesdetarde.com\/index.php\/wp-json\/wp\/v2\/tags?post=37111"}],"curies":[{"name":"wp","href":"https:\/\/api.w.org\/{rel}","templated":true}]}}