{"id":37120,"date":"2023-02-02T08:56:44","date_gmt":"2023-02-02T11:56:44","guid":{"rendered":"https:\/\/corrientesdetarde.com\/?p=37120"},"modified":"2023-02-02T08:56:49","modified_gmt":"2023-02-02T11:56:49","slug":"detuvieron-a-una-pareja-robando-placas-en-el-cementerio","status":"publish","type":"post","link":"https:\/\/corrientesdetarde.com\/index.php\/crimen-y-justicia\/detuvieron-a-una-pareja-robando-placas-en-el-cementerio\/","title":{"rendered":"Detuvieron a una pareja robando placas en el cementerio"},"content":{"rendered":"\n<p>Los polic\u00edas fueron alertados por un empleado del lugar. Los sospechosos trataron de darse a la fuga.<\/p>\n\n\n\n<p>Un empleado del cementerio San Juan Bautista alert\u00f3 este mi\u00e9rcoles por la ma\u00f1ana a efectivos de la Polic\u00eda de Corrientes sobre dos personas que andaban deambulando por los distintos sectores del cementerio.<\/p>\n\n\n\n<p>El personal policial logr\u00f3 la demora e identificaci\u00f3n de estos sujetos, quienes trataron de darse a la fuga.<\/p>\n\n\n\n<p>Ambos fueron identificados con los apellidos G\u00f3mez y Estigarribia, respectivamente y en una mochila fueron halladas unas placas de bronce y porta flores pertenecientes a los panteones del lugar.<\/p>\n\n\n\n<figure class=\"wp-block-image\"><img decoding=\"async\" src=\"https:\/\/www.lt7noticias.com\/content\/bucket\/7\/41357w770h433c.jpg.webp\" alt=\"\"\/><\/figure>\n\n\n\n<p>Los demorados fueron trasladados a la Comisar\u00eda Segunda, donde continua con los tramites del caso.<\/p>\n","protected":false},"excerpt":{"rendered":"<p>Los polic\u00edas fueron alertados por un empleado del lugar. Los sospechosos trataron de darse a la fuga. Un empleado del cementerio San Juan Bautista alert\u00f3 este mi\u00e9rcoles por la ma\u00f1ana&hellip; <\/p>\n","protected":false},"author":4,"featured_media":37121,"comment_status":"closed","ping_status":"open","sticky":false,"template":"","format":"standard","meta":{"footnotes":""},"categories":[5],"tags":[],"class_list":["post-37120","post","type-post","status-publish","format-standard","has-post-thumbnail","hentry","category-crimen-y-justicia"],"_links":{"self":[{"href":"https:\/\/corrientesdetarde.com\/index.php\/wp-json\/wp\/v2\/posts\/37120","targetHints":{"allow":["GET"]}}],"collection":[{"href":"https:\/\/corrientesdetarde.com\/index.php\/wp-json\/wp\/v2\/posts"}],"about":[{"href":"https:\/\/corrientesdetarde.com\/index.php\/wp-json\/wp\/v2\/types\/post"}],"author":[{"embeddable":true,"href":"https:\/\/corrientesdetarde.com\/index.php\/wp-json\/wp\/v2\/users\/4"}],"replies":[{"embeddable":true,"href":"https:\/\/corrientesdetarde.com\/index.php\/wp-json\/wp\/v2\/comments?post=37120"}],"version-history":[{"count":1,"href":"https:\/\/corrientesdetarde.com\/index.php\/wp-json\/wp\/v2\/posts\/37120\/revisions"}],"predecessor-version":[{"id":37122,"href":"https:\/\/corrientesdetarde.com\/index.php\/wp-json\/wp\/v2\/posts\/37120\/revisions\/37122"}],"wp:featuredmedia":[{"embeddable":true,"href":"https:\/\/corrientesdetarde.com\/index.php\/wp-json\/wp\/v2\/media\/37121"}],"wp:attachment":[{"href":"https:\/\/corrientesdetarde.com\/index.php\/wp-json\/wp\/v2\/media?parent=37120"}],"wp:term":[{"taxonomy":"category","embeddable":true,"href":"https:\/\/corrientesdetarde.com\/index.php\/wp-json\/wp\/v2\/categories?post=37120"},{"taxonomy":"post_tag","embeddable":true,"href":"https:\/\/corrientesdetarde.com\/index.php\/wp-json\/wp\/v2\/tags?post=37120"}],"curies":[{"name":"wp","href":"https:\/\/api.w.org\/{rel}","templated":true}]}}