{"id":37123,"date":"2023-02-02T09:10:54","date_gmt":"2023-02-02T12:10:54","guid":{"rendered":"https:\/\/corrientesdetarde.com\/?p=37123"},"modified":"2023-02-02T09:10:57","modified_gmt":"2023-02-02T12:10:57","slug":"corrientes-lo-detuvieron-generando-disturbios-en-la-via-publica","status":"publish","type":"post","link":"https:\/\/corrientesdetarde.com\/index.php\/crimen-y-justicia\/corrientes-lo-detuvieron-generando-disturbios-en-la-via-publica\/","title":{"rendered":"Corrientes: lo detuvieron generando disturbios en la v\u00eda p\u00fablica"},"content":{"rendered":"\n<p>Ocurri\u00f3 en la ma\u00f1ana del mi\u00e9rcoles en la intersecci\u00f3n de Gutemberg y La Pampa.<\/p>\n\n\n\n<p>Durante la ma\u00f1ana del martes, efectivos del Destacamento San marcos, lograron la demora de una persona que estaba promoviendo desorden en la v\u00eda publica y molestando a transe\u00fantes en caercan\u00edas a la intersecci\u00f3n de Gutemberg y La Pampa.<\/p>\n\n\n\n<p>El procedimiento lo efectuaron cerca de las 11:40 horas, cuando lograron la demora y posterior identificaci\u00f3n de un sujeto de 19 a\u00f1os de edad.<\/p>\n\n\n\n<p>La persona demorada fue trasladada hasta la Comisaria S\u00e9ptima por razones de jurisdicci\u00f3n a fin de continuar con los tr\u00e1mites correspondientes del caso.<\/p>\n","protected":false},"excerpt":{"rendered":"<p>Ocurri\u00f3 en la ma\u00f1ana del mi\u00e9rcoles en la intersecci\u00f3n de Gutemberg y La Pampa. Durante la ma\u00f1ana del martes, efectivos del Destacamento San marcos, lograron la demora de una persona&hellip; <\/p>\n","protected":false},"author":4,"featured_media":37124,"comment_status":"closed","ping_status":"open","sticky":false,"template":"","format":"standard","meta":{"footnotes":""},"categories":[5],"tags":[],"class_list":["post-37123","post","type-post","status-publish","format-standard","has-post-thumbnail","hentry","category-crimen-y-justicia"],"_links":{"self":[{"href":"https:\/\/corrientesdetarde.com\/index.php\/wp-json\/wp\/v2\/posts\/37123","targetHints":{"allow":["GET"]}}],"collection":[{"href":"https:\/\/corrientesdetarde.com\/index.php\/wp-json\/wp\/v2\/posts"}],"about":[{"href":"https:\/\/corrientesdetarde.com\/index.php\/wp-json\/wp\/v2\/types\/post"}],"author":[{"embeddable":true,"href":"https:\/\/corrientesdetarde.com\/index.php\/wp-json\/wp\/v2\/users\/4"}],"replies":[{"embeddable":true,"href":"https:\/\/corrientesdetarde.com\/index.php\/wp-json\/wp\/v2\/comments?post=37123"}],"version-history":[{"count":1,"href":"https:\/\/corrientesdetarde.com\/index.php\/wp-json\/wp\/v2\/posts\/37123\/revisions"}],"predecessor-version":[{"id":37125,"href":"https:\/\/corrientesdetarde.com\/index.php\/wp-json\/wp\/v2\/posts\/37123\/revisions\/37125"}],"wp:featuredmedia":[{"embeddable":true,"href":"https:\/\/corrientesdetarde.com\/index.php\/wp-json\/wp\/v2\/media\/37124"}],"wp:attachment":[{"href":"https:\/\/corrientesdetarde.com\/index.php\/wp-json\/wp\/v2\/media?parent=37123"}],"wp:term":[{"taxonomy":"category","embeddable":true,"href":"https:\/\/corrientesdetarde.com\/index.php\/wp-json\/wp\/v2\/categories?post=37123"},{"taxonomy":"post_tag","embeddable":true,"href":"https:\/\/corrientesdetarde.com\/index.php\/wp-json\/wp\/v2\/tags?post=37123"}],"curies":[{"name":"wp","href":"https:\/\/api.w.org\/{rel}","templated":true}]}}