{"id":37131,"date":"2023-02-02T09:54:16","date_gmt":"2023-02-02T12:54:16","guid":{"rendered":"https:\/\/corrientesdetarde.com\/?p=37131"},"modified":"2023-02-02T09:54:18","modified_gmt":"2023-02-02T12:54:18","slug":"libres-uruguayana-podrian-limitar-el-transito-en-el-puente-a-causa-de-obras-pendientes","status":"publish","type":"post","link":"https:\/\/corrientesdetarde.com\/index.php\/locales\/libres-uruguayana-podrian-limitar-el-transito-en-el-puente-a-causa-de-obras-pendientes\/","title":{"rendered":"Libres -Uruguayana: podr\u00edan limitar el tr\u00e1nsito en el puente a causa de obras pendientes"},"content":{"rendered":"\n<p>Las autoridades de frontera de Argentina y Brasil se reunir\u00e1n la pr\u00f3xima semana para definir si habr\u00e1 modificaciones en el tr\u00e1nsito sobre el puente internacional.\u00a0<\/p>\n\n\n\n<p>Alberto Yard\u00edn, coordinador del Centro de Frontera en Paso de los Libres confirm\u00f3 que en la zona ya se registra un alivio respecto al flujo importante de turistas que transitaron por all\u00ed entre el viernes y el martes, en medio del recambio de mes y de quincena.<\/p>\n\n\n\n<p>A esto debe sumarse el tr\u00e1nsito vecinal fronterizo y el transporte de carga que a menudo circulan por la zona. Esto genera complicaciones en el lugar, por lo que se espera con ansias la inauguraci\u00f3n de las nuevas obras que permitir\u00e1n &#8220;que los tr\u00e1mites se realicen en cabina, por lo que los turistas ya no van a tener que bajar (de los veh\u00edculos).&#8221;<\/p>\n\n\n\n<p>Estas modificaciones, sin embargo, llevar\u00e1n su tiempo y a su vez los cambios implementar\u00e1n que si bien &#8220;ya no habr\u00e1 filas de personas habr\u00e1 filas de veh\u00edculos, por lo que estamos viendo como nos anticipamos para evitar el colapso de la ruta 117&#8221;, dijo a Punto de Referencia.<\/p>\n\n\n\n<p>&#8220;Estamos evaluando qu\u00e9 soluci\u00f3n le damos a este problema que se dar\u00e1 en la inauguraci\u00f3n de las obras&#8221;, se\u00f1al\u00f3.<\/p>\n\n\n\n<p>&nbsp;Vale remarcar que se trata de un paso por el que circula &#8220;un piso de 1000 camiones diarios&#8221; y se registran &#8220;unos 11 mil tr\u00e1mites diarios de entrada y salida&#8221;.<\/p>\n\n\n\n<p><strong>El estado del puente internacional<\/strong><\/p>\n\n\n\n<p>&#8220;El puente est\u00e1 dividido en tres partes, una de ellas corresponde a la empresa Caminos R\u00edo Uruguay. Se hicieron reparaciones moment\u00e1neas (debido al intenso tr\u00e1nsito en la zona)&#8221;, explic\u00f3 y agreg\u00f3 que se trata de una reparaci\u00f3n muy compleja y profunda. El puente est\u00e1 bien, el problema se encuentra en la etapa superior de la cinta asf\u00e1ltica&#8221;.<\/p>\n\n\n\n<p>A causa de ello, los primeros trabajos deber\u00edan licitarse reci\u00e9n concluida la temporada a causa de la gran demanda.<\/p>\n\n\n\n<p>Otra de las opciones que se eval\u00faan es limitar la circulaci\u00f3n y habilitar el tr\u00e1nsito sobre una sola mano, a lo que se suma el pedido desde el lado brasile\u00f1o de volver al esquema en que la circulaci\u00f3n est\u00e1 permitida cada media hora por lado.<\/p>\n\n\n\n<p>La pr\u00f3xima semana, las autoridades de ambos pa\u00edses se reunir\u00e1n para definir si se avanzar\u00e1 con un cambio en la modalidad.&nbsp;<\/p>\n","protected":false},"excerpt":{"rendered":"<p>Las autoridades de frontera de Argentina y Brasil se reunir\u00e1n la pr\u00f3xima semana para definir si habr\u00e1 modificaciones en el tr\u00e1nsito sobre el puente internacional.\u00a0 Alberto Yard\u00edn, coordinador del Centro&hellip; <\/p>\n","protected":false},"author":4,"featured_media":37132,"comment_status":"closed","ping_status":"open","sticky":false,"template":"","format":"standard","meta":{"footnotes":""},"categories":[8],"tags":[],"class_list":["post-37131","post","type-post","status-publish","format-standard","has-post-thumbnail","hentry","category-locales"],"_links":{"self":[{"href":"https:\/\/corrientesdetarde.com\/index.php\/wp-json\/wp\/v2\/posts\/37131","targetHints":{"allow":["GET"]}}],"collection":[{"href":"https:\/\/corrientesdetarde.com\/index.php\/wp-json\/wp\/v2\/posts"}],"about":[{"href":"https:\/\/corrientesdetarde.com\/index.php\/wp-json\/wp\/v2\/types\/post"}],"author":[{"embeddable":true,"href":"https:\/\/corrientesdetarde.com\/index.php\/wp-json\/wp\/v2\/users\/4"}],"replies":[{"embeddable":true,"href":"https:\/\/corrientesdetarde.com\/index.php\/wp-json\/wp\/v2\/comments?post=37131"}],"version-history":[{"count":1,"href":"https:\/\/corrientesdetarde.com\/index.php\/wp-json\/wp\/v2\/posts\/37131\/revisions"}],"predecessor-version":[{"id":37133,"href":"https:\/\/corrientesdetarde.com\/index.php\/wp-json\/wp\/v2\/posts\/37131\/revisions\/37133"}],"wp:featuredmedia":[{"embeddable":true,"href":"https:\/\/corrientesdetarde.com\/index.php\/wp-json\/wp\/v2\/media\/37132"}],"wp:attachment":[{"href":"https:\/\/corrientesdetarde.com\/index.php\/wp-json\/wp\/v2\/media?parent=37131"}],"wp:term":[{"taxonomy":"category","embeddable":true,"href":"https:\/\/corrientesdetarde.com\/index.php\/wp-json\/wp\/v2\/categories?post=37131"},{"taxonomy":"post_tag","embeddable":true,"href":"https:\/\/corrientesdetarde.com\/index.php\/wp-json\/wp\/v2\/tags?post=37131"}],"curies":[{"name":"wp","href":"https:\/\/api.w.org\/{rel}","templated":true}]}}