{"id":37145,"date":"2023-02-02T10:20:10","date_gmt":"2023-02-02T13:20:10","guid":{"rendered":"https:\/\/corrientesdetarde.com\/?p=37145"},"modified":"2023-02-02T10:25:16","modified_gmt":"2023-02-02T13:25:16","slug":"el-comunicado-de-la-asociacion-de-trabajadores-escenicos-por-el-cierre-del-teatro-vera","status":"publish","type":"post","link":"https:\/\/corrientesdetarde.com\/index.php\/cultura\/el-comunicado-de-la-asociacion-de-trabajadores-escenicos-por-el-cierre-del-teatro-vera\/","title":{"rendered":"El comunicado de la\u00a0Asociaci\u00f3n de Trabajadores Esc\u00e9nicos por el cierre del Teatro Vera"},"content":{"rendered":"\n<p>El presidente del Instituto de Cultura dio detalles de las obras y el motivo por el que no se abre el edificio&nbsp;desde el 2020.<\/p>\n\n\n\n<p>La Asociaci\u00f3n Civil de Trabajadores Esc\u00e9nicos de Corrientes expres\u00f3 en las \u00faltimas horas su preocupaci\u00f3n<strong>por el cierre del Teatro Juan de Vera<\/strong>. En ese marco, el presidente del Instituto de Cultura, Gabriel Romero, dio detalles de las obras que se realizan en el inmueble.&nbsp;<\/p>\n\n\n\n<p>En un comunicado, indicaron que el lugar&nbsp;&nbsp;<strong>est\u00e1 en refacci\u00f3n desde el 2020, lo que les impide promover la cultura y se efect\u00faen funciones.&nbsp;<\/strong><\/p>\n\n\n\n<p>&#8220;Es el \u00fanico escenario en la provincia<strong><\/strong>que<strong>&nbsp; puede albergar propuestas art\u00edsticas sobre todo de la danza y la comedia musical,<\/strong>con ciertas caracter\u00edsticas esc\u00e9nicas y fundamentalmente que requiera para su puesta las dimensiones que posee el escenario del Teatro Vera&#8221;, se\u00f1alaron.<\/p>\n\n\n\n<p>En ese sentido, indicaron que &#8220;en las grandes manifestaciones que promueve e impulsa la provincia (chamam\u00e9 y carnaval) incluye en su composici\u00f3n a bailarines, artistas locales que necesitan ese espacio para su crecimiento y la profesionalizaci\u00f3n de los mismos&#8221;.<\/p>\n\n\n\n<p><strong>&#8220;Este cierre tambi\u00e9n impide que se efect\u00faen funciones de danzas de espect\u00e1culos con un despliegue esc\u00e9nico&nbsp;<\/strong>y es sabido que para el desarrollo de todo artista no s\u00f3lo es fundamental efectuar presentaciones, sino tambi\u00e9n poder ver producciones que afiance su proceso de aprendizaje&#8221;, afirmaron desde la asociaci\u00f3n.<\/p>\n\n\n\n<p>A su vez, sostuvieron:&nbsp;&#8220;Vemos como se producen actos protocolares, ensayos y otras actividades, pero no el objetivo fundamental para el que fue creado, el de realizar funciones, mostrando, presentando y ofreciendo al p\u00fablico de la provincia y la regi\u00f3n espect\u00e1culos art\u00edsticos locales, regionales, provinciales e internacionales, teniendo en cuenta que es \u00fanico en su caracter\u00edstica en la regi\u00f3n NEA&#8221;.<\/p>\n\n\n\n<p><strong>RESPUESTA<\/strong><\/p>\n\n\n\n<p>El presidente del Instituto de Cultura, Gabriel Romero, respondi\u00f3 el comunicado y explic\u00f3 los motivos del cierre.&nbsp;<\/p>\n\n\n\n<p>&#8220;En estos tres a\u00f1os se realizaron<strong>obras muy importantes.<\/strong>&nbsp; Camarines individuales y colectivos nuevos&#8221;, dijo.<\/p>\n\n\n\n<p>Adem\u00e1s, resalt\u00f3 que se construyeron&nbsp;&nbsp;<strong>&#8220;dos salas de ensayos con ascensor y sanitarios nuevos para esas \u00e1reas&#8221;<\/strong>.<\/p>\n\n\n\n<p>Seg\u00fan Romero, en la actualidad&nbsp;<strong>&nbsp; &#8220;est\u00e1n en obra 2 bater\u00edas en 4 niveles de ba\u00f1os p\u00fablicos&#8221;.<\/strong><\/p>\n\n\n\n<p>Por otra parte, adelant\u00f3 que &#8220;en marzo se licita la reparaci\u00f3n de cubierta completa y restauraci\u00f3n de c\u00fapula y vamos a tramitar equipamiento escenot\u00e9cnico completo&#8221;.<\/p>\n\n\n\n<p>Entre tanto record\u00f3 que el<strong>edificio es de 1913 con restauraci\u00f3n en 2005<\/strong> y agreg\u00f3 que &#8220;nunca se hab\u00eda intervenido en camarines ni ba\u00f1os p\u00fablicos&#8221;.<\/p>\n","protected":false},"excerpt":{"rendered":"<p>El presidente del Instituto de Cultura dio detalles de las obras y el motivo por el que no se abre el edificio&nbsp;desde el 2020. La Asociaci\u00f3n Civil de Trabajadores Esc\u00e9nicos&hellip; <\/p>\n","protected":false},"author":4,"featured_media":37146,"comment_status":"closed","ping_status":"open","sticky":false,"template":"","format":"standard","meta":{"footnotes":""},"categories":[15],"tags":[],"class_list":["post-37145","post","type-post","status-publish","format-standard","has-post-thumbnail","hentry","category-cultura"],"_links":{"self":[{"href":"https:\/\/corrientesdetarde.com\/index.php\/wp-json\/wp\/v2\/posts\/37145","targetHints":{"allow":["GET"]}}],"collection":[{"href":"https:\/\/corrientesdetarde.com\/index.php\/wp-json\/wp\/v2\/posts"}],"about":[{"href":"https:\/\/corrientesdetarde.com\/index.php\/wp-json\/wp\/v2\/types\/post"}],"author":[{"embeddable":true,"href":"https:\/\/corrientesdetarde.com\/index.php\/wp-json\/wp\/v2\/users\/4"}],"replies":[{"embeddable":true,"href":"https:\/\/corrientesdetarde.com\/index.php\/wp-json\/wp\/v2\/comments?post=37145"}],"version-history":[{"count":2,"href":"https:\/\/corrientesdetarde.com\/index.php\/wp-json\/wp\/v2\/posts\/37145\/revisions"}],"predecessor-version":[{"id":37148,"href":"https:\/\/corrientesdetarde.com\/index.php\/wp-json\/wp\/v2\/posts\/37145\/revisions\/37148"}],"wp:featuredmedia":[{"embeddable":true,"href":"https:\/\/corrientesdetarde.com\/index.php\/wp-json\/wp\/v2\/media\/37146"}],"wp:attachment":[{"href":"https:\/\/corrientesdetarde.com\/index.php\/wp-json\/wp\/v2\/media?parent=37145"}],"wp:term":[{"taxonomy":"category","embeddable":true,"href":"https:\/\/corrientesdetarde.com\/index.php\/wp-json\/wp\/v2\/categories?post=37145"},{"taxonomy":"post_tag","embeddable":true,"href":"https:\/\/corrientesdetarde.com\/index.php\/wp-json\/wp\/v2\/tags?post=37145"}],"curies":[{"name":"wp","href":"https:\/\/api.w.org\/{rel}","templated":true}]}}