{"id":37160,"date":"2023-02-02T10:37:04","date_gmt":"2023-02-02T13:37:04","guid":{"rendered":"https:\/\/corrientesdetarde.com\/?p=37160"},"modified":"2023-02-02T10:37:08","modified_gmt":"2023-02-02T13:37:08","slug":"mirtha-legrand-conocio-a-wali-iturriaga-en-mar-del-plata-y-le-anticipo-el-premio-estrella","status":"publish","type":"post","link":"https:\/\/corrientesdetarde.com\/index.php\/espectaculos\/mirtha-legrand-conocio-a-wali-iturriaga-en-mar-del-plata-y-le-anticipo-el-premio-estrella\/","title":{"rendered":"Mirtha Legrand conoci\u00f3 a Wali Iturriaga en Mar del Plata y le anticip\u00f3 el premio Estrella"},"content":{"rendered":"\n<p>Fue durante la gala ben\u00e9fica de FUNDAMI (Fundaci\u00f3n Hospital Materno Infantil Victorio Tetamanti) celebrada en el Hotel Costa Galana.\u00a0<\/p>\n\n\n\n<p>Mirtha Legrand conoci\u00f3 a Wali Iturriaga, el creador de \u201cLa Jenny\u201d, el artista que se convirti\u00f3 en el gran ganador del verano teatral marplatense y el \u00fanico que desde la noche del estreno en el Teatro Neptuno de Mar del Plata trabaja con localidades totalmente agotadas y agrega funciones por la gran demanda de entradas.<\/p>\n\n\n\n<p>Durante la gala ben\u00e9fica de FUNDAMI (Fundaci\u00f3n Hospital Materno Infantil Victorio Tetamanti) celebrada en el Hotel Costa Galana, Mirtha Legrand estuvo con Wali Iturriaga que fue presentado a la diva m\u00e1xima del espect\u00e1culo argentino por el empresario Carlos Rottemberg y fue invitado a compartir la mesa de Chiquita junto a su mujer Mity P\u00e9rez y sus cuatro peque\u00f1os hijos.<\/p>\n\n\n\n<p>Al presentarlo p\u00fablicamente a los m\u00e1s de 1000 comensales que asistieron a la gala ben\u00e9fica, Mirtha Legrand dijo:&nbsp;&nbsp;<strong>\u201cLes presento al hombre \u00e9xito del verano teatral de Mar del Plata\u201d.<\/strong><\/p>\n\n\n\n<p>Mirtha Legrand aplaudi\u00f3 y lo felicit\u00f3 al artista que tiene 14 millones de seguidores en sus redes sociales por las ocurrencias del personaje \u201cLa Jenny\u201d y por el suceso que vive en Mar del Plata; y le manifest\u00f3 que se merece ganar el premio Estrella de Mar por ser una aut\u00e9ntica revelaci\u00f3n con su personaje y con su espect\u00e1culo.<\/p>\n\n\n\n<figure class=\"wp-block-image\"><img decoding=\"async\" src=\"https:\/\/pxc.cdn.ellitoral.com.ar\/litoral\/022023\/1675335302740\/@NicolasRiedel-1-scaled.webp?cw=768&amp;ch=623&amp;extw=jpg\" alt=\"Mirtha Legrand conoci\u00f3 a Wali Iturriaga en Mar del Plata y le anticip\u00f3 el premio Estrella\"\/><\/figure>\n\n\n\n<p><strong>A las pocas horas de las palabras de Mirtha Legrand, se dieron a conocer las nominaciones a los premios Estrella de Mar; y tanto Wali Iturriaga como el espect\u00e1culo \u00abLa Jenny, claro que s\u00ed\u2026\u00bb, obtuvieron 2 nominaciones en los rubros Mejor Espect\u00e1culo de Humor y &nbsp;Revelaci\u00f3n.<\/strong>&nbsp;<\/p>\n\n\n\n<p>Desde hoy Wali Iturriaga comienza con su segundo mes de representaciones agregando nuevas funciones frente a la gran demanda de entradas.<\/p>\n\n\n\n<p>Seg\u00fan el ranking de AADET (Asociacion Argentina de empresarios teatrales) Wali Iturriaga y su espect\u00e1culo \u201cLa Jenny\u2026claro que si\u201d esta semana vuelven a encabezar el podio de ser el espect\u00e1culo que m\u00e1s p\u00fablico atrae en Mar del Plata y adem\u00e1s el espect\u00e1culo que m\u00e1s recauda en la ciudad balnearia m\u00e1s famosa de la Argentina.<\/p>\n","protected":false},"excerpt":{"rendered":"<p>Fue durante la gala ben\u00e9fica de FUNDAMI (Fundaci\u00f3n Hospital Materno Infantil Victorio Tetamanti) celebrada en el Hotel Costa Galana.\u00a0 Mirtha Legrand conoci\u00f3 a Wali Iturriaga, el creador de \u201cLa Jenny\u201d,&hellip; <\/p>\n","protected":false},"author":4,"featured_media":37161,"comment_status":"closed","ping_status":"open","sticky":false,"template":"","format":"standard","meta":{"footnotes":""},"categories":[19],"tags":[],"class_list":["post-37160","post","type-post","status-publish","format-standard","has-post-thumbnail","hentry","category-espectaculos"],"_links":{"self":[{"href":"https:\/\/corrientesdetarde.com\/index.php\/wp-json\/wp\/v2\/posts\/37160","targetHints":{"allow":["GET"]}}],"collection":[{"href":"https:\/\/corrientesdetarde.com\/index.php\/wp-json\/wp\/v2\/posts"}],"about":[{"href":"https:\/\/corrientesdetarde.com\/index.php\/wp-json\/wp\/v2\/types\/post"}],"author":[{"embeddable":true,"href":"https:\/\/corrientesdetarde.com\/index.php\/wp-json\/wp\/v2\/users\/4"}],"replies":[{"embeddable":true,"href":"https:\/\/corrientesdetarde.com\/index.php\/wp-json\/wp\/v2\/comments?post=37160"}],"version-history":[{"count":1,"href":"https:\/\/corrientesdetarde.com\/index.php\/wp-json\/wp\/v2\/posts\/37160\/revisions"}],"predecessor-version":[{"id":37162,"href":"https:\/\/corrientesdetarde.com\/index.php\/wp-json\/wp\/v2\/posts\/37160\/revisions\/37162"}],"wp:featuredmedia":[{"embeddable":true,"href":"https:\/\/corrientesdetarde.com\/index.php\/wp-json\/wp\/v2\/media\/37161"}],"wp:attachment":[{"href":"https:\/\/corrientesdetarde.com\/index.php\/wp-json\/wp\/v2\/media?parent=37160"}],"wp:term":[{"taxonomy":"category","embeddable":true,"href":"https:\/\/corrientesdetarde.com\/index.php\/wp-json\/wp\/v2\/categories?post=37160"},{"taxonomy":"post_tag","embeddable":true,"href":"https:\/\/corrientesdetarde.com\/index.php\/wp-json\/wp\/v2\/tags?post=37160"}],"curies":[{"name":"wp","href":"https:\/\/api.w.org\/{rel}","templated":true}]}}