{"id":37163,"date":"2023-02-02T10:41:07","date_gmt":"2023-02-02T13:41:07","guid":{"rendered":"https:\/\/corrientesdetarde.com\/?p=37163"},"modified":"2023-02-02T10:41:09","modified_gmt":"2023-02-02T13:41:09","slug":"onu-los-ninos-y-los-hombres-son-los-mas-afectados-por-las-nuevas-formas-de-explotacion-y-trata","status":"publish","type":"post","link":"https:\/\/corrientesdetarde.com\/index.php\/internacionales\/onu-los-ninos-y-los-hombres-son-los-mas-afectados-por-las-nuevas-formas-de-explotacion-y-trata\/","title":{"rendered":"ONU: &#8220;Los ni\u00f1os y los hombres son los m\u00e1s afectados por las nuevas formas de explotaci\u00f3n y trata&#8221;"},"content":{"rendered":"\n<p>Un descenso por primera vez en 20 a\u00f1os en el n\u00famero de v\u00edctimas de trata, que el cambio clim\u00e1tico multiplica los riesgos de este delito sobre las personas, y que ni\u00f1os y hombres son los m\u00e1s afectados ante las nuevas formas de explotaci\u00f3n, son algunos de los resultados considerados como &#8220;hallazgos&#8221; en el Informe Mundial sobre Trata de Personas 2022 presentado por la Oficina de las Naciones Unidas contra la Droga y el Delito (Unodc) y difundido hoy por el Gobierno Nacional.<\/p>\n\n\n\n<p>La Unodc present\u00f3 el Informe Mundial sobre Trata de Personas correspondiente al a\u00f1o 2022, con \u00e9nfasis especial en el an\u00e1lisis de una etapa hist\u00f3rica del mundo signada por la pandemia de coronavirus, y sostuvo que &#8220;la situaci\u00f3n global de emergencia sanitaria desplaz\u00f3 a la trata de personas hacia una mayor clandestinidad, y restringi\u00f3 la capacidad de los Estados en las distintas regiones del mundo para combatir el delito, generando un descenso del n\u00famero de v\u00edctimas detectadas&#8221;.<\/p>\n\n\n\n<p>Entre otros puntos, el informe tambi\u00e9n eval\u00faa la ralentizaci\u00f3n global de las condenas, el fen\u00f3meno del &#8220;auto rescate&#8221; ante la insuficiencia de las instituciones de los estados, la impunidad en los pa\u00edses de origen, la guerra y los conflictos como terreno f\u00e9rtil para el delito, la incidencia de fen\u00f3menos como el cambio clim\u00e1tico, la nuevas formas de explotaci\u00f3n que aumentan la proporci\u00f3n de hombres y ni\u00f1os como v\u00edctimas, las mujeres y la ni\u00f1ez como las v\u00edctimas que sufren mayor violencia, y la desigualdad entre hombres y mujeres a la hora de recibir una condena.<\/p>\n\n\n\n<p>El informe tambi\u00e9n contiene propuestas de acci\u00f3n y posibles respuestas para cada una de las 11 problem\u00e1ticas que analiza, y una serie de indicadores claves y avances realizados en cada regi\u00f3n.<\/p>\n\n\n\n<p>Por ejemplo, sobre el n\u00famero de v\u00edctimas por explotaci\u00f3n detectadas, que se redujo (en 2022) un 11% respecto a 2019, explicaron que se puede deber a que &#8220;los Estados reforzaron sus marcos para la detecci\u00f3n y protecci\u00f3n de las v\u00edctimas de trata, la comunidad de donantes y las organizaciones internacionales aumentaron su apoyo a las autoridades nacionales, y que los Estados incrementaron sus esfuerzos para evaluar e identificar las formas m\u00e1s ocultas de la trata de personas.<\/p>\n\n\n\n<p>Respecto a la detecci\u00f3n de las v\u00edctimas de trata con fines de explotaci\u00f3n sexual, que disminuy\u00f3 un 24%, agregaron que esta reducci\u00f3n fue gracias a la promoci\u00f3n de &#8220;intervenciones conjuntas de las autoridades encargadas de la aplicaci\u00f3n de las leyes, los servicios de protecci\u00f3n social, las organizaciones de la sociedad civil, y el sector privado para detectar y proteger a las v\u00edctimas explotadas en departamentos, hoteles y otros lugares ocultos&#8221;.<\/p>\n\n\n\n<p>Tambi\u00e9n explicaron que &#8220;los pa\u00edses deben exigir a las plataformas en l\u00ednea que implementen medidas de prevenci\u00f3n como la verificaci\u00f3n de la edad y el consentimiento; mecanismos de solicitud de retirada de contenidos de gran visibilidad y el desarrollo de capacidades en los \u00e1mbitos de la vigilancia de Internet e investigaciones encubiertas on-line.<\/p>\n\n\n\n<p>Sobre que el cambio clim\u00e1tico multiplica los riesgos de trata de personas y su vulnerabildad, advirtieron que, en el a\u00f1o 2021, &#8220;23.7 millones de personas fueron desplazadas internamente por desastres naturales provocados por las condiciones meteorol\u00f3gicas, mientras que otras cruzaron las fronteras para escapar de la pobreza provocada por este fen\u00f3meno.<\/p>\n\n\n\n<p>Al respecto, la Unodc consider\u00f3 que &#8220;los Estados Miembro deben garantizar que las personas afectadas por el cambio clim\u00e1tico, en particular aquellas en situaci\u00f3n vulnerable, deben tener acceso a recursos eficaces y medios de adaptaci\u00f3n para disfrutar de una vida digna&#8221;, as\u00ed como que &#8220;las organizaciones internacionales y el \u00e1mbito acad\u00e9mico deben monitorear el impacto del cambio clim\u00e1tico como posible causante de trata de personas mediante la recopilaci\u00f3n de datos y la investigaci\u00f3n&#8221;.<\/p>\n","protected":false},"excerpt":{"rendered":"<p>Un descenso por primera vez en 20 a\u00f1os en el n\u00famero de v\u00edctimas de trata, que el cambio clim\u00e1tico multiplica los riesgos de este delito sobre las personas, y que&hellip; <\/p>\n","protected":false},"author":4,"featured_media":37164,"comment_status":"closed","ping_status":"open","sticky":false,"template":"","format":"standard","meta":{"footnotes":""},"categories":[11],"tags":[],"class_list":["post-37163","post","type-post","status-publish","format-standard","has-post-thumbnail","hentry","category-internacionales"],"_links":{"self":[{"href":"https:\/\/corrientesdetarde.com\/index.php\/wp-json\/wp\/v2\/posts\/37163","targetHints":{"allow":["GET"]}}],"collection":[{"href":"https:\/\/corrientesdetarde.com\/index.php\/wp-json\/wp\/v2\/posts"}],"about":[{"href":"https:\/\/corrientesdetarde.com\/index.php\/wp-json\/wp\/v2\/types\/post"}],"author":[{"embeddable":true,"href":"https:\/\/corrientesdetarde.com\/index.php\/wp-json\/wp\/v2\/users\/4"}],"replies":[{"embeddable":true,"href":"https:\/\/corrientesdetarde.com\/index.php\/wp-json\/wp\/v2\/comments?post=37163"}],"version-history":[{"count":1,"href":"https:\/\/corrientesdetarde.com\/index.php\/wp-json\/wp\/v2\/posts\/37163\/revisions"}],"predecessor-version":[{"id":37165,"href":"https:\/\/corrientesdetarde.com\/index.php\/wp-json\/wp\/v2\/posts\/37163\/revisions\/37165"}],"wp:featuredmedia":[{"embeddable":true,"href":"https:\/\/corrientesdetarde.com\/index.php\/wp-json\/wp\/v2\/media\/37164"}],"wp:attachment":[{"href":"https:\/\/corrientesdetarde.com\/index.php\/wp-json\/wp\/v2\/media?parent=37163"}],"wp:term":[{"taxonomy":"category","embeddable":true,"href":"https:\/\/corrientesdetarde.com\/index.php\/wp-json\/wp\/v2\/categories?post=37163"},{"taxonomy":"post_tag","embeddable":true,"href":"https:\/\/corrientesdetarde.com\/index.php\/wp-json\/wp\/v2\/tags?post=37163"}],"curies":[{"name":"wp","href":"https:\/\/api.w.org\/{rel}","templated":true}]}}