{"id":37168,"date":"2023-02-02T10:56:49","date_gmt":"2023-02-02T13:56:49","guid":{"rendered":"https:\/\/corrientesdetarde.com\/?p=37168"},"modified":"2023-02-02T10:56:53","modified_gmt":"2023-02-02T13:56:53","slug":"con-suspenso-defensa-y-justicia-le-gano-a-ituzaingo","status":"publish","type":"post","link":"https:\/\/corrientesdetarde.com\/index.php\/deportes\/con-suspenso-defensa-y-justicia-le-gano-a-ituzaingo\/","title":{"rendered":"Con suspenso, Defensa y Justicia le gan\u00f3 a Ituzaing\u00d3"},"content":{"rendered":"\n<p>El equipo de Florencio Varela venci\u00f3 al conjunto del Oeste por 3-2, en uno de los dos encuentros por la jornada del torneo dom\u00e9stico en su fase de 32avos de final. Nicol\u00e1s &#8220;Uvita&#8221; Fern\u00e1ndez y David Barbona, los goleadores en el vencedor.\u00a0<\/p>\n\n\n\n<p>Defensa y Justicia super\u00f3 esta noche, con sobresaltos, a Ituzaing\u00f3 por 3-2, resultado que le permiti\u00f3 avanzar a los 16vos. de final de la und\u00e9cima edici\u00f3n de la Copa Argentina de f\u00fatbol.<\/p>\n\n\n\n<p>En cancha de Gimnasia y Esgrima de La Plata, el conjunto de Florencio Varela sorte\u00f3 el obst\u00e1culo inicial y se medir\u00e1 en la siguiente instancia frente al ganador de la llave Tigre-Centro Espa\u00f1ol, que jugar\u00e1n el mi\u00e9rcoles 8 en cancha de Deportivo Mor\u00f3n.<\/p>\n\n\n\n<figure class=\"wp-block-embed is-type-rich is-provider-twitter wp-block-embed-twitter\"><div class=\"wp-block-embed__wrapper\">\n<blockquote class=\"twitter-tweet\" data-width=\"550\" data-dnt=\"true\"><p lang=\"es\" dir=\"ltr\">\u26bd\ufe0f \u00a1Mir\u00e1 el gol de Nicol\u00e1s Fern\u00e1ndez! \u26bd\ufe0f<br><br>\u2705 El delantero abri\u00f3 el marcador para <a href=\"https:\/\/twitter.com\/ClubDefensayJus?ref_src=twsrc%5Etfw\">@ClubDefensayJus<\/a> ante <a href=\"https:\/\/twitter.com\/ItuzaingoPrensa?ref_src=twsrc%5Etfw\">@ItuzaingoPrensa<\/a><a href=\"https:\/\/twitter.com\/hashtag\/CopaArgentinaAXIONenergy?src=hash&amp;ref_src=twsrc%5Etfw\">#CopaArgentinaAXIONenergy<\/a> \ud83c\udfc6\ud83c\udde6\ud83c\uddf7<br> <a href=\"https:\/\/twitter.com\/hashtag\/NuestraCopa?src=hash&amp;ref_src=twsrc%5Etfw\">#NuestraCopa<\/a> \ud83d\ude4c <a href=\"https:\/\/t.co\/ISMqepVMzo\">pic.twitter.com\/ISMqepVMzo<\/a><\/p>&mdash; Copa Argentina AXION energy (@Copa_Argentina) <a href=\"https:\/\/twitter.com\/Copa_Argentina\/status\/1620912567387394048?ref_src=twsrc%5Etfw\">February 1, 2023<\/a><\/blockquote><script async src=\"https:\/\/platform.twitter.com\/widgets.js\" charset=\"utf-8\"><\/script>\n<\/div><\/figure>\n\n\n\n<p>El &#8220;Halc\u00f3n&#8221; parec\u00eda encaminar la victoria con los tantos de Nicol\u00e1s Fern\u00e1ndez (Pt. 9m.) y David Barbona (Pt. 11m.). De hecho, en ese cuarto de hora inicial, el equipo del DT Julio Vaccari hab\u00eda creado un m\u00ednimo de cinco situaciones de gol.<\/p>\n\n\n\n<figure class=\"wp-block-embed is-type-rich is-provider-twitter wp-block-embed-twitter\"><div class=\"wp-block-embed__wrapper\">\n<blockquote class=\"twitter-tweet\" data-width=\"550\" data-dnt=\"true\"><p lang=\"es\" dir=\"ltr\">\u26bd\ufe0f \u00a1Mir\u00e1 el gol de David Barbona! \u26bd\ufe0f<br><br>\u2705 El mediocampista puso el 2-0 para <a href=\"https:\/\/twitter.com\/ClubDefensayJus?ref_src=twsrc%5Etfw\">@ClubDefensayJus<\/a> ante <a href=\"https:\/\/twitter.com\/ItuzaingoPrensa?ref_src=twsrc%5Etfw\">@ItuzaingoPrensa<\/a> <a href=\"https:\/\/twitter.com\/hashtag\/CopaArgentinaAXIONenergy?src=hash&amp;ref_src=twsrc%5Etfw\">#CopaArgentinaAXIONenergy<\/a> \ud83c\udfc6\ud83c\udde6\ud83c\uddf7<br> <a href=\"https:\/\/twitter.com\/hashtag\/NuestraCopa?src=hash&amp;ref_src=twsrc%5Etfw\">#NuestraCopa<\/a> \ud83d\ude4c <a href=\"https:\/\/t.co\/Yn2iu6wVAd\">pic.twitter.com\/Yn2iu6wVAd<\/a><\/p>&mdash; Copa Argentina AXION energy (@Copa_Argentina) <a href=\"https:\/\/twitter.com\/Copa_Argentina\/status\/1620913740311924737?ref_src=twsrc%5Etfw\">February 1, 2023<\/a><\/blockquote><script async src=\"https:\/\/platform.twitter.com\/widgets.js\" charset=\"utf-8\"><\/script>\n<\/div><\/figure>\n\n\n\n<p>En la segunda etapa, el &#8220;Le\u00f3n del Oeste&#8221; del Gran Buenos Aires, que arrancar\u00e1 la disputa del torneo de la Primera B Metropolitana durante el segundo fin de semana de febrero, reaccion\u00f3 y achic\u00f3 cifras, mediante una palomita de Rodrigo Soria (St. 8m.).<\/p>\n\n\n\n<figure class=\"wp-block-embed is-type-rich is-provider-twitter wp-block-embed-twitter\"><div class=\"wp-block-embed__wrapper\">\n<blockquote class=\"twitter-tweet\" data-width=\"550\" data-dnt=\"true\"><p lang=\"es\" dir=\"ltr\">\u26bd\ufe0f \u00a1Mir\u00e1 el gol de Rodrigo Soria! \u26bd\ufe0f<br><br>\u2705 El mediocampista marc\u00f3 el descuento de <a href=\"https:\/\/twitter.com\/ItuzaingoPrensa?ref_src=twsrc%5Etfw\">@ItuzaingoPrensa<\/a> ante <a href=\"https:\/\/twitter.com\/ClubDefensayJus?ref_src=twsrc%5Etfw\">@ClubDefensayJus<\/a><a href=\"https:\/\/twitter.com\/hashtag\/CopaArgentinaAXIONenergy?src=hash&amp;ref_src=twsrc%5Etfw\">#CopaArgentinaAXIONenergy<\/a> \ud83c\udfc6\ud83c\udde6\ud83c\uddf7<br> <a href=\"https:\/\/twitter.com\/hashtag\/NuestraCopa?src=hash&amp;ref_src=twsrc%5Etfw\">#NuestraCopa<\/a> \ud83d\ude4c <a href=\"https:\/\/t.co\/93JFtBL4rP\">pic.twitter.com\/93JFtBL4rP<\/a><\/p>&mdash; Copa Argentina AXION energy (@Copa_Argentina) <a href=\"https:\/\/twitter.com\/Copa_Argentina\/status\/1620927343140257792?ref_src=twsrc%5Etfw\">February 1, 2023<\/a><\/blockquote><script async src=\"https:\/\/platform.twitter.com\/widgets.js\" charset=\"utf-8\"><\/script>\n<\/div><\/figure>\n\n\n\n<p>La incertidumbre invadi\u00f3 a Defensa y Justicia que se vio confundido con el descuento, pero \u2018Uvita\u2019 Fern\u00e1ndez (St. 16m.) exhibi\u00f3 su jerarqu\u00eda y defini\u00f3 de emboquillada para marcar el tercero.<\/p>\n\n\n\n<figure class=\"wp-block-embed is-type-rich is-provider-twitter wp-block-embed-twitter\"><div class=\"wp-block-embed__wrapper\">\n<blockquote class=\"twitter-tweet\" data-width=\"550\" data-dnt=\"true\"><p lang=\"es\" dir=\"ltr\">\u26bd\ufe0f \u00a1Mir\u00e1 el golazo de Nicol\u00e1s Fern\u00e1ndez! \u26bd\ufe0f<br><br>\u2705 El delantero marc\u00f3 su segundo tanto para <a href=\"https:\/\/twitter.com\/ClubDefensayJus?ref_src=twsrc%5Etfw\">@ClubDefensayJus<\/a> ante <a href=\"https:\/\/twitter.com\/ItuzaingoPrensa?ref_src=twsrc%5Etfw\">@ItuzaingoPrensa<\/a><a href=\"https:\/\/twitter.com\/hashtag\/CopaArgentinaAXIONenergy?src=hash&amp;ref_src=twsrc%5Etfw\">#CopaArgentinaAXIONenergy<\/a> \ud83c\udfc6\ud83c\udde6\ud83c\uddf7<br> <a href=\"https:\/\/twitter.com\/hashtag\/NuestraCopa?src=hash&amp;ref_src=twsrc%5Etfw\">#NuestraCopa<\/a> \ud83d\ude4c <a href=\"https:\/\/t.co\/AmBuGLGFVP\">pic.twitter.com\/AmBuGLGFVP<\/a><\/p>&mdash; Copa Argentina AXION energy (@Copa_Argentina) <a href=\"https:\/\/twitter.com\/Copa_Argentina\/status\/1620931261266276352?ref_src=twsrc%5Etfw\">February 1, 2023<\/a><\/blockquote><script async src=\"https:\/\/platform.twitter.com\/widgets.js\" charset=\"utf-8\"><\/script>\n<\/div><\/figure>\n\n\n\n<p>Pero la pelota parada volvi\u00f3 a complicar a la defensa del \u2018Halc\u00f3n\u2019, a punto tal que Ituzaing\u00f3 anot\u00f3 un segundo tanto, cortes\u00eda de Rodrigo Sosa (St. 26m.), tras una salida floja del arquero Unsain.<\/p>\n\n\n\n<figure class=\"wp-block-embed is-type-rich is-provider-twitter wp-block-embed-twitter\"><div class=\"wp-block-embed__wrapper\">\n<blockquote class=\"twitter-tweet\" data-width=\"550\" data-dnt=\"true\"><p lang=\"es\" dir=\"ltr\">\u26bd\ufe0f \u00a1Mir\u00e1 el gol de Rodrigo Sosa! \u26bd\ufe0f<br><br>\u2705 El defensor marc\u00f3 el descuento para <a href=\"https:\/\/twitter.com\/ItuzaingoPrensa?ref_src=twsrc%5Etfw\">@ItuzaingoPrensa<\/a>, que perdi\u00f3 por 3-2 ante <a href=\"https:\/\/twitter.com\/ClubDefensayJus?ref_src=twsrc%5Etfw\">@ClubDefensayJus<\/a><a href=\"https:\/\/twitter.com\/hashtag\/CopaArgentinaAXIONenergy?src=hash&amp;ref_src=twsrc%5Etfw\">#CopaArgentinaAXIONenergy<\/a> \ud83c\udfc6\ud83c\udde6\ud83c\uddf7<br> <a href=\"https:\/\/twitter.com\/hashtag\/NuestraCopa?src=hash&amp;ref_src=twsrc%5Etfw\">#NuestraCopa<\/a> \ud83d\ude4c <a href=\"https:\/\/t.co\/TVXmFakk5D\">pic.twitter.com\/TVXmFakk5D<\/a><\/p>&mdash; Copa Argentina AXION energy (@Copa_Argentina) <a href=\"https:\/\/twitter.com\/Copa_Argentina\/status\/1620936575457853440?ref_src=twsrc%5Etfw\">February 2, 2023<\/a><\/blockquote><script async src=\"https:\/\/platform.twitter.com\/widgets.js\" charset=\"utf-8\"><\/script>\n<\/div><\/figure>\n\n\n\n<p>De all\u00ed hasta el final, el equipo del ascenso insisti\u00f3 con la utilizaci\u00f3n de la pelota detenida para intentar generar zozobras, aunque Defensa y Justicia aprovech\u00f3 el cansancio del adversario para aferrarse a la ventaja y llevarse el triunfo.<\/p>\n\n\n\n<figure class=\"wp-block-embed is-type-rich is-provider-twitter wp-block-embed-twitter\"><div class=\"wp-block-embed__wrapper\">\n<blockquote class=\"twitter-tweet\" data-width=\"550\" data-dnt=\"true\"><p lang=\"es\" dir=\"ltr\">\u26bd\ufe0f \u00a1As\u00ed sigue el camino de <a href=\"https:\/\/twitter.com\/ClubDefensayJus?ref_src=twsrc%5Etfw\">@ClubDefensayJus<\/a> en la und\u00e9cima edici\u00f3n! \u26bd\ufe0f<a href=\"https:\/\/twitter.com\/hashtag\/CopaArgentinaAXIONenergy?src=hash&amp;ref_src=twsrc%5Etfw\">#CopaArgentinaAXIONenergy<\/a> \ud83c\udfc6\ud83c\udde6\ud83c\uddf7<br> <a href=\"https:\/\/twitter.com\/hashtag\/NuestraCopa?src=hash&amp;ref_src=twsrc%5Etfw\">#NuestraCopa<\/a> \ud83d\ude4c <a href=\"https:\/\/t.co\/Pk08wrOiwN\">pic.twitter.com\/Pk08wrOiwN<\/a><\/p>&mdash; Copa Argentina AXION energy (@Copa_Argentina) <a href=\"https:\/\/twitter.com\/Copa_Argentina\/status\/1620959895712563200?ref_src=twsrc%5Etfw\">February 2, 2023<\/a><\/blockquote><script async src=\"https:\/\/platform.twitter.com\/widgets.js\" charset=\"utf-8\"><\/script>\n<\/div><\/figure>\n\n\n\n<h3 class=\"wp-block-heading\">S\u00edntesis del partido<\/h3>\n\n\n\n<p><strong>Defensa y Justicia:<\/strong>&nbsp;Ezequiel Unsain; Agust\u00edn Sant\u2019Anna, Nazareno Colombo, Tom\u00e1s Cardona y Alexis Soto; Kevin Guti\u00e9rrez y Tom\u00e1s Escalante; David Barbona, Federico Versaci y Gast\u00f3n Togni; Nicol\u00e1s Fern\u00e1ndez. DT: Julio Vaccari.<\/p>\n\n\n\n<p><strong>Ituzaing\u00f3:<\/strong>&nbsp;Tom\u00e1s Figueroa; Maximiliano Paredes, Brian Medina, Luciano Nebot y Rodrigo Sosa; Fernando Guti\u00e9rrez, Pablo Desp\u00f3sito, Rodrigo Soria y Jonathan Maza; Ciro Campuzano y Alcides Miranda Moreira. DT: Dami\u00e1n Troncoso<\/p>\n\n\n\n<p><strong>Goles en el primer tiempo: 9m. Nicol\u00e1s Fern\u00e1ndez (DyJ); 11m. Barbona (DyJ)<\/strong><\/p>\n\n\n\n<p><strong>Goles en el segundo tiempo: 8m. Soria (I); 16m. Nicol\u00e1s Fern\u00e1ndez (DyJ); 26m. Sosa (I)<\/strong><\/p>\n\n\n\n<p>Cambios en el segundo tiempo: 13m. Nicol\u00e1s Tripichio por Togni (DyJ); 21m. Juan Cruz Iglesias por F. Guti\u00e9rrez y Manuel Fal\u00f3n por Soria (I); 27m. Santiago Solari por Versaci y Juli\u00e1n L\u00f3pez por Escalante (DyJ); 36m. Nicol\u00e1s L\u00f3pez por Maza (I); 39m. Mat\u00edas Palisi por Desp\u00f3sito y Santiago Piersigilli por Campuzano (I); 45m. Andr\u00e9s R\u00edos por Barbona (DyJ)<\/p>\n\n\n\n<p>Amonestados: Nebot, F. Guti\u00e9rrez, Campuzano, Iglesias (I) Soto, Tripichio (DyJ)<\/p>\n\n\n\n<p>Cancha: Gimnasia y Esgrima (La Plata)<\/p>\n\n\n\n<p>Arbitro: Luis Lobo Medina<\/p>\n","protected":false},"excerpt":{"rendered":"<p>El equipo de Florencio Varela venci\u00f3 al conjunto del Oeste por 3-2, en uno de los dos encuentros por la jornada del torneo dom\u00e9stico en su fase de 32avos de&hellip; <\/p>\n","protected":false},"author":4,"featured_media":37169,"comment_status":"closed","ping_status":"open","sticky":false,"template":"","format":"standard","meta":{"footnotes":""},"categories":[4],"tags":[],"class_list":["post-37168","post","type-post","status-publish","format-standard","has-post-thumbnail","hentry","category-deportes"],"_links":{"self":[{"href":"https:\/\/corrientesdetarde.com\/index.php\/wp-json\/wp\/v2\/posts\/37168","targetHints":{"allow":["GET"]}}],"collection":[{"href":"https:\/\/corrientesdetarde.com\/index.php\/wp-json\/wp\/v2\/posts"}],"about":[{"href":"https:\/\/corrientesdetarde.com\/index.php\/wp-json\/wp\/v2\/types\/post"}],"author":[{"embeddable":true,"href":"https:\/\/corrientesdetarde.com\/index.php\/wp-json\/wp\/v2\/users\/4"}],"replies":[{"embeddable":true,"href":"https:\/\/corrientesdetarde.com\/index.php\/wp-json\/wp\/v2\/comments?post=37168"}],"version-history":[{"count":1,"href":"https:\/\/corrientesdetarde.com\/index.php\/wp-json\/wp\/v2\/posts\/37168\/revisions"}],"predecessor-version":[{"id":37170,"href":"https:\/\/corrientesdetarde.com\/index.php\/wp-json\/wp\/v2\/posts\/37168\/revisions\/37170"}],"wp:featuredmedia":[{"embeddable":true,"href":"https:\/\/corrientesdetarde.com\/index.php\/wp-json\/wp\/v2\/media\/37169"}],"wp:attachment":[{"href":"https:\/\/corrientesdetarde.com\/index.php\/wp-json\/wp\/v2\/media?parent=37168"}],"wp:term":[{"taxonomy":"category","embeddable":true,"href":"https:\/\/corrientesdetarde.com\/index.php\/wp-json\/wp\/v2\/categories?post=37168"},{"taxonomy":"post_tag","embeddable":true,"href":"https:\/\/corrientesdetarde.com\/index.php\/wp-json\/wp\/v2\/tags?post=37168"}],"curies":[{"name":"wp","href":"https:\/\/api.w.org\/{rel}","templated":true}]}}