{"id":37174,"date":"2023-02-02T11:07:03","date_gmt":"2023-02-02T14:07:03","guid":{"rendered":"https:\/\/corrientesdetarde.com\/?p=37174"},"modified":"2023-02-02T15:05:20","modified_gmt":"2023-02-02T18:05:20","slug":"de-3-anos-de-prision-a-la-perpetua-las-posibles-condenas-a-la-madre-y-la-madrastra-de-lucio","status":"publish","type":"post","link":"https:\/\/corrientesdetarde.com\/index.php\/actualidad\/de-3-anos-de-prision-a-la-perpetua-las-posibles-condenas-a-la-madre-y-la-madrastra-de-lucio\/","title":{"rendered":"De 3 a\u00f1os de prisi\u00f3n a la perpetua: las posibles condenas a la madre y la madrastra de Lucio"},"content":{"rendered":"\n<p>Los jueces deber\u00e1n decidir el futuro de las acusadas de torturar y asesinar al chiquito de 5 a\u00f1os. El veredicto se leer\u00e1 este jueves en La Pampa.<\/p>\n\n\n\n<p>El juicio por el crimen de Lucio Dupuy, el nene de 5 a\u00f1os asesinado presuntamente en La Pampa por su mam\u00e1, Magdalena Esp\u00f3sito Valenti, y la pareja de \u00e9sta, Abiga\u00edl P\u00e1ez, est\u00e1 entrando en su etapa final y en las pr\u00f3ximas horas se dar\u00e1 a conocer el veredicto para saber si ambas mujeres son culpables o no del delito de &#8220;homicidio agravado y abuso ultrajante&#8221;.<\/p>\n\n\n\n<p>&nbsp;<br>Las dos est\u00e1n detenidas y a la espera de la decisi\u00f3n de los jueces del Tribunal de La Pampa, Alejandra Ongaro, Andr\u00e9s Oli\u00e9 y Daniel S\u00e1ez Zamora. Tal como anticip\u00f3 TN, las imputadas no estar\u00e1n presentes en la audiencia de cesura, ya que solicitaron por medio de su abogado hacer uso de ese derecho.<\/p>\n\n\n\n<p>Por un lado, Esp\u00f3sito Valenti fue acusada por el equipo de fiscales integrado por Walter Martos, Ver\u00f3nica Ferrero, M\u00f3nica Rivero y M\u00e1ximo Paulucci, de los delitos de &#8220;abuso sexual gravemente ultrajante con acceso carnal, agravado por haber sido cometido por la ascendiente (progenitora), con el concurso de dos personas y aprovechando la convivencia con la v\u00edctima menor de 18 a\u00f1os, todo como delito continuado; en concurso real con homicidio calificado por ser la ascendiente, por ensa\u00f1amiento y alevos\u00eda&#8221;.<\/p>\n\n\n\n<p>A P\u00e1ez, en tanto, el Ministerio P\u00fablico Fiscal (MPF) le imput\u00f3 &#8220;abuso sexual gravemente ultrajante con acceso carnal, agravado por haber sido cometido por la guardadora, con el concurso de dos personas y aprovechando la convivencia con la v\u00edctima menor de 18 a\u00f1os, todo como delito continuado; en concurso real con homicidio calificado por ensa\u00f1amiento y alevos\u00eda&#8221;.<\/p>\n\n\n\n<figure class=\"wp-block-image\"><img decoding=\"async\" src=\"https:\/\/www.lt7noticias.com\/content\/bucket\/3\/41363w770h431c.jpg.webp\" alt=\"\"\/><\/figure>\n\n\n\n<p><br>El 2 de febrero se dar\u00e1 a conocer el veredicto por el crimen de Lucio Dupuy. (Foto: NA).<br><strong>\u00bfQu\u00e9 pena podr\u00edan recibir?<\/strong><br>Este jueves 2 de febrero, los magistrados deber\u00e1n emitir una sentencia para definir si las imputadas son culpables o no. En cuanto a las pruebas y los pedidos de las partes, se plantean por lo menos tres escenarios posibles: en primer lugar, si el Tribunal acepta la acusaci\u00f3n del Ministerio P\u00fablico Fiscal, la condena para ambas ser\u00e1 de prisi\u00f3n perpetua.<\/p>\n\n\n\n<p>En caso de que los jueces de Santa Rosa las encuentren responsables de la muerte del chiquito, pero valoren las pruebas de otra manera, tiene 15 d\u00edas para dar a conocer los a\u00f1os que las imputadas deber\u00e1n permanecer en la c\u00e1rcel.<\/p>\n\n\n\n<p><strong>Homicidio preterintencional<\/strong><\/p>\n\n\n\n<p>Si los magistrados deciden tomar el planteo de una de las abogadas de las acusadas, Silvina Blanco G\u00f3mez, que consider\u00f3 que en el caso de P\u00e1ez no existi\u00f3 un homicidio agravado sino un homicidio preterintencional, es decir que no tuvo intencionalidad de matar, la novia de la madre de Lucio recibir\u00eda una pena base de entre 3 y 6 a\u00f1os de prisi\u00f3n, aunque los jueces tambi\u00e9n podr\u00edan tener en cuenta los agravantes y aumentar la condena.<\/p>\n\n\n\n<p><br>Para ello, en el alegato de la defensora de P\u00e1ez, la letrada enumer\u00f3 siete conductas que la imputada ejecut\u00f3 para evitar la muerte del ni\u00f1o: la pr\u00e1ctica de RCP para reanimarlo, su traslado a la posta sanitaria del barrio Atuel, la b\u00fasqueda de ayuda en la polic\u00eda y haberlo llevado al hospital Evita, entre otras.<\/p>\n\n\n\n<p><strong>Homicidio simple con dolo eventual<\/strong><\/p>\n\n\n\n<p>De igual modo, la defensa dijo que &#8220;ninguna de las tres agravantes&#8221; planteadas por el MPF para el homicidio quedaron probadas y agreg\u00f3 que en el peor escenario pudo existir un homicidio simple con dolo eventual, que prev\u00e9 una pena de entre 8 y 25 a\u00f1os de prisi\u00f3n.<\/p>\n\n\n\n<p>Con respecto a la acusaci\u00f3n de abuso sexual, pidi\u00f3 la absoluci\u00f3n de P\u00e1ez por el beneficio de la duda, al tiempo que asever\u00f3 que la mediatizaci\u00f3n del caso provoc\u00f3 un &#8220;estado de indefensi\u00f3n&#8221; en la imputada.<\/p>\n\n\n\n<p><strong>Absoluci\u00f3n<\/strong><\/p>\n\n\n\n<p>Otra de las posibilidades, pero la menos viable, es que el tribunal no encuentre culpables a las mujeres, m\u00e1s all\u00e1 de las pruebas que hay en su contra, y resulten absueltas.<\/p>\n\n\n\n<p>Eso fue lo que solicit\u00f3 el defensor oficial Pablo De Biasi, que en su alegato pidi\u00f3 la absoluci\u00f3n de la madre de Lucio por los dos delitos analizados durante el debate (el asesinato y el abuso previo), ya que considera que &#8220;en el lugar de los hechos hubo una persona y no dos&#8221;, al descartar la coautor\u00eda del homicidio.<\/p>\n\n\n\n<p>&#8220;La \u00fanica testigo fue Abigail&#8221;, acot\u00f3 el letrado, al tiempo que descart\u00f3 cualquier responsabilidad de la madre por omisi\u00f3n.<\/p>\n\n\n\n<p>En su alegato, el defensor plante\u00f3 que, en forma subsidiaria, si la madre de Lucio fuera hallada culpable, solo podr\u00eda imput\u00e1rsele una conducta preterintencional.<\/p>\n\n\n\n<p><strong>C\u00f3mo ser\u00e1 el operativo de seguridad que se montar\u00e1 para la lectura del veredicto<\/strong><\/p>\n\n\n\n<p>Las autoridades de Seguridad de la provincia de La Pampa diagramaron un operativo de seguridad para los alrededores de los tribunales de Santa Rosa, donde desde la ma\u00f1ana del jueves se desarrollar\u00e1 una marcha en reclamo de justicia por el crimen de Lucio Dupuy.<\/p>\n\n\n\n<figure class=\"wp-block-image\"><img decoding=\"async\" src=\"https:\/\/www.lt7noticias.com\/content\/bucket\/5\/41365w770h433c.jpg.webp\" alt=\"\"\/><\/figure>\n\n\n\n<p><br>El pap\u00e1 de Lucio Dupuy asisit\u00f3 a una de las marchas en pedido de justicia. (Foto: TN)<br>A\u00fan as\u00ed, la ausencia de las acusadas Magdalena Esp\u00f3sito Valenti y de su pareja, Abigail P\u00e1ez, en el momento de la lectura de la sentencia moriger\u00f3 el operativo de seguridad de la Polic\u00eda de La Pampa.<\/p>\n\n\n\n<p>Adem\u00e1s, para este jueves est\u00e1 prevista una marcha para acompa\u00f1ar a la familia Dupuy que fue convocada por Christian, padre de Lucio, a la que ya garantizaron su presencia la monja Martha Pelloni y ciudadanos de La Pampa, C\u00f3rdoba, Mendoza y Santa Fe.<\/p>\n","protected":false},"excerpt":{"rendered":"<p>Los jueces deber\u00e1n decidir el futuro de las acusadas de torturar y asesinar al chiquito de 5 a\u00f1os. El veredicto se leer\u00e1 este jueves en La Pampa. El juicio por&hellip; <\/p>\n","protected":false},"author":4,"featured_media":37175,"comment_status":"closed","ping_status":"open","sticky":false,"template":"","format":"standard","meta":{"footnotes":""},"categories":[23],"tags":[],"class_list":["post-37174","post","type-post","status-publish","format-standard","has-post-thumbnail","hentry","category-actualidad"],"_links":{"self":[{"href":"https:\/\/corrientesdetarde.com\/index.php\/wp-json\/wp\/v2\/posts\/37174","targetHints":{"allow":["GET"]}}],"collection":[{"href":"https:\/\/corrientesdetarde.com\/index.php\/wp-json\/wp\/v2\/posts"}],"about":[{"href":"https:\/\/corrientesdetarde.com\/index.php\/wp-json\/wp\/v2\/types\/post"}],"author":[{"embeddable":true,"href":"https:\/\/corrientesdetarde.com\/index.php\/wp-json\/wp\/v2\/users\/4"}],"replies":[{"embeddable":true,"href":"https:\/\/corrientesdetarde.com\/index.php\/wp-json\/wp\/v2\/comments?post=37174"}],"version-history":[{"count":1,"href":"https:\/\/corrientesdetarde.com\/index.php\/wp-json\/wp\/v2\/posts\/37174\/revisions"}],"predecessor-version":[{"id":37176,"href":"https:\/\/corrientesdetarde.com\/index.php\/wp-json\/wp\/v2\/posts\/37174\/revisions\/37176"}],"wp:featuredmedia":[{"embeddable":true,"href":"https:\/\/corrientesdetarde.com\/index.php\/wp-json\/wp\/v2\/media\/37175"}],"wp:attachment":[{"href":"https:\/\/corrientesdetarde.com\/index.php\/wp-json\/wp\/v2\/media?parent=37174"}],"wp:term":[{"taxonomy":"category","embeddable":true,"href":"https:\/\/corrientesdetarde.com\/index.php\/wp-json\/wp\/v2\/categories?post=37174"},{"taxonomy":"post_tag","embeddable":true,"href":"https:\/\/corrientesdetarde.com\/index.php\/wp-json\/wp\/v2\/tags?post=37174"}],"curies":[{"name":"wp","href":"https:\/\/api.w.org\/{rel}","templated":true}]}}