{"id":37192,"date":"2023-02-02T11:53:00","date_gmt":"2023-02-02T14:53:00","guid":{"rendered":"https:\/\/corrientesdetarde.com\/?p=37192"},"modified":"2023-02-02T11:53:51","modified_gmt":"2023-02-02T14:53:51","slug":"el-icaa-recordo-la-celebracion-del-dia-mundial-de-los-humedales","status":"publish","type":"post","link":"https:\/\/corrientesdetarde.com\/index.php\/medio-ambiente\/el-icaa-recordo-la-celebracion-del-dia-mundial-de-los-humedales\/","title":{"rendered":"El ICAA record\u00f3 la celebraci\u00f3n del D\u00eda Mundial de los Humedales"},"content":{"rendered":"\n<p>El 2 de febrero se celebra el D\u00eda Mundial de los Humedales, una efem\u00e9ride significativa orientada a generar conciencia colectiva acerca de la importancia de los humedales para la biodiversidad y el ambiente. El Instituto Correntino del Agua y del Ambiente (ICAA) record\u00f3 la importante fecha y las acciones que se pueden realizar para protegerlos.<\/p>\n\n\n\n<p>Anualmente se selecciona un tema central para celebrar esta efem\u00e9ride. Para el a\u00f1o 2023 el lema es &#8220;Revitalizar y restaurar los humedales degradados&#8221;. Con ello se pretende visibilizar la importancia de proteger y restaurar los humedales, para que estos enclaves naturales contin\u00faen brindando servicios ecosist\u00e9micos al ambiente.<\/p>\n\n\n\n<figure class=\"wp-block-image size-large\"><img loading=\"lazy\" decoding=\"async\" width=\"1024\" height=\"764\" src=\"https:\/\/corrientesdetarde.com\/wp-content\/uploads\/2023\/02\/Captura-de-pantalla-2023-02-02-115111-1024x764.png\" alt=\"\" class=\"wp-image-37194\" srcset=\"https:\/\/corrientesdetarde.com\/wp-content\/uploads\/2023\/02\/Captura-de-pantalla-2023-02-02-115111-1024x764.png 1024w, https:\/\/corrientesdetarde.com\/wp-content\/uploads\/2023\/02\/Captura-de-pantalla-2023-02-02-115111-300x224.png 300w, https:\/\/corrientesdetarde.com\/wp-content\/uploads\/2023\/02\/Captura-de-pantalla-2023-02-02-115111-768x573.png 768w, https:\/\/corrientesdetarde.com\/wp-content\/uploads\/2023\/02\/Captura-de-pantalla-2023-02-02-115111.png 1238w\" sizes=\"auto, (max-width: 1024px) 100vw, 1024px\" \/><\/figure>\n\n\n\n<p>El Gobierno Provincial a trav\u00e9s de sus diferentes instituciones trabaja transversalmente para regular el equilibrio ambiente- producci\u00f3n. El Inventario Provincial de Humedales (IPH) de Corrientes Ley N\u00ba 6.548, presentado en octubre de 2022 es un trabajo t\u00e9cnico-cient\u00edfico destinado a definirlos y contabilizarlos. Constituye una herramienta clave para proteger los recursos naturales sin afectar el desarrollo productivo sostenible.<\/p>\n\n\n\n<p>El IPH considera humedales a las superficies cubiertas de aguas, sean \u00e9stas de r\u00e9gimen natural o artificial, permanentes o temporales, estancadas o corrientes. Algunas sencillas y pr\u00e1cticas medidas que, de forma individual o colectiva, se pueden llevar a cabo son las siguientes: cuando se visiten estos lugares, evita arrojar basura o desechos. Lo m\u00e1s recomendable es depositarlos en los lugares destinados para tal fin; ser respetuosos con las distintas especies vegetales y animales que habitan los humedales; ver los humedales como lugares ex\u00f3ticos y m\u00e1gicos, en los cuales el hombre puede reencontrarse con la naturaleza de una manera sana, amigable y generosa; aunque son lugares usados para la pr\u00e1ctica del turismo, es importante tener presente que su funci\u00f3n es brindar recreaci\u00f3n pasiva, sin que haya alteraci\u00f3n o perjuicio de estos ecosistemas; asumir la responsabilidad de cuidar y preservar los humedales, as\u00ed como denunciar las irregularidades o da\u00f1os a los cuales puedan ser sometidos en un momento determinado.<\/p>\n\n\n\n<figure class=\"wp-block-image size-large\"><img loading=\"lazy\" decoding=\"async\" width=\"1024\" height=\"798\" src=\"https:\/\/corrientesdetarde.com\/wp-content\/uploads\/2023\/02\/Captura-de-pantalla-2023-02-02-115125-1024x798.png\" alt=\"\" class=\"wp-image-37195\" srcset=\"https:\/\/corrientesdetarde.com\/wp-content\/uploads\/2023\/02\/Captura-de-pantalla-2023-02-02-115125-1024x798.png 1024w, https:\/\/corrientesdetarde.com\/wp-content\/uploads\/2023\/02\/Captura-de-pantalla-2023-02-02-115125-300x234.png 300w, https:\/\/corrientesdetarde.com\/wp-content\/uploads\/2023\/02\/Captura-de-pantalla-2023-02-02-115125-768x599.png 768w, https:\/\/corrientesdetarde.com\/wp-content\/uploads\/2023\/02\/Captura-de-pantalla-2023-02-02-115125.png 1179w\" sizes=\"auto, (max-width: 1024px) 100vw, 1024px\" \/><\/figure>\n","protected":false},"excerpt":{"rendered":"<p>El 2 de febrero se celebra el D\u00eda Mundial de los Humedales, una efem\u00e9ride significativa orientada a generar conciencia colectiva acerca de la importancia de los humedales para la biodiversidad&hellip; <\/p>\n","protected":false},"author":4,"featured_media":37193,"comment_status":"closed","ping_status":"open","sticky":false,"template":"","format":"standard","meta":{"footnotes":""},"categories":[6],"tags":[],"class_list":["post-37192","post","type-post","status-publish","format-standard","has-post-thumbnail","hentry","category-medio-ambiente"],"_links":{"self":[{"href":"https:\/\/corrientesdetarde.com\/index.php\/wp-json\/wp\/v2\/posts\/37192","targetHints":{"allow":["GET"]}}],"collection":[{"href":"https:\/\/corrientesdetarde.com\/index.php\/wp-json\/wp\/v2\/posts"}],"about":[{"href":"https:\/\/corrientesdetarde.com\/index.php\/wp-json\/wp\/v2\/types\/post"}],"author":[{"embeddable":true,"href":"https:\/\/corrientesdetarde.com\/index.php\/wp-json\/wp\/v2\/users\/4"}],"replies":[{"embeddable":true,"href":"https:\/\/corrientesdetarde.com\/index.php\/wp-json\/wp\/v2\/comments?post=37192"}],"version-history":[{"count":2,"href":"https:\/\/corrientesdetarde.com\/index.php\/wp-json\/wp\/v2\/posts\/37192\/revisions"}],"predecessor-version":[{"id":37198,"href":"https:\/\/corrientesdetarde.com\/index.php\/wp-json\/wp\/v2\/posts\/37192\/revisions\/37198"}],"wp:featuredmedia":[{"embeddable":true,"href":"https:\/\/corrientesdetarde.com\/index.php\/wp-json\/wp\/v2\/media\/37193"}],"wp:attachment":[{"href":"https:\/\/corrientesdetarde.com\/index.php\/wp-json\/wp\/v2\/media?parent=37192"}],"wp:term":[{"taxonomy":"category","embeddable":true,"href":"https:\/\/corrientesdetarde.com\/index.php\/wp-json\/wp\/v2\/categories?post=37192"},{"taxonomy":"post_tag","embeddable":true,"href":"https:\/\/corrientesdetarde.com\/index.php\/wp-json\/wp\/v2\/tags?post=37192"}],"curies":[{"name":"wp","href":"https:\/\/api.w.org\/{rel}","templated":true}]}}