{"id":37209,"date":"2023-02-02T13:31:42","date_gmt":"2023-02-02T16:31:42","guid":{"rendered":"https:\/\/corrientesdetarde.com\/?p=37209"},"modified":"2023-02-02T13:31:45","modified_gmt":"2023-02-02T16:31:45","slug":"el-gobierno-senalo-que-no-avanzara-mediante-decreto-en-la-reforma-de-la-corte-suprema","status":"publish","type":"post","link":"https:\/\/corrientesdetarde.com\/index.php\/politica\/el-gobierno-senalo-que-no-avanzara-mediante-decreto-en-la-reforma-de-la-corte-suprema\/","title":{"rendered":"El Gobierno se\u00f1al\u00f3 que no avanzar\u00e1 mediante decreto en la reforma de la Corte Suprema"},"content":{"rendered":"\n<p>El presidente Alberto Fern\u00e1ndez tuvo que suspender una visita a Tucum\u00e1n que ten\u00eda prevista para este jueves junto al jefe de Gabinete, Juan Manzur, por cuestiones clim\u00e1ticas. Fue la portavoz Gabriela Cerruti quien brind\u00f3 definiciones en su conferencia de prensa de los jueves en Casa Rosada. Ante los periodistas acreditados en Balcarce 50 afirm\u00f3 que el Gobierno no avanzar\u00e1 por decreto contra la Corte Suprema de Justicia de la Naci\u00f3n, y asever\u00f3 que el Presidente trabaja en el armado de una mesa electoral con el resto de los integrantes del Frente de Todos.<\/p>\n\n\n\n<p><strong>Juan Pablo Peralta, periodista acreditado en Casa Rosada, corresponsal de Corrientes de Tarde.<\/strong><\/p>\n\n\n\n<figure class=\"wp-block-embed is-type-video is-provider-youtube wp-block-embed-youtube wp-embed-aspect-16-9 wp-has-aspect-ratio\"><div class=\"wp-block-embed__wrapper\">\n<iframe loading=\"lazy\" title=\"JUAN PABLO PERALTA CORRESPONSAL DE CDT\" width=\"1110\" height=\"624\" src=\"https:\/\/www.youtube.com\/embed\/Huz4550v2R8?feature=oembed\" frameborder=\"0\" allow=\"accelerometer; autoplay; clipboard-write; encrypted-media; gyroscope; picture-in-picture; web-share\" allowfullscreen><\/iframe>\n<\/div><\/figure>\n","protected":false},"excerpt":{"rendered":"<p>El presidente Alberto Fern\u00e1ndez tuvo que suspender una visita a Tucum\u00e1n que ten\u00eda prevista para este jueves junto al jefe de Gabinete, Juan Manzur, por cuestiones clim\u00e1ticas. Fue la portavoz&hellip; <\/p>\n","protected":false},"author":1,"featured_media":36945,"comment_status":"closed","ping_status":"open","sticky":false,"template":"","format":"standard","meta":{"footnotes":""},"categories":[35,3],"tags":[],"class_list":["post-37209","post","type-post","status-publish","format-standard","has-post-thumbnail","hentry","category-opinion","category-politica"],"_links":{"self":[{"href":"https:\/\/corrientesdetarde.com\/index.php\/wp-json\/wp\/v2\/posts\/37209","targetHints":{"allow":["GET"]}}],"collection":[{"href":"https:\/\/corrientesdetarde.com\/index.php\/wp-json\/wp\/v2\/posts"}],"about":[{"href":"https:\/\/corrientesdetarde.com\/index.php\/wp-json\/wp\/v2\/types\/post"}],"author":[{"embeddable":true,"href":"https:\/\/corrientesdetarde.com\/index.php\/wp-json\/wp\/v2\/users\/1"}],"replies":[{"embeddable":true,"href":"https:\/\/corrientesdetarde.com\/index.php\/wp-json\/wp\/v2\/comments?post=37209"}],"version-history":[{"count":1,"href":"https:\/\/corrientesdetarde.com\/index.php\/wp-json\/wp\/v2\/posts\/37209\/revisions"}],"predecessor-version":[{"id":37210,"href":"https:\/\/corrientesdetarde.com\/index.php\/wp-json\/wp\/v2\/posts\/37209\/revisions\/37210"}],"wp:featuredmedia":[{"embeddable":true,"href":"https:\/\/corrientesdetarde.com\/index.php\/wp-json\/wp\/v2\/media\/36945"}],"wp:attachment":[{"href":"https:\/\/corrientesdetarde.com\/index.php\/wp-json\/wp\/v2\/media?parent=37209"}],"wp:term":[{"taxonomy":"category","embeddable":true,"href":"https:\/\/corrientesdetarde.com\/index.php\/wp-json\/wp\/v2\/categories?post=37209"},{"taxonomy":"post_tag","embeddable":true,"href":"https:\/\/corrientesdetarde.com\/index.php\/wp-json\/wp\/v2\/tags?post=37209"}],"curies":[{"name":"wp","href":"https:\/\/api.w.org\/{rel}","templated":true}]}}