{"id":37212,"date":"2023-02-02T13:42:04","date_gmt":"2023-02-02T16:42:04","guid":{"rendered":"https:\/\/corrientesdetarde.com\/?p=37212"},"modified":"2023-02-02T13:42:08","modified_gmt":"2023-02-02T16:42:08","slug":"el-barrio-17-de-agosto-se-viste-de-fiestapara-recibir-a-los-carnavales-itinerantes","status":"publish","type":"post","link":"https:\/\/corrientesdetarde.com\/index.php\/cultura\/el-barrio-17-de-agosto-se-viste-de-fiestapara-recibir-a-los-carnavales-itinerantes\/","title":{"rendered":"<strong>El barrio 17 de agosto se viste de fiesta<br>para recibir a los carnavales itinerantes<\/strong><br>&nbsp;"},"content":{"rendered":"\n<p>Desde las 20, las agrupaciones que integran los Carnavales Barriales 2023, organizados por la Municipalidad de Corrientes, desfilar\u00e1n en la tercera noche carnestolenda por la avenida Mil\u00e1n. En esta ocasi\u00f3n, las 25 comparsas desplegar\u00e1n todo su colorido por el cors\u00f3dromo Enry y Ram\u00f3n Alberto \u201cPitogue\u201d M\u00e9ndez.<\/p>\n\n\n\n<p>Este jueves, a partir de las 20, Momo volver\u00e1 a desplegar todo su brillo en una nueva edici\u00f3n de los Carnavales Barriales. En esta oportunidad, las 25 agrupaciones carnestolendas desfilar\u00e1n por Mil\u00e1n entre Necochea y Florencia, donde se ubicar\u00e1 el cors\u00f3dromo Enry y Ram\u00f3n Alberto \u201cPitogue\u201d M\u00e9ndez.<br><br>De acuerdo a lo diagramado por la subsecretar\u00eda de Tr\u00e1nsito y Seguridad Vial del municipio, a lo largo del tramo de desfile la banda este ser\u00e1 para el recorrido de las comparsas y la oeste como peatonal de los concurrentes.<br><br>Debido a ello, habr\u00e1 restricciones en la circulaci\u00f3n vehicular, estableciendo cortes y desv\u00edos del tr\u00e1nsito a partir de las 19 en todas las calles y avenidas que circundan al circuito de desfile.<br><br>En tal sentido, agentes de tr\u00e1nsito estar\u00e1n apostados en diferentes puntos para mantener la organizaci\u00f3n y fluidez de la circulaci\u00f3n indicando a conductores el sentido de desv\u00edos y cortes que se realizar\u00e1n en las siguientes intersecciones:<br><br>Mil\u00e1n y Trento, Mil\u00e1n y Lavalle, Alejandro Dumas y Lavalle, Alejandro Dumas y Necochea, Alejandro Dumas y El Tr\u00e9bol, Alejandro Dumas y Florencia, Toro Costaguta y Necochea, Tur\u00edn y Lavalle, Tur\u00edn y Necochea, Tur\u00edn y Las Heras, Tur\u00edn y El Tr\u00e9bol (ingreso al Palco), Coronel Artaza y El Tr\u00e9bol, Mil\u00e1n y avenida Presidente Per\u00f3n, avenida Presidente Per\u00f3n entre Mil\u00e1n y Dumas (zona estacionamiento de colectivos de los comparseros), avenida Presidente Per\u00f3n y Artaza y avenida Per\u00f3n y Dumas.<br><br>DESFILE<br><br>Seg\u00fan el cronograma previsto, la primera en desfilar sobre el cors\u00f3dromo itinerante ser\u00e1, a las 20, la comparsa Rub\u00ed Show; seguida por Bella Esperanza, Osiris y Fantas\u00eda. Cerca de las 21 ser\u00e1 el turno de Yasi Pora, e inmediatamente despu\u00e9s pasar\u00e1n por la calzada, la agrupaci\u00f3n musical Sarav\u00e1, La Jaula de las locas e Imperial.<br><br>Luego desfilar\u00e1n con color, brillo y humor, Las traviesas, Ara Por\u00e1, Aram\u00fa, Taragui Por\u00e1. Una hora despu\u00e9s, a las 23, ser\u00e1 el turno de Mita Pora, Porto Carioca, Belleza Unida, Mita Jurhu y le seguir\u00e1 Camba Cu\u00e1 Show.<br><br>Pasada la medianoche desfilar\u00e1 Porasy, le seguir\u00e1n la comparsa humor\u00edstica Payaso del Cacique, Samba Pasi\u00f3n, Renacer, Sue\u00f1os de Carnaval, los hist\u00f3ricos Dandys y cerrar\u00e1 su paso por el cors\u00f3dromo la comparsa \u00d1ande Mbarete del barrio Juan XXIII.<br><br>DESV\u00cdOS DE COLECTIVOS<br><br>Por otra parte, el recorrido de las l\u00edneas de colectivos 106 A, 102 A y 106 C sufrir\u00e1n un desv\u00edo durante esta noche.<br><br>106 A: Rotonda, colectora, N\u00e1poles, Trento, Omb\u00fa y salida por S\u00e1nchez de Bustamante.<br><br>102 A: Independencia, N\u00e1poles, Trento, Omb\u00fa y S\u00e1nchez de Bustamante para luego volver a su recorrido habitual.<br><br>106 C: San Francisco, Mil\u00e1n, Omb\u00fa, S\u00e1nchez de Bustamante para luego volver a su recorrido habitual. Ninguno llegar\u00e1 a Mil\u00e1n y Cazadores Correntinos porque all\u00ed ser\u00e1 la desconcentraci\u00f3n de los corsos barriales en esta jornada.<\/p>\n","protected":false},"excerpt":{"rendered":"<p>Desde las 20, las agrupaciones que integran los Carnavales Barriales 2023, organizados por la Municipalidad de Corrientes, desfilar\u00e1n en la tercera noche carnestolenda por la avenida Mil\u00e1n. En esta ocasi\u00f3n,&hellip; <\/p>\n","protected":false},"author":1,"featured_media":37213,"comment_status":"closed","ping_status":"open","sticky":false,"template":"","format":"standard","meta":{"footnotes":""},"categories":[15],"tags":[],"class_list":["post-37212","post","type-post","status-publish","format-standard","has-post-thumbnail","hentry","category-cultura"],"_links":{"self":[{"href":"https:\/\/corrientesdetarde.com\/index.php\/wp-json\/wp\/v2\/posts\/37212","targetHints":{"allow":["GET"]}}],"collection":[{"href":"https:\/\/corrientesdetarde.com\/index.php\/wp-json\/wp\/v2\/posts"}],"about":[{"href":"https:\/\/corrientesdetarde.com\/index.php\/wp-json\/wp\/v2\/types\/post"}],"author":[{"embeddable":true,"href":"https:\/\/corrientesdetarde.com\/index.php\/wp-json\/wp\/v2\/users\/1"}],"replies":[{"embeddable":true,"href":"https:\/\/corrientesdetarde.com\/index.php\/wp-json\/wp\/v2\/comments?post=37212"}],"version-history":[{"count":1,"href":"https:\/\/corrientesdetarde.com\/index.php\/wp-json\/wp\/v2\/posts\/37212\/revisions"}],"predecessor-version":[{"id":37214,"href":"https:\/\/corrientesdetarde.com\/index.php\/wp-json\/wp\/v2\/posts\/37212\/revisions\/37214"}],"wp:featuredmedia":[{"embeddable":true,"href":"https:\/\/corrientesdetarde.com\/index.php\/wp-json\/wp\/v2\/media\/37213"}],"wp:attachment":[{"href":"https:\/\/corrientesdetarde.com\/index.php\/wp-json\/wp\/v2\/media?parent=37212"}],"wp:term":[{"taxonomy":"category","embeddable":true,"href":"https:\/\/corrientesdetarde.com\/index.php\/wp-json\/wp\/v2\/categories?post=37212"},{"taxonomy":"post_tag","embeddable":true,"href":"https:\/\/corrientesdetarde.com\/index.php\/wp-json\/wp\/v2\/tags?post=37212"}],"curies":[{"name":"wp","href":"https:\/\/api.w.org\/{rel}","templated":true}]}}