{"id":37215,"date":"2023-02-02T13:43:11","date_gmt":"2023-02-02T16:43:11","guid":{"rendered":"https:\/\/corrientesdetarde.com\/?p=37215"},"modified":"2023-02-02T13:43:16","modified_gmt":"2023-02-02T16:43:16","slug":"en-santa-ana-valdes-entrego-viviendas-y-anuncio-la-construccion-de-un-polideportivo-cordon-cuneta-y-mas-unidades-habitacionales","status":"publish","type":"post","link":"https:\/\/corrientesdetarde.com\/index.php\/locales\/en-santa-ana-valdes-entrego-viviendas-y-anuncio-la-construccion-de-un-polideportivo-cordon-cuneta-y-mas-unidades-habitacionales\/","title":{"rendered":"En Santa Ana, Vald\u00e9s entreg\u00f3 viviendas y anunci\u00f3 la construcci\u00f3n de un Polideportivo, cord\u00f3n cuneta y m\u00e1s unidades habitacionales"},"content":{"rendered":"\n<p>En una intensa jornada de inauguraciones que encabez\u00f3 junto a la intendenta Silvana Almir\u00f3n, el gobernador de Corrientes entreg\u00f3 10 viviendas del programa O\u00f1ondiv\u00e9 a vecinos de la localidad de Santa Ana. Durante el acto, adem\u00e1s, rubric\u00f3 convenios para la ejecuci\u00f3n de un Polideportivo, de 10 hogares m\u00e1s y 1km de cord\u00f3n cuneta \u201cpara poner en condiciones el acceso a la localidad\u201d.<\/p>\n\n\n\n<p>Gustavo Vald\u00e9s arrib\u00f3 esta ma\u00f1ana a la comuna distante a 18km de Capital, para dar inicio a un c\u00famulo de actividades en la jurisdicci\u00f3n (posteriormente ten\u00eda programado otras inauguraciones en materia de infraestructura).<\/p>\n\n\n\n<p>Promediando el acto, se llev\u00f3 adelante la bendici\u00f3n de las carpetas, llaves y viviendas, por parte del presb\u00edtero Guillermo Danuzzo, y posteriormente, una de las adjudicatarias, Ana Mercedes Romero, brind\u00f3 unas palabras de agradecimiento al gobernador por \u201cla oportunidad de darnos una vivienda digna\u201d.<\/p>\n\n\n\n<p>Al finalizar la ceremonia, se cedieron las llaves y carpetas a los beneficiarios, se realiz\u00f3 el tradicional corte de cintas, y se recorri\u00f3 el interior de una de las viviendas.<\/p>\n\n\n\n<p><strong>Programa O\u00f1ondiv\u00e9<\/strong><\/p>\n\n\n\n<p>El titular del Ejecutivo presidi\u00f3 la entrega de 10 unidades habitacionales del Plan Provincial de&nbsp;O\u00f1ondiv\u00e9 (y anunci\u00f3 10 m\u00e1s), programa a trav\u00e9s del cual el Instituto de Vivienda de Corrientes aporta materiales, el ministerio de Desarrollo Social provee los muebles y los Municipios aportan los terrenos y aseguran la provisi\u00f3n de mano de obra para la ejecuci\u00f3n de los mismos m\u00f3dulos.<\/p>\n\n\n\n<p><strong>Convenios<\/strong><\/p>\n\n\n\n<p>En la oportunidad, Vald\u00e9s y la intendente Silvana Almir\u00f3n firmaron convenios para: la construcci\u00f3n de diez m\u00f3dulos habitacionales por 31 millones 700 mil pesos; la edificaci\u00f3n del nuevo polideportivo de Santa Ana, por la suma de 70 millones de pesos; y para la construcci\u00f3n de diez cuadras de cord\u00f3n cuneta, por un monto de 25 millones de pesos<\/p>\n\n\n\n<p><strong>Vald\u00e9s<\/strong><\/p>\n\n\n\n<p>\u201cLa vivienda es un derecho fundamental del ser humano, por eso salimos a generar un nuevo programa como O\u00f1ondiv\u00e9\u201d, resalt\u00f3 inicialmente el mandatario, detallando el trabajo articulado del INVICO, Desarrollo Social y los Municipios, para que los vecinos cuenten con la casa propia. \u201cEstamos ejecutando m\u00e1s de 600 viviendas en el interior provincial\u201d, aport\u00f3.<\/p>\n\n\n\n<p>En este contexto, Vald\u00e9s record\u00f3 que \u201cpor primera vez en la historia, Corrientes pone m\u00e1s recursos en materia habitacional que la Naci\u00f3n\u201d, a la vez que enumer\u00f3 los convenios rubricados en la oportunidad: para la construcci\u00f3n de 10 nuevas viviendas, 10 cuadras de cord\u00f3n cuneta y de un Polideportivo municipal.<\/p>\n\n\n\n<p>Asimismo, el gobernador destac\u00f3 el crecimiento de la comuna y ratific\u00f3 su permanente apoyo a la misma y para la zona del Ingenio Correntino, con m\u00e1s obras.<\/p>\n\n\n\n<p><strong>Palabras de la intendente y Lizardo Gonz\u00e1lez<\/strong><\/p>\n\n\n\n<p>Al tomar la palabra, la intendente de Santa Ana, Mar\u00eda Silvana Almir\u00f3n, se dirigi\u00f3 al Gobernador y le agradeci\u00f3 por \u201cpensar en nosotros, tenernos presentes y poder incluirnos a trav\u00e9s de INVICO, en este programa para mejorar la calidad de vida de las familias\u201d.<\/p>\n\n\n\n<p>Por su parte, el interventor del Instituto, Lizardo Gonz\u00e1lez, detall\u00f3 que \u201ccon este grupo de viviendas\u201d, hasta el momento, \u201cya se entregaron 300 unidades O\u00f1ondiv\u00e9 en toda la provincia\u201d.<\/p>\n\n\n\n<p><strong>Presencias<\/strong><\/p>\n\n\n\n<p>Participaron junto a las citadas autoridades; el ministro de Obras P\u00fablicas, Claudio Polich; de Desarrollo Social, Ad\u00e1n Gaya; de Ciencia y Tecnolog\u00eda, Jorge G\u00f3mez; de Industria Trabajo y Comercio, Mariel Gabur; de Coordinaci\u00f3n y Planificaci\u00f3n, Miguel Olivieri;&nbsp;secretarios y subsecretarios provinciales y municipales; la viceintendente de Santa Ana, Vanesa Aymerich; concejales; intendentes de localidades vecinas; y dem\u00e1s autoridades.<\/p>\n","protected":false},"excerpt":{"rendered":"<p>En una intensa jornada de inauguraciones que encabez\u00f3 junto a la intendenta Silvana Almir\u00f3n, el gobernador de Corrientes entreg\u00f3 10 viviendas del programa O\u00f1ondiv\u00e9 a vecinos de la localidad de&hellip; <\/p>\n","protected":false},"author":1,"featured_media":37216,"comment_status":"closed","ping_status":"open","sticky":false,"template":"","format":"standard","meta":{"footnotes":""},"categories":[8],"tags":[],"class_list":["post-37215","post","type-post","status-publish","format-standard","has-post-thumbnail","hentry","category-locales"],"_links":{"self":[{"href":"https:\/\/corrientesdetarde.com\/index.php\/wp-json\/wp\/v2\/posts\/37215","targetHints":{"allow":["GET"]}}],"collection":[{"href":"https:\/\/corrientesdetarde.com\/index.php\/wp-json\/wp\/v2\/posts"}],"about":[{"href":"https:\/\/corrientesdetarde.com\/index.php\/wp-json\/wp\/v2\/types\/post"}],"author":[{"embeddable":true,"href":"https:\/\/corrientesdetarde.com\/index.php\/wp-json\/wp\/v2\/users\/1"}],"replies":[{"embeddable":true,"href":"https:\/\/corrientesdetarde.com\/index.php\/wp-json\/wp\/v2\/comments?post=37215"}],"version-history":[{"count":1,"href":"https:\/\/corrientesdetarde.com\/index.php\/wp-json\/wp\/v2\/posts\/37215\/revisions"}],"predecessor-version":[{"id":37217,"href":"https:\/\/corrientesdetarde.com\/index.php\/wp-json\/wp\/v2\/posts\/37215\/revisions\/37217"}],"wp:featuredmedia":[{"embeddable":true,"href":"https:\/\/corrientesdetarde.com\/index.php\/wp-json\/wp\/v2\/media\/37216"}],"wp:attachment":[{"href":"https:\/\/corrientesdetarde.com\/index.php\/wp-json\/wp\/v2\/media?parent=37215"}],"wp:term":[{"taxonomy":"category","embeddable":true,"href":"https:\/\/corrientesdetarde.com\/index.php\/wp-json\/wp\/v2\/categories?post=37215"},{"taxonomy":"post_tag","embeddable":true,"href":"https:\/\/corrientesdetarde.com\/index.php\/wp-json\/wp\/v2\/tags?post=37215"}],"curies":[{"name":"wp","href":"https:\/\/api.w.org\/{rel}","templated":true}]}}