{"id":37239,"date":"2023-02-02T15:01:36","date_gmt":"2023-02-02T18:01:36","guid":{"rendered":"https:\/\/corrientesdetarde.com\/?p=37239"},"modified":"2023-02-02T15:01:39","modified_gmt":"2023-02-02T18:01:39","slug":"crimen-de-lucio-dupuy-la-mama-del-nino-y-su-pareja-fueron-declaradas-culpables-de-homicidio-agravado","status":"publish","type":"post","link":"https:\/\/corrientesdetarde.com\/index.php\/crimen-y-justicia\/crimen-de-lucio-dupuy-la-mama-del-nino-y-su-pareja-fueron-declaradas-culpables-de-homicidio-agravado\/","title":{"rendered":"Crimen de Lucio Dupuy: la mam\u00e1 del ni\u00f1o y su pareja fueron declaradas culpables de homicidio agravado"},"content":{"rendered":"\n<h2 class=\"wp-block-heading\">Abigail P\u00e1ez, novia de la progenitora del ni\u00f1o, fue condenada adem\u00e1s por abuso sexual agravado. La pena se conocer\u00e1 en otra audiencia, aunque los agravantes indican que recibir\u00e1n prisi\u00f3n perpetua<\/h2>\n\n\n\n<p>El juicio por el crimen de&nbsp;<strong>Lucio Dupuy<\/strong>, producido el 26 de noviembre de 2021 cuando el ni\u00f1o ten\u00eda 5 a\u00f1os, lleg\u00f3 a su fin.<\/p>\n\n\n\n<p>Los jueces de Tribunal de Audiencias de Santa Rosa, La Pampa,&nbsp;<strong>declararon culpables a la madre, Magdalena Esp\u00f3sito Valenti, y a la novia de ella, Abiga\u00edl P\u00e1ez, de los delitos de homicidio agravado.&nbsp;<\/strong>Para los jueces Alejandra Ongaro, Andr\u00e9s Oli\u00e9 y Daniel S\u00e1ez no hay dudas:&nbsp;<strong>ambas mujeres fueron las asesinas.<\/strong><\/p>\n\n\n\n<p>En terminos t\u00e9cnicos, Valenti fue considerada autora material y penalmente responsable del delito de homicidio triplemente calificado por el v\u00ednculo, alevos\u00eda y ensa\u00f1amiento.<\/p>\n\n\n\n<p>P\u00e1ez fue declarada autora material y penalmente responsable del delito de homicidio doblemente calificado por alevos\u00eda y ensa\u00f1amiento, en concurso real con el delito de&nbsp;<strong>abuso sexual con acceso carnal por v\u00eda anal<\/strong>, ejecutado con un objeto f\u00e1lico, agravado por tratarse de la guardadora y por haberse cometido contra un menor de 18 a\u00f1os de edad, aprovechando la situaci\u00f3n de convivencia preexistente, como delito continuado.<\/p>\n\n\n\n<p><strong>Esp\u00f3sito Valenti<\/strong>, que tambi\u00e9n hab\u00eda sido acusada de abuso sexual, fue absuelta por este delito por el beneficio de la duda, lo que gener\u00f3 sorpresa en la querella y el malestar de organizaciones sociales que estuvieron presentes en la audiencia, realizada este mediod\u00eda.<\/p>\n\n\n\n<p>El 13 de febrero se conocer\u00e1 la pena que recibir\u00e1n las condendas. Sin embargo,&nbsp;<strong>los delitos y agravantes que les imputaron indican que recibir\u00e1n prisi\u00f3n perpetua.<\/strong><\/p>\n\n\n\n<p><img loading=\"lazy\" decoding=\"async\" alt=\"El papa de Lucio y el abuelo, abrazados luego de la lectura del veredicto (Gast\u00f3n Taylor)\" height=\"900\" width=\"1600\" class=\"\" src=\"https:\/\/cloudfront-us-east-1.images.arcpublishing.com\/infobae\/LR5FTLSCLBATLJW3A7ZCOPT2SE.jpg\" srcset=\"https:\/\/www.infobae.com\/new-resizer\/0moX5vIuVeCpNwlAdIU--QnpBzk=\/420x236\/filters:format(webp):quality(85)\/cloudfront-us-east-1.images.arcpublishing.com\/infobae\/LR5FTLSCLBATLJW3A7ZCOPT2SE.jpg 420w,https:\/\/www.infobae.com\/new-resizer\/JdPvPvJnC0b4hvl8Bj0kL11Cedo=\/768x432\/filters:format(webp):quality(85)\/cloudfront-us-east-1.images.arcpublishing.com\/infobae\/LR5FTLSCLBATLJW3A7ZCOPT2SE.jpg 768w,https:\/\/www.infobae.com\/new-resizer\/6hV-T3v4eEURqEsdrTcpK_oF0S4=\/992x558\/filters:format(webp):quality(85)\/cloudfront-us-east-1.images.arcpublishing.com\/infobae\/LR5FTLSCLBATLJW3A7ZCOPT2SE.jpg 992w,https:\/\/www.infobae.com\/new-resizer\/O3_w1OGNnPZf2kLcKBNKx246Om8=\/1200x675\/filters:format(webp):quality(85)\/cloudfront-us-east-1.images.arcpublishing.com\/infobae\/LR5FTLSCLBATLJW3A7ZCOPT2SE.jpg 1200w,https:\/\/www.infobae.com\/new-resizer\/Um0XkWXtdeLk8w3ZTpnveei1mQA=\/1440x810\/filters:format(webp):quality(85)\/cloudfront-us-east-1.images.arcpublishing.com\/infobae\/LR5FTLSCLBATLJW3A7ZCOPT2SE.jpg 1440w\">El papa de Lucio y el abuelo, abrazados luego de la lectura del veredicto (Gast\u00f3n Taylor)<\/p>\n\n\n\n<h2 class=\"wp-block-heading\">Los principales argumentos de los jueces<\/h2>\n\n\n\n<p>Los magistrados acreditaron que el 26 de noviembre de 2021, aproximadamente entre las 18 y 19, en el interior del domicilio en donde viv\u00edan las mujeres junto al ni\u00f1o, Abigail P\u00e1ez y Magdalena Esp\u00f3sito Valenti \u201c<strong>agredieron f\u00edsicamente a Lucio Dupuy ocasion\u00e1ndole m\u00faltiples lesiones que posteriormente provocaron su fallecimiento<\/strong>\u201d.<\/p>\n\n\n\n<p>Para llegar a esa conclusi\u00f3n, los jueces enumeraron diversas circunstancias que se transcriben a continuaci\u00f3n. Los fundamentos fueron escritos por Oli\u00e9 y respaldados por los otros dos integrantes del tribunal:<\/p>\n\n\n\n<p>&#8211; \u201cAm\u00e9n de la existencia de violencia f\u00edsica, psicol\u00f3gica y sexual, ejercida sobre Lucio Dupuy -al menos- durante los \u00faltimos meses de su vida; el 26 de noviembre, ambas acusadas ejercieron actos de violencia f\u00edsica que le provocaron la muerte\u201d.<\/p>\n\n\n\n<p>&#8211; \u201c<strong>En este devenir violento es posible advertir un&nbsp;<\/strong><em><strong>crescendo&nbsp;<\/strong><\/em><strong>de violencia<\/strong>, a la luz de los chat mantenidos entre ambas imputadas, a partir de mediados del mes de octubre de 2021, momento desde el cual se exacerba la irritaci\u00f3n que evidentemente el ni\u00f1o provocaba en ambas y en el riesgo de que ello quebrara su relaci\u00f3n sentimental, algo que ninguna de las dos parec\u00eda estar dispuesta a soportar. Ello aparece de modo sumamente gr\u00e1fico en la conversaci\u00f3n mantenida el 18 de octubre, en la cual Magdalena Esp\u00f3sito Valenti refiere que no permitir\u00eda que Lucio impida que \u201cnuestra relaci\u00f3n fluya\u201d\u201d.<\/p>\n\n\n\n<p>&#8211; \u201cSe corrobora \u2013tambi\u00e9n- en las lesiones severas que padeci\u00f3 Lucio Dupuy pocos d\u00edas antes (6 o 7 d\u00edas) del 26 de noviembre, descriptas en la autopsia, consistentes en grandes hematomas en la zona de la ingle derecha y en el gl\u00fateo derecho, de tal gravedad que, seg\u00fan el m\u00e9dico forense \u201cdebi\u00f3 dificultarle la caminata\u201d.<\/p>\n\n\n\n<p>&#8211;<strong>&nbsp;\u201c<\/strong>El fallecimiento del ni\u00f1o fue declarado a las 21.45 por el Dr. Arg\u00fcello, aunque sabemos que ya lleg\u00f3 muerto al Hospital Evita, aproximadamente a las 21.30 hs., conforme las declaraciones del propio m\u00e9dico Arg\u00fcello y las enfermeras Aldama y Howes. Todos ellos refirieron que el ni\u00f1o estaba inconsciente, no ten\u00eda pulso ni respiraba\u201d.<\/p>\n\n\n\n<p>&#8211; \u201cPero incluso ya antes, al momento que Abigail P\u00e1ez sale del domicilio con Lucio Dupuy en brazos, el ni\u00f1o ya estaba muerto, tal como lo refirieron Edgardo Mourino y la enfermera jubilada Elsa Quint\u00edn, quien indic\u00f3 que no ten\u00eda pulso. El v\u00f3mito expelido en circunstancias que estaba siendo atendido por esta \u00faltima testigo, fue explicado por el m\u00e9dico forense como un reflejo vagal de la persona cuando ya est\u00e1 muerta\u201d.<\/p>\n\n\n\n<p>&#8211; \u201cPericialmente, quedo definido el horario de la muerte de Lucio Dupuy entre las 19 y 21 hs. del d\u00eda 26 de noviembre\u201d<\/p>\n\n\n\n<p>&#8211; \u201c<strong>Pero la data que m\u00e1s interesa es aquella relativa a la producci\u00f3n de las lesiones que luego acarrearon la muerte de Lucio Dupuy, lo que fue determinado entre las 18 y 19 hs. y, con mayor precisi\u00f3n, sostuvo el m\u00e9dico forense que las m\u00e1s graves se pueden ubicar 15 o 20 minutos antes de las 19 hs., lapso temporal en el cual \u2013tal como ya se ha dicho- las acusadas se encontraban solas con el ni\u00f1o en su domicilio<\/strong>\u201d.<\/p>\n\n\n\n<p>&#8211;&nbsp;<strong>\u201d<\/strong>Estopermite descartar de plano la defensa intentada por Abigail P\u00e1ez, que la coloca a ella en mejor situaci\u00f3n procesal y -fundamentalmente- a Magdalena Esp\u00f3sito Valenti, a quien directamente excluye del lugar del hecho al momento del ataque f\u00edsico concretado el 26 de noviembre\u201d.<\/p>\n\n\n\n<p><img loading=\"lazy\" decoding=\"async\" alt=\"Los jueces Alejandra Ongaro, Andr\u00e9s Oli\u00e9 y Daniel S\u00e1ez (Gast\u00f3n Taylor)\" height=\"900\" width=\"1600\" class=\"\" src=\"https:\/\/cloudfront-us-east-1.images.arcpublishing.com\/infobae\/BOCDWHKWMREPLBMZLOVEHPWHVU.jpeg\" srcset=\"https:\/\/www.infobae.com\/new-resizer\/8ozC1Rg2jwgaXTtp2tBfeMXWp4Q=\/420x236\/filters:format(webp):quality(85)\/cloudfront-us-east-1.images.arcpublishing.com\/infobae\/BOCDWHKWMREPLBMZLOVEHPWHVU.jpeg 420w,https:\/\/www.infobae.com\/new-resizer\/8g_VoHpn7-_vB9Kdla4z0f_Ws2A=\/768x432\/filters:format(webp):quality(85)\/cloudfront-us-east-1.images.arcpublishing.com\/infobae\/BOCDWHKWMREPLBMZLOVEHPWHVU.jpeg 768w,https:\/\/www.infobae.com\/new-resizer\/OQ6WxSg1kTfRV1VRJ45SxYKIc3A=\/992x558\/filters:format(webp):quality(85)\/cloudfront-us-east-1.images.arcpublishing.com\/infobae\/BOCDWHKWMREPLBMZLOVEHPWHVU.jpeg 992w,https:\/\/www.infobae.com\/new-resizer\/QRleMkeAbxaUgcm1s0xDzC81u3I=\/1200x675\/filters:format(webp):quality(85)\/cloudfront-us-east-1.images.arcpublishing.com\/infobae\/BOCDWHKWMREPLBMZLOVEHPWHVU.jpeg 1200w,https:\/\/www.infobae.com\/new-resizer\/NRMA3zymC1QPjQ4SCyMPs-ziRXg=\/1440x810\/filters:format(webp):quality(85)\/cloudfront-us-east-1.images.arcpublishing.com\/infobae\/BOCDWHKWMREPLBMZLOVEHPWHVU.jpeg 1440w\">Los jueces Alejandra Ongaro, Andr\u00e9s Oli\u00e9 y Daniel S\u00e1ez (Gast\u00f3n Taylor)<\/p>\n\n\n\n<p>&#8211; \u201cLa declaraci\u00f3n de Abigail P\u00e1ez es mendaz. Tal como se dijo, ya para el momento que ella retorna al departamento, Lucio Dupuy hab\u00eda fallecido producto de las lesiones originadas con anterioridad. Pero m\u00e1s evidente es a\u00fan su falsedad si consideramos que como toda alusi\u00f3n a la marca estampada en el om\u00f3plato del ni\u00f1o, sostiene \u201cque lo toc\u00f3 con el pie para ver si reaccionaba\u201d; argumento pueril que desentona totalmente con la intensidad que ha debido tener no s\u00f3lo para dejar esa impronta en la piel, sino para provocar el desgarro de \u00f3rganos internos\u201d.<\/p>\n\n\n\n<p>&#8211; \u201c<strong>La causa de la muerte fue el edema cerebral como consecuencia de politraumatismos<\/strong>, circunstancia que el Dr. Toulouse ampli\u00f3 durante el debate, explicando que ese edema al no poder hincharse el cr\u00e1neo, como pasar\u00eda con cualquier otra parte del cuerpo, provoca el enclavamiento de las am\u00edgdalas cerebelosas que producen un paro card\u00edaco.&nbsp;<strong>Pero tambi\u00e9n explic\u00f3 que otras lesiones internas indicadas en la autopsia habr\u00edan provocado la muerte por hipovolemia, si no se hubiera producido el paro card\u00edaco que detuvo -naturalmente- el flujo sangu\u00edneo<\/strong>\u201d.<\/p>\n\n\n\n<p>&#8211; \u201cLas m\u00faltiples lesiones provocadas en dicho lapso presentan una etiolog\u00eda muy diferente.&nbsp;<strong>Por una parte existen mordeduras en el glande y en el brazo izquierdo (que puede interpretarse como defensiva); hematomas en la cabeza, del lado derecho e izquierdo, algunos hechos con\/contra objeto plano y otros por golpe de pu\u00f1o; hematomas numulares en el t\u00f3rax, provocado por un palo tipo de escoba con punta redondeada; hematomas en la cara interna del muslo izquierdo, producido por rasgu\u00f1o y otras en la zona inguinal que excede el rasgu\u00f1o y lucen tipo de arrastre y, finalmente m\u00faltiples lesiones en la espalda y espec\u00edficamente un \u201cpisot\u00f3n\u201d sobre el om\u00f3plato lo suficientemente fuerte como para provocar las lesiones internas en la zona abdominal<\/strong>, entre otras desgarro del h\u00edgado\u201d.<\/p>\n\n\n\n<p>&#8211; \u201c<strong>La autor\u00eda de esta \u00faltima lesi\u00f3n pudo determinarse con total precisi\u00f3n, por cuanto la marca en la piel del om\u00f3plato se corresponde perfectamente con el calzado que Abigail P\u00e1ez&nbsp;<\/strong>ten\u00eda colocado en ese momento; no as\u00ed las restantes, fundamentalmente en raz\u00f3n de las caracter\u00edsticas de este tipo de sucesos intramuros, a los cuales ya se hizo referencia y que conllevan dificultades \u2013aunque no la imposibilidad- a la hora de la reedici\u00f3n hist\u00f3rica de los hechos\u201d.<\/p>\n\n\n\n<p>&#8211; \u201cSe trata de m\u00faltiples lesiones, de diferente etiolog\u00eda, realizadas en un tiempo relativamente breve, en un \u00e1mbito peque\u00f1o, intramuros, todo lo cual determina la actuaci\u00f3n de ambas imputadas ejerciendo violencia sobre el ni\u00f1o, sin poder precisar si ello se cumpli\u00f3 en forma conjunta o alternativa\u201d.<\/p>\n\n\n\n<p>&#8211; \u201cComo se dijo, ello tambi\u00e9n es compatible con la estructura ps\u00edquica y las caracter\u00edsticas del v\u00ednculo de ambas imputadas.<strong>&nbsp;Ambas poseen una personalidad perversa, caracterizada por rasgos de irritabilidad, agresividad e impulsividad (pasaje al acto), ausencia de culpabilidad, remordimiento y falta de empat\u00eda, capacidad de manipulaci\u00f3n, enga\u00f1o y simulaci\u00f3n<\/strong>\u201d.<\/p>\n\n\n\n<h2 class=\"wp-block-heading\">El abuso sexual<\/h2>\n\n\n\n<p>Los jueces determinaron que Lucio fue v\u00edctima de diversas agresiones sexuales reiteradas al menos durante dos meses, cuyos detalles se evitan en esta cr\u00f3nica. Sin embargo,&nbsp;<strong>la prueba reunida no les permiti\u00f3 a los magistrados inferir que ambas acusadas hayan sido las autoras de estos ataques<\/strong>.<\/p>\n\n\n\n<p>\u201cSi bien entonces no albergo dudas acerca de la ocurrencia del hecho, el modo, el tiempo y elemento utilizado (o al menos uno de ellos); s\u00ed, en cambio, creo que las partes acusadoras s\u00f3lo han logrado producir prueba respecto de la autor\u00eda de una de ellas: Abigail P\u00e1ez\u201d, se especific\u00f3.<\/p>\n\n\n\n<p><strong>Esp\u00f3sito Valenti fue beneficiada entonces por el beneficio a la duda<\/strong>&nbsp;en base a uno de los principios rectores del derecho penal:&nbsp;<em><strong>in dubio pro reo.<\/strong><\/em><\/p>\n\n\n\n<p>\u201cEn cuanto a la calificaci\u00f3n jur\u00eddica propuesta, las acusaciones refirieron a este respecto que se trata de un hecho de abuso sexual gravemente ultrajante por las circunstancias de realizaci\u00f3n, con acceso carnal v\u00eda anal, agravado por haber sido la guardadora, con el concurso premeditado de dos personas y aprovechando la convivencia preexistente respecto de un menor de 18 a\u00f1os de edad, como delito continuado\u201d, detall\u00f3 el tribunal.<\/p>\n\n\n\n<h2 class=\"wp-block-heading\">\u201cLucio puede descansar en paz\u201d<\/h2>\n\n\n\n<p>El abogado de la familia,&nbsp;<strong>Jos\u00e9 Mario Aguerrido<\/strong>, habl\u00f3 a la salida del tribunal y se mostr\u00f3 disconforme con que la amdre no haya sido condenada pro el abuso: \u201c<strong>Estamos relativamente conformes, queremos ver los fundamentos. Nos sorprendi\u00f3 la absoluci\u00f3n de la madre con respecto al delito de abuso sexual. Quiero leerlo bien y analizaremos si lo apelamos\u201d.<\/strong><\/p>\n\n\n\n<p>Adem\u00e1s, agreg\u00f3 mirando al cielo y entre lagrimas:&nbsp;<strong>\u201cLucio ya puede descansar en paz, lo m\u00e1s importante era la responsabilidad por homicidio agravado, lo que indica que recibir\u00e1n prisi\u00f3n perpetua\u201d.&nbsp;<\/strong>Luego, a\u00f1adi\u00f3:<strong>&nbsp;\u201cEstoy muy emocionado, conviv\u00ed dos a\u00f1os con el horror\u201d.<\/strong><\/p>\n\n\n\n<p>0 seconds of 1 minute, 7 secondsVolume 90%Video: la reacci\u00f3n del abuelo de Lucio tras la lectura del veredicto<\/p>\n\n\n\n<h2 class=\"wp-block-heading\">Ram\u00f3n Dupuy: \u201cAc\u00e1 no hay nada que celebrar\u201d<\/h2>\n\n\n\n<p>Despu\u00e9s de darse a conocer este mediod\u00eda la condena para las asesinas de su nieto,&nbsp;<strong>Ram\u00f3n Dupuy<\/strong>, abuelo de Lucio, dijo que, a pesar de la culpabilidad otorgada por el tribunal para Magdalena Esp\u00f3sito Valenti y su novia, Abigail P\u00e1ez, \u201cno es momento de celebrar nada\u201d. \u201cEsta pena no me lo devolvi\u00f3 a Lucio\u201d.<\/p>\n\n\n\n<p><strong>\u201cEstoy conforme con la culpabilidad que se les dio<\/strong>. Las dos son responsables.&nbsp;<strong>Hay que esperar que se le de el peso a la condena<\/strong>\u201d, expres\u00f3 Ram\u00f3n en di\u00e1logo con&nbsp;<strong>Infobae.<\/strong><\/p>\n\n\n\n<p>\u201cEl dictamen que dieron es perpetua seguro, pero veremos qu\u00e9 dice Mario. Yo te puedo hablar del dolor, pero t\u00e9cnicamente nada\u201d, agreg\u00f3 el abuelo del ni\u00f1o asesinado a golpes el 26 de noviembre de 2021 por su madre y su novia.<\/p>\n\n\n\n<p><img loading=\"lazy\" decoding=\"async\" alt=\"Abrazos luego de la lectura del veredicto (Gast\u00f3n Taylor)\" height=\"900\" width=\"1600\" class=\"\" src=\"https:\/\/cloudfront-us-east-1.images.arcpublishing.com\/infobae\/JC2YL7UATBBSJPNQGMB7ECTGSM.jpg\" srcset=\"https:\/\/www.infobae.com\/new-resizer\/MDEtGlxaDb7bkPklPKsrvR4BGDs=\/420x236\/filters:format(webp):quality(85)\/cloudfront-us-east-1.images.arcpublishing.com\/infobae\/JC2YL7UATBBSJPNQGMB7ECTGSM.jpg 420w,https:\/\/www.infobae.com\/new-resizer\/z9Z25hgAQak7l4AJleGodc0FXac=\/768x432\/filters:format(webp):quality(85)\/cloudfront-us-east-1.images.arcpublishing.com\/infobae\/JC2YL7UATBBSJPNQGMB7ECTGSM.jpg 768w,https:\/\/www.infobae.com\/new-resizer\/1-vn_tatO-UC8GcqSz84TKTxz-U=\/992x558\/filters:format(webp):quality(85)\/cloudfront-us-east-1.images.arcpublishing.com\/infobae\/JC2YL7UATBBSJPNQGMB7ECTGSM.jpg 992w,https:\/\/www.infobae.com\/new-resizer\/WcpP77m1mE0Pi9EuSz3Kqk4c74w=\/1200x675\/filters:format(webp):quality(85)\/cloudfront-us-east-1.images.arcpublishing.com\/infobae\/JC2YL7UATBBSJPNQGMB7ECTGSM.jpg 1200w,https:\/\/www.infobae.com\/new-resizer\/3bmGpas46kD4C_08BLvs5W6rlfc=\/1440x810\/filters:format(webp):quality(85)\/cloudfront-us-east-1.images.arcpublishing.com\/infobae\/JC2YL7UATBBSJPNQGMB7ECTGSM.jpg 1440w\">Abrazos luego de la lectura del veredicto (Gast\u00f3n Taylor)<\/p>\n\n\n\n<h2 class=\"wp-block-heading\">La autopsia<\/h2>\n\n\n\n<p>La m\u00e1s importante, quiz\u00e1s, de las pruebas presentadas en el juicio fue la autopsia. Estuvo expuesta por&nbsp;<strong>Juan Carlos Toulouse<\/strong>, el m\u00e9dico que realiz\u00f3 el estudio del cuerpo de&nbsp;<strong>Lucio<\/strong>, en la cuarta audiencia del debate oral.<\/p>\n\n\n\n<p>Ante los magistrados, Toulouse reafirm\u00f3 que el ni\u00f1o falleci\u00f3 a causa de una \u201c<strong>feroz golpiza\u201d<\/strong>&nbsp;y que presentaba \u201c<strong>lesiones en varias partes del cuerpo\u201d<\/strong>, seg\u00fan informaron fuentes judiciales.<\/p>\n\n\n\n<p>Asegur\u00f3 que hab\u00eda sido v\u00edctima de&nbsp;<strong>abusos sexuales&nbsp;<\/strong>\u201crecientes y de vieja data\u201d, al mismo tiempo que presentaba \u201cun fuerte golpe que le afectaba la cadera, el gl\u00fateo y la pierna, con una data de 7 a 8 d\u00edas\u201d.<\/p>\n\n\n\n<p><strong>\u201cHubo una agresi\u00f3n puntual que le provoc\u00f3 la muerte\u201d<\/strong>, seg\u00fan la autopsia presentada en la causa. Lucio muri\u00f3 a ra\u00edz de una hemorragia interna provocada por una paliza. Adem\u00e1s de los signos de abuso, present\u00f3 quemaduras y mordidas.<\/p>\n\n\n\n<p>El documento forense tambi\u00e9n evidenci\u00f3 que, al igual que&nbsp;<strong>Fernando Ba\u00e9z Sosa<\/strong>, Lucio ten\u00eda la suela de una zapatilla marcada en la espalda. Gracias a una pericia&nbsp;<strong>scopom\u00e9trica<\/strong>, se determin\u00f3 que el calzado le pertenec\u00eda a&nbsp;<strong>Abiga\u00edl P\u00e1ez<\/strong>, la novia de la madre.<\/p>\n\n\n\n<p>\u201cAbigail P\u00e1ez lo pis\u00f3 con tanta fuerza en su espaldita que, probablemente,&nbsp;<strong>le revent\u00f3 el coraz\u00f3n junto a distintos \u00f3rganos<\/strong>\u201d, revelaron los m\u00e9dicos que hablaron en el juicio.<\/p>\n\n\n\n<p><img loading=\"lazy\" decoding=\"async\" alt=\"En la puerta de tribunales se produjo una masiva movilizaci\u00f3n reclamando justicia \" height=\"809\" width=\"891\" class=\"\" src=\"https:\/\/cloudfront-us-east-1.images.arcpublishing.com\/infobae\/Z2GQNZBMUZFYTK3ZXYDS3G2HVI.jpeg\" srcset=\"https:\/\/www.infobae.com\/new-resizer\/L74iQy2StNCn5g6cZtdL9eBfCU8=\/420x420\/filters:format(webp):quality(85)\/cloudfront-us-east-1.images.arcpublishing.com\/infobae\/Z2GQNZBMUZFYTK3ZXYDS3G2HVI.jpeg 420w,https:\/\/www.infobae.com\/new-resizer\/MRyx09XzDbwZbGhHl0TCboRkXws=\/768x768\/filters:format(webp):quality(85)\/cloudfront-us-east-1.images.arcpublishing.com\/infobae\/Z2GQNZBMUZFYTK3ZXYDS3G2HVI.jpeg 768w,https:\/\/www.infobae.com\/new-resizer\/dOTRqm_UewihvSIj-OUxi9WyZmk=\/992x992\/filters:format(webp):quality(85)\/cloudfront-us-east-1.images.arcpublishing.com\/infobae\/Z2GQNZBMUZFYTK3ZXYDS3G2HVI.jpeg 992w,https:\/\/www.infobae.com\/new-resizer\/qBA9pRyu2HThzj4-Iy8sWRtrQuw=\/1200x1200\/filters:format(webp):quality(85)\/cloudfront-us-east-1.images.arcpublishing.com\/infobae\/Z2GQNZBMUZFYTK3ZXYDS3G2HVI.jpeg 1200w,https:\/\/www.infobae.com\/new-resizer\/Ds5O9Q0G3mmYWotLNXivuBa8d9k=\/1440x1440\/filters:format(webp):quality(85)\/cloudfront-us-east-1.images.arcpublishing.com\/infobae\/Z2GQNZBMUZFYTK3ZXYDS3G2HVI.jpeg 1440w\">En la puerta de tribunales se produjo una masiva movilizaci\u00f3n reclamando justicia<\/p>\n\n\n\n<h2 class=\"wp-block-heading\">Los chats entre las acusadas<\/h2>\n\n\n\n<p>Tal como revel\u00f3&nbsp;<strong>Infobae<\/strong>, las conversaciones que tuvieron las imputadas, entre ellas, a trav\u00e9s de WhatsApp los meses previos al asesinato se convirtieron en una prueba esencial. B\u00e1sicamente porque all\u00ed relataban los&nbsp;<strong>castigos&nbsp;<\/strong>que le propinaban al nene.<\/p>\n\n\n\n<p><strong>\u201cQu\u00e9 no se te vaya la mano que nos vamos a mandar una cagada\u201d<\/strong>, fue uno de los mensajes que le mando la mam\u00e1 de Lucio a su novia cuando faltaban pocos d\u00edas para el homicidio.&nbsp;<strong>\u201cEstoy harta. Yo tengo que estar todo el d\u00eda con este pendejo\u201d<\/strong>, era una respuesta habitual en Abiga\u00edl P\u00e1ez.<\/p>\n\n\n\n<p>Ante un episodio, de octubre del 2021, en el que Lucio vomit\u00f3, las imputadas hablaron entre ellas del castigo que se le aplic\u00f3 al nene.&nbsp;<strong>\u201c\u00bfC\u00f3mo le pegaste? Ya van dos veces que vomita\u201d. Luego de eso&nbsp;<\/strong>La novia de la madre escribi\u00f3:&nbsp;<strong>\u201cNo lo quiero ni ver a Lucio porque me amarga la vida\u201d<\/strong>.<\/p>\n\n\n\n<p><img loading=\"lazy\" decoding=\"async\" alt=\"Lucio sobre un cuatriciclo \" height=\"1080\" width=\"1920\" class=\"\" src=\"https:\/\/cloudfront-us-east-1.images.arcpublishing.com\/infobae\/YPDYI54KXRBPHBGKRZT3G3USUE.jpg\" srcset=\"https:\/\/www.infobae.com\/new-resizer\/esDO_W6NSkP_ow_ARXnoSOr1Uqw=\/420x236\/filters:format(webp):quality(85)\/cloudfront-us-east-1.images.arcpublishing.com\/infobae\/YPDYI54KXRBPHBGKRZT3G3USUE.jpg 420w,https:\/\/www.infobae.com\/new-resizer\/2hhn7tsLbCfLTZzYgct9p0952Nc=\/768x432\/filters:format(webp):quality(85)\/cloudfront-us-east-1.images.arcpublishing.com\/infobae\/YPDYI54KXRBPHBGKRZT3G3USUE.jpg 768w,https:\/\/www.infobae.com\/new-resizer\/guzCsekdp2VAwO9dx-k3V34yuvM=\/992x558\/filters:format(webp):quality(85)\/cloudfront-us-east-1.images.arcpublishing.com\/infobae\/YPDYI54KXRBPHBGKRZT3G3USUE.jpg 992w,https:\/\/www.infobae.com\/new-resizer\/Izi_ixdfxPs-Doop1vFT7Ttvirk=\/1200x675\/filters:format(webp):quality(85)\/cloudfront-us-east-1.images.arcpublishing.com\/infobae\/YPDYI54KXRBPHBGKRZT3G3USUE.jpg 1200w,https:\/\/www.infobae.com\/new-resizer\/uUYAjLUkugeVkBkWAqYcSfO_9bw=\/1440x810\/filters:format(webp):quality(85)\/cloudfront-us-east-1.images.arcpublishing.com\/infobae\/YPDYI54KXRBPHBGKRZT3G3USUE.jpg 1440w\">Lucio sobre un cuatriciclo<\/p>\n\n\n\n<h2 class=\"wp-block-heading\">Los testimonios en el juicio<\/h2>\n\n\n\n<p>Si bien fueron&nbsp;<strong>m\u00e1s de cien&nbsp;<\/strong>los testigos que pasaron por la sala de audiencias, entre ellos el&nbsp;<strong>pap\u00e1<\/strong>&nbsp;y los&nbsp;<strong>abuelos de Lucio<\/strong>, existieron algunos relatos que llamaron mucho la atenci\u00f3n porque desnudaron, a\u00fan m\u00e1s, el horror al que estuvo sometido el nene.<\/p>\n\n\n\n<p>Por un lado, una vecina cont\u00f3 que escuchaba los golpes, que llam\u00f3 a la polic\u00eda y nadie hizo nada y que, un d\u00eda, oy\u00f3 a las acusadas decirse entre ellas: \u201c<strong>sacale la ropa y cagalo a palos, dejalo marcado porque lo mato yo\u201d.<\/strong><\/p>\n\n\n\n<p>Por el otro, las madres de los amiguitos de&nbsp;<strong>Lucio<\/strong>&nbsp;contaron c\u00f3mo quedaban asombradas, cada vez que la v\u00edctima era invitada a almorzar, por la cantidad de comida que inger\u00eda.&nbsp;<strong>\u201cEso se daba porque Lucio pasaba hambre. Adem\u00e1s de todo lo que le hac\u00edan, no le daban alimento\u201d<\/strong>, se\u00f1al\u00f3 el abogado de los Dupuy, Jos\u00e9 Mario Aguerrido.<\/p>\n\n\n\n<p>Claro est\u00e1 que en el expediente, y en el juicio que termin\u00f3 hoy, hay m\u00e1s evidencias. Algunas espeluznantes como las lesiones compatibles con abuso sexual y el ADN de Lucio en el juguete sexual de la madre y su novia. Todo este c\u00famulo de pruebas llevaron a los jueces a tomar su decisi\u00f3n final.<\/p>\n","protected":false},"excerpt":{"rendered":"<p>Abigail P\u00e1ez, novia de la progenitora del ni\u00f1o, fue condenada adem\u00e1s por abuso sexual agravado. La pena se conocer\u00e1 en otra audiencia, aunque los agravantes indican que recibir\u00e1n prisi\u00f3n perpetua&hellip; <\/p>\n","protected":false},"author":1,"featured_media":37241,"comment_status":"closed","ping_status":"open","sticky":false,"template":"","format":"standard","meta":{"footnotes":""},"categories":[5],"tags":[],"class_list":["post-37239","post","type-post","status-publish","format-standard","has-post-thumbnail","hentry","category-crimen-y-justicia"],"_links":{"self":[{"href":"https:\/\/corrientesdetarde.com\/index.php\/wp-json\/wp\/v2\/posts\/37239","targetHints":{"allow":["GET"]}}],"collection":[{"href":"https:\/\/corrientesdetarde.com\/index.php\/wp-json\/wp\/v2\/posts"}],"about":[{"href":"https:\/\/corrientesdetarde.com\/index.php\/wp-json\/wp\/v2\/types\/post"}],"author":[{"embeddable":true,"href":"https:\/\/corrientesdetarde.com\/index.php\/wp-json\/wp\/v2\/users\/1"}],"replies":[{"embeddable":true,"href":"https:\/\/corrientesdetarde.com\/index.php\/wp-json\/wp\/v2\/comments?post=37239"}],"version-history":[{"count":1,"href":"https:\/\/corrientesdetarde.com\/index.php\/wp-json\/wp\/v2\/posts\/37239\/revisions"}],"predecessor-version":[{"id":37242,"href":"https:\/\/corrientesdetarde.com\/index.php\/wp-json\/wp\/v2\/posts\/37239\/revisions\/37242"}],"wp:featuredmedia":[{"embeddable":true,"href":"https:\/\/corrientesdetarde.com\/index.php\/wp-json\/wp\/v2\/media\/37241"}],"wp:attachment":[{"href":"https:\/\/corrientesdetarde.com\/index.php\/wp-json\/wp\/v2\/media?parent=37239"}],"wp:term":[{"taxonomy":"category","embeddable":true,"href":"https:\/\/corrientesdetarde.com\/index.php\/wp-json\/wp\/v2\/categories?post=37239"},{"taxonomy":"post_tag","embeddable":true,"href":"https:\/\/corrientesdetarde.com\/index.php\/wp-json\/wp\/v2\/tags?post=37239"}],"curies":[{"name":"wp","href":"https:\/\/api.w.org\/{rel}","templated":true}]}}