{"id":37250,"date":"2023-02-02T15:12:18","date_gmt":"2023-02-02T18:12:18","guid":{"rendered":"https:\/\/corrientesdetarde.com\/?p=37250"},"modified":"2023-02-02T15:12:22","modified_gmt":"2023-02-02T18:12:22","slug":"la-ministra-de-salud-de-chaco-fue-mordida-por-una-vibora-la-derivaron-al-cardiologico","status":"publish","type":"post","link":"https:\/\/corrientesdetarde.com\/index.php\/actualidad\/la-ministra-de-salud-de-chaco-fue-mordida-por-una-vibora-la-derivaron-al-cardiologico\/","title":{"rendered":"La ministra de Salud de Chaco fue mordida por una v\u00edbora: la derivaron al Cardiol\u00f3gico"},"content":{"rendered":"\n<p>La funcionaria se encuentra en el centro de salud de Corrientes debido a que sufre una\u00a0patolog\u00eda card\u00edaca de base.<\/p>\n\n\n\n<p>La ministra de Salud de Chaco,&nbsp;Carolina Centeno,&nbsp;&nbsp;<strong>fue mordida por una v\u00edbora cuando regresaba de un acto<\/strong>&nbsp; y se detuvo en el camino para asistir a un personal de Bombero, informaron este jueves fuentes de la cartera sanitaria.&nbsp;<\/p>\n\n\n\n<p>La funcionaria, al descender de su veh\u00edculo para brindar ayuda, fue mordida por una v\u00edbora que, de acuerdo a la informaci\u00f3n brindada, era una yarar\u00e1.<\/p>\n\n\n\n<p>La ministra Centeno&nbsp;&nbsp;<strong>recibi\u00f3 asistencia m\u00e9dica inmediata y se le administr\u00f3 el suero antiof\u00eddico.<\/strong><\/p>\n\n\n\n<p>Luego, fue trasladada a la capital chaque\u00f1a, donde la internaron en el Hospital Perrando. All\u00ed, fue estabilizada y monitoreada por profesionales del sistema p\u00fablico.&nbsp;<\/p>\n\n\n\n<p>Siguiendo los lineamientos aconsejados por los profesionales que la asisten y debido a una patolog\u00eda card\u00edaca de base de la funcionaria, m\u00e1s tarde&nbsp;&nbsp;<strong>fue derivada al Instituto Cardiol\u00f3gico de Corrientes,<\/strong>&nbsp; &nbsp;donde se encuentra junto a su m\u00e9dico de cabecera, realiz\u00e1ndose una serie de estudios y chequeos espec\u00edficos recomendados, como consecuencia de la mordedura sufrida.<\/p>\n\n\n\n<p>En las pr\u00f3ximas horas se dar\u00e1 a conocer un parte m\u00e9dico con la evoluci\u00f3n de su estado de salud.<\/p>\n\n\n\n<p>La derivaci\u00f3n fue posible debido al convenio que el Gobierno de la Provincia del Chaco tiene con el mencionado Instituto Cardiol\u00f3gico para la realizaci\u00f3n de estudios de alta complejidad.&nbsp;<\/p>\n\n\n\n<p>Centeno fue parte de la comitiva que acompa\u00f1\u00f3 ayer al gobernador, Jorge Capitanich, en la visita del presidente, Alberto Fern\u00e1ndez, a la localidad de Fuerte Esperanza.<\/p>\n","protected":false},"excerpt":{"rendered":"<p>La funcionaria se encuentra en el centro de salud de Corrientes debido a que sufre una\u00a0patolog\u00eda card\u00edaca de base. La ministra de Salud de Chaco,&nbsp;Carolina Centeno,&nbsp;&nbsp;fue mordida por una v\u00edbora&hellip; <\/p>\n","protected":false},"author":1,"featured_media":37251,"comment_status":"closed","ping_status":"open","sticky":false,"template":"","format":"standard","meta":{"footnotes":""},"categories":[23],"tags":[],"class_list":["post-37250","post","type-post","status-publish","format-standard","has-post-thumbnail","hentry","category-actualidad"],"_links":{"self":[{"href":"https:\/\/corrientesdetarde.com\/index.php\/wp-json\/wp\/v2\/posts\/37250","targetHints":{"allow":["GET"]}}],"collection":[{"href":"https:\/\/corrientesdetarde.com\/index.php\/wp-json\/wp\/v2\/posts"}],"about":[{"href":"https:\/\/corrientesdetarde.com\/index.php\/wp-json\/wp\/v2\/types\/post"}],"author":[{"embeddable":true,"href":"https:\/\/corrientesdetarde.com\/index.php\/wp-json\/wp\/v2\/users\/1"}],"replies":[{"embeddable":true,"href":"https:\/\/corrientesdetarde.com\/index.php\/wp-json\/wp\/v2\/comments?post=37250"}],"version-history":[{"count":1,"href":"https:\/\/corrientesdetarde.com\/index.php\/wp-json\/wp\/v2\/posts\/37250\/revisions"}],"predecessor-version":[{"id":37252,"href":"https:\/\/corrientesdetarde.com\/index.php\/wp-json\/wp\/v2\/posts\/37250\/revisions\/37252"}],"wp:featuredmedia":[{"embeddable":true,"href":"https:\/\/corrientesdetarde.com\/index.php\/wp-json\/wp\/v2\/media\/37251"}],"wp:attachment":[{"href":"https:\/\/corrientesdetarde.com\/index.php\/wp-json\/wp\/v2\/media?parent=37250"}],"wp:term":[{"taxonomy":"category","embeddable":true,"href":"https:\/\/corrientesdetarde.com\/index.php\/wp-json\/wp\/v2\/categories?post=37250"},{"taxonomy":"post_tag","embeddable":true,"href":"https:\/\/corrientesdetarde.com\/index.php\/wp-json\/wp\/v2\/tags?post=37250"}],"curies":[{"name":"wp","href":"https:\/\/api.w.org\/{rel}","templated":true}]}}