{"id":37253,"date":"2023-02-02T15:14:39","date_gmt":"2023-02-02T18:14:39","guid":{"rendered":"https:\/\/corrientesdetarde.com\/?p=37253"},"modified":"2023-02-02T15:14:43","modified_gmt":"2023-02-02T18:14:43","slug":"lionel-messi-y-gerard-pique-una-relacion-rota-el-dia-de-la-traicion-y-la-palabra-judas-en-el-vestuario","status":"publish","type":"post","link":"https:\/\/corrientesdetarde.com\/index.php\/deportes\/lionel-messi-y-gerard-pique-una-relacion-rota-el-dia-de-la-traicion-y-la-palabra-judas-en-el-vestuario\/","title":{"rendered":"Lionel Messi y Gerard Piqu\u00e9, una relaci\u00f3n rota: el d\u00eda de la traici\u00f3n y la palabra \u201cJudas\u201d en el vestuario"},"content":{"rendered":"\n<h2 class=\"wp-block-heading\">La amistad entre los exjugadores del Barcelona se quebr\u00f3 despu\u00e9s de que el defensor le aconsejara al presidente blaugrana no renovar el contrato del crack argentino.<\/h2>\n\n\n\n<p>A pesar de que\u00a0<strong>Lionel Messi<\/strong>\u00a0ya lleva casi dos a\u00f1os como jugador del\u00a0<strong>PSG\u00a0<\/strong>de Francia, a\u00fan siguen saliendo a la luz detalles de los entretelones de su salida del\u00a0<strong>Barcelona<\/strong>. En las \u00faltimas horas, en la prensa espa\u00f1ola public\u00f3 una informaci\u00f3n en el cual se da por sentado que\u00a0<strong>Gerard Piqu\u00e9 jug\u00f3 un rol fundamental en la operaci\u00f3n<\/strong>\u00a0al haber aconsejado al presidente Blaugrana,\u00a0<strong>Joan Laporta,<\/strong>\u00a0que dejara ir al delantero para acomodar las finanzas del club.<\/p>\n\n\n\n<p><strong>\u201cSin Leo, se arregla el tema del fair play financiero\u201d<\/strong>. Esas fueron las palabras que habr\u00eda pronunciado el zaguero central al m\u00e1ximo dirigente de la entidad catalana seg\u00fanla informaci\u00f3n dada a conocer por el periodista Juan Irigoyen en el diario&nbsp;<em>El Pa\u00eds.<\/em>&nbsp;El consejo habr\u00eda sido dado en pleno auge de las negociaciones a contrarreloj por la continuidad del capit\u00e1n del argentino.<\/p>\n\n\n\n<p>Esta recomendaci\u00f3n de Piqu\u00e9, que se conoci\u00f3 hace apenas unos meses, ahora toma m\u00e1s relevancia tras el dato de la prensa espa\u00f1ola que cont\u00f3 detalles de lo que era el vestuario blaugrana por esos d\u00edas.<\/p>\n\n\n\n<figure class=\"wp-block-image\"><img decoding=\"async\" src=\"https:\/\/tn.com.ar\/resizer\/rLvB-o76LZqECW1kzIdLHc1jBdM=\/767x0\/smart\/filters:format(webp)\/cloudfront-us-east-1.images.arcpublishing.com\/artear\/DLTQD25AVP2QNQTBHA3D5CPVEY.jpg\" alt=\"Messi y Piqu\u00e9, cuando eran amigos en el Barcelona. (Foto: AFP)\"\/><figcaption>Messi y Piqu\u00e9, cuando eran amigos en el Barcelona. (Foto: AFP)<\/figcaption><\/figure>\n\n\n\n<p>Un video de Tik Tok muestra a un periodista del programa espa\u00f1ol \u201cS\u00e1lvame\u201d contar que antes de irse del club,&nbsp;<strong>Messi fue al vestuario a recoger sus pertenencias y escribi\u00f3 en la pizarra la palabra \u201cJudas\u201d<\/strong>, para que todo el equipo viera que hab\u00eda un traidor y que la relaci\u00f3n estaba rota. Cuando Gerard Piqu\u00e9 lleg\u00f3 y lo vi\u00f3, le pregunt\u00f3 a su amigo y compa\u00f1ero Jordi Alba a qui\u00e9n estaba dirigido:&nbsp;<strong>\u201cA vos\u201d<\/strong>, contest\u00f3 el defensor.<\/p>\n\n\n\n<p>La realidad indica que Piqu\u00e9 se imaginaba que la \u201cJudas\u201d pod\u00eda estar relacionada con \u00e9l, pero necesitaba corroborarlo con Alba, que adem\u00e1s de su amigo, es \u00edntimo de Messi.<\/p>\n\n\n\n<h2 class=\"wp-block-heading\">Messi-Piqu\u00e9, una relaci\u00f3n rota<\/h2>\n\n\n\n<p>Este dato respecto del rol que jug\u00f3 el espa\u00f1ol en la salida del argentino del Barcelona dej\u00f3 en evidencia que el v\u00ednculo entre ambos es ahora inexistente. De hecho, en Espa\u00f1a circularon fuertes versiones de que&nbsp;<strong>la presencia del rosarino fue la raz\u00f3n por la que el defensor no concurri\u00f3 a la fiesta de cumplea\u00f1os de Xavi a fines de enero pasado.<\/strong>&nbsp;La Pulga viaj\u00f3 junto a Antonella Roccuzzo desde Par\u00eds para participar de la cena en honor a su ex compa\u00f1ero de equipo y actual DT del conjunto Blaugrana. All\u00ed se reencontr\u00f3 con otros grandes amigos como&nbsp;<strong>Jordi Alba<\/strong>&nbsp;y&nbsp;<strong>Sergio Busquets.<\/strong><\/p>\n\n\n\n<p>Esta mala relaci\u00f3n entre ambos qued\u00f3 en evidencia tambi\u00e9n en las redes sociales. Messi nunca public\u00f3 nada el d\u00eda que Pique se retir\u00f3 del f\u00fatbol, mientras que el catal\u00e1n tampoco expres\u00f3 sus sentimientos despu\u00e9s de que el argentino ganara la Copa del Mundo, en Qatar.<\/p>\n\n\n\n<figure class=\"wp-block-image\"><img decoding=\"async\" src=\"https:\/\/tn.com.ar\/resizer\/kfD5bZHpF0886bV9yUlFH7mwAg8=\/767x0\/smart\/filters:format(webp)\/cloudfront-us-east-1.images.arcpublishing.com\/artear\/WN6J5WTWH4ZDEQSZ7MAJU4WVFI.jpg\" alt=\"EL BESO DE JUDAS. Messi y Piqu\u00e9, una relaci\u00f3n rota tras m\u00e1s de 18 a\u00f1os de amistad. (Foto AFP)\"\/><figcaption>EL BESO DE JUDAS. Messi y Piqu\u00e9, una relaci\u00f3n rota tras m\u00e1s de 18 a\u00f1os de amistad. (Foto AFP)<\/figcaption><\/figure>\n\n\n\n<h2 class=\"wp-block-heading\">El enojo de Messi con Piqu\u00e9 y el final de una gran amistad<\/h2>\n\n\n\n<p><strong>Messi y Piqu\u00e9&nbsp;<\/strong>se conocieron en las infantiles del Barcelona y coincidieron en el primer equipo catal\u00e1n durante 13 temporadas. La primera vez que jugaron un partido como cul\u00e9s fue en 2008, en la segunda jornada del campeonato de Liga ante Racing de Santander en el Camp Nou, cuando la Pulga entr\u00f3 a los 58 minutos y el central espa\u00f1ol jug\u00f3 de titular.<\/p>\n\n\n\n<p>Pero todos esos a\u00f1os compartidos se rompieron cuando en 2021 Joan Laporta, presidente del club catal\u00e1n,\u00a0anunci\u00f3 que no le renovar\u00edan el contrato a Messi\u00a0debido a una deuda del club que sobrepasaba los 1000 millones de euros, por lo que la cr\u00edtica situaci\u00f3n supuestamente imposibilitaba hacerle frente a la alta ficha de Leo.<\/p>\n\n\n\n<p>Con la masa salarial m\u00e1s alta del mundo y pagos desorbitados por fichajes,\u00a0<strong>la deuda total ascendi\u00f3 hasta los 1173 millones de euros,\u00a0<\/strong>730 millones a corto plazo y nuevo equipo directivo, presidido por Joan Laporta, no encontr\u00f3 mejor manera de afrontar el temporal que sacar a Lionel Messi. \u00bfC\u00f3mo lo hizo? Poco despu\u00e9s trascendi\u00f3 que Piqu\u00e9, referente del Barcelona, lo ayud\u00f3 a tomar la decisi\u00f3n:\u00a0<strong>\u201cSin Leo se arregla el fair play financiero<\/strong>\u201d, le dijo.<\/p>\n","protected":false},"excerpt":{"rendered":"<p>La amistad entre los exjugadores del Barcelona se quebr\u00f3 despu\u00e9s de que el defensor le aconsejara al presidente blaugrana no renovar el contrato del crack argentino. A pesar de que\u00a0Lionel&hellip; <\/p>\n","protected":false},"author":1,"featured_media":37254,"comment_status":"closed","ping_status":"open","sticky":false,"template":"","format":"standard","meta":{"footnotes":""},"categories":[4],"tags":[],"class_list":["post-37253","post","type-post","status-publish","format-standard","has-post-thumbnail","hentry","category-deportes"],"_links":{"self":[{"href":"https:\/\/corrientesdetarde.com\/index.php\/wp-json\/wp\/v2\/posts\/37253","targetHints":{"allow":["GET"]}}],"collection":[{"href":"https:\/\/corrientesdetarde.com\/index.php\/wp-json\/wp\/v2\/posts"}],"about":[{"href":"https:\/\/corrientesdetarde.com\/index.php\/wp-json\/wp\/v2\/types\/post"}],"author":[{"embeddable":true,"href":"https:\/\/corrientesdetarde.com\/index.php\/wp-json\/wp\/v2\/users\/1"}],"replies":[{"embeddable":true,"href":"https:\/\/corrientesdetarde.com\/index.php\/wp-json\/wp\/v2\/comments?post=37253"}],"version-history":[{"count":1,"href":"https:\/\/corrientesdetarde.com\/index.php\/wp-json\/wp\/v2\/posts\/37253\/revisions"}],"predecessor-version":[{"id":37255,"href":"https:\/\/corrientesdetarde.com\/index.php\/wp-json\/wp\/v2\/posts\/37253\/revisions\/37255"}],"wp:featuredmedia":[{"embeddable":true,"href":"https:\/\/corrientesdetarde.com\/index.php\/wp-json\/wp\/v2\/media\/37254"}],"wp:attachment":[{"href":"https:\/\/corrientesdetarde.com\/index.php\/wp-json\/wp\/v2\/media?parent=37253"}],"wp:term":[{"taxonomy":"category","embeddable":true,"href":"https:\/\/corrientesdetarde.com\/index.php\/wp-json\/wp\/v2\/categories?post=37253"},{"taxonomy":"post_tag","embeddable":true,"href":"https:\/\/corrientesdetarde.com\/index.php\/wp-json\/wp\/v2\/tags?post=37253"}],"curies":[{"name":"wp","href":"https:\/\/api.w.org\/{rel}","templated":true}]}}