{"id":37258,"date":"2023-02-02T15:36:49","date_gmt":"2023-02-02T18:36:49","guid":{"rendered":"https:\/\/corrientesdetarde.com\/?p=37258"},"modified":"2023-02-02T15:36:54","modified_gmt":"2023-02-02T18:36:54","slug":"avanza-la-conformacion-de-una-mesa-politica-nacional-del-frente-de-todos","status":"publish","type":"post","link":"https:\/\/corrientesdetarde.com\/index.php\/politica\/avanza-la-conformacion-de-una-mesa-politica-nacional-del-frente-de-todos\/","title":{"rendered":"Avanza la conformaci\u00f3n de una mesa pol\u00edtica nacional del Frente de Todos"},"content":{"rendered":"\n<p>Tras los reclamos de varios sectores, el Presidente analiza conformar una mesa pol\u00edtica nacional para trabajar la estrategia electoral de cara a las Presidenciales de octubre.<\/p>\n\n\n\n<p>El presidente&nbsp;<strong>Alberto Fern\u00e1ndez<\/strong>, en tanto titular del Partido Justicialista (PJ), analiza la conformaci\u00f3n de un<strong>a mesa pol\u00edtica nacional del Frente de Todos (FDT)&nbsp;<\/strong>en la que se trabajar\u00e1 sobre la estrategia electoral de cara a los comicios de octubre pr\u00f3ximo.<\/p>\n\n\n\n<p>As\u00ed lo confirm\u00f3 este mi\u00e9rcoles la portavoz de la Presidencia,\u00a0<strong>Gabriela Cerruti:\u00a0<\/strong>&#8220;El Presidente, como presidente del PJ, est\u00e1 analizando la conformaci\u00f3n de una mesa que trabaje sobre la estrategia electoral.\u00a0Hace m\u00e1s de un a\u00f1o, el 17 de noviembre del a\u00f1o pasado, el Presidente dijo que \u00edbamos a ir este a\u00f1o a una PASO donde todos se iban a poder expresar y elegir el candidato que mejor nos represente&#8221;<\/p>\n\n\n\n<p>En rueda de prensa en Casa de Gobierno, la portavoz a\u00f1adi\u00f3: &#8221;&nbsp;Estamos empezando a ver esos debates y alineamientos que forman parte de todo lo que tiene que pasar en un proceso electoral normal, en el que todos vamos a trabajar para garantizar que no vuelva el triunfo de la derecha en Argentina que nos hizo retroceder tanto&#8221;.<\/p>\n\n\n\n<p>En tanto, agreg\u00f3 que &#8220;mientras ese debate se d\u00e9 en el marco de un debate de las mejores ideas y no incluya los agravios personales ni las operaciones de prensa que deber\u00edan estar afuera de la normal estrategia del debate pol\u00edtico, bienvenido sea&#8221;.<\/p>\n\n\n\n<p>&#8220;Mientras tanto el Presidente est\u00e1 gobernando y su funci\u00f3n principal es escuchar a los ciudadanos y hablarle a ellos, contarles lo que estamos haciendo y yendo a resolver los problemas de la gente&#8221;, concluy\u00f3 la portavoz.<\/p>\n\n\n\n<p>Esta semana,&nbsp;los principales referentes del FdT con base territorial en la provincia de Buenos Aires acordaron acelerar el ordenamiento pol\u00edtico con la mirada puesta en preservar la unidad y la coordinaci\u00f3n de la gesti\u00f3n con el objetivo de mejorar los \u00edndices econ\u00f3micos en el comienzo del a\u00f1o electoral, en el marco de un encuentro que compartieron en la Quinta La Colonial, en el municipio de Merlo, seg\u00fan informaron fuentes partidarias.<\/p>\n\n\n\n<figure class=\"wp-block-image\"><img decoding=\"async\" src=\"https:\/\/www.minutouno.com\/css-custom\/150\/lazy.svg\" alt=\"\"\/><\/figure>\n\n\n\n<p>Participaron de la reuni\u00f3n el diputado nacional y presidente del PJ provincial,&nbsp;<strong>M\u00e1ximo Kirchner<\/strong>; junto al ministro de Econom\u00eda de la Naci\u00f3n,&nbsp;<strong>Sergio Massa<\/strong>; su par de Interior,&nbsp;<strong>Eduardo &#8220;Wado&#8221; de Pedro<\/strong>; y el gobernador bonaerense,&nbsp;<strong>Axel Kicillof.<\/strong><\/p>\n\n\n\n<p>Estuvieron presentes adem\u00e1s los ministros de Obras P\u00fablicas,&nbsp;<strong>Gabriel Katopodis<\/strong>; y de Desarrollo Territorial y H\u00e1bitat,<strong>&nbsp;Santiago Maggiotti<\/strong>; el jefe de Gabinete bonaerense,&nbsp;<strong>Mart\u00edn Insaurralde<\/strong>; la presidenta de la C\u00e1mara de Diputados,&nbsp;<strong>Cecilia Moreau<\/strong>; el administrador general de Vialidad Nacional,<strong>&nbsp;Gustavo Arrieta<\/strong>; el titular nacional de Nuevo Encuentro,&nbsp;<strong>Mart\u00edn Sabbatella<\/strong>, ministros e intendentes bonaerenses.<\/p>\n\n\n\n<p>En lo que fue la primera reuni\u00f3n pol\u00edtica del a\u00f1o de casi todas las expresiones del oficialismo,&nbsp;&#8220;todos coincidieron en que dentro del peronismo son m\u00e1s los puntos en com\u00fan que las diferencias y estuvieron de acuerdo en la necesidad de que para ganar las elecciones, primero hay que bajarle el tono a la interna del oficialismo&#8221;, resumi\u00f3 uno de los presentes.<\/p>\n\n\n\n<figure class=\"wp-block-image\"><img decoding=\"async\" src=\"https:\/\/www.minutouno.com\/css-custom\/150\/lazy.svg\" alt=\"\"\/><\/figure>\n\n\n\n<p>De acuerdo a la informaci\u00f3n recabada, los referentes del peronismo bonaerense se proponen continuar trabajando para solucionar los problemas que aquejan a la sociedad -sobre todo la cuesti\u00f3n inflacionaria- y, en paralelo, comunicar con mayor \u00e9nfasis los valores y objetivos del espacio: &#8220;recuperar el crecimiento, mejora del salario, redistribuci\u00f3n del ingreso, y mejora de la calidad de vida para las grandes mayor\u00edas&#8221;.<\/p>\n\n\n\n<p>El objetivo del Frente de Todos es dar un mensaje de liderazgo, estabilidad pol\u00edtica y paz interna, para lo cual no pocos dirigentes consideran imprescindible &#8220;fortalecer el trabajo territorial, con reuniones peri\u00f3dicas de los equipos pol\u00edticos y t\u00e9cnicos, y seguir con un eje fuerte en la gesti\u00f3n&#8221;.<\/p>\n\n\n\n<p>En ese sentido, el intendente de Villa Gesell,&nbsp;<strong>Gustavo Barrera,<\/strong>&nbsp;se refiri\u00f3 hoy al encuentro en Merlo al plantear que&nbsp;&#8220;en los frentes siempre hay uniones y diferencias, no est\u00e1 mal eso sabiendo siempre cu\u00e1l es el objetivo&#8221;, tras lo que pidi\u00f3 &#8220;llevar calma&#8221; y destac\u00f3 &#8220;la importancia de la unidad&#8221;.<\/p>\n\n\n\n<p>En ese tono, consider\u00f3 que &#8220;no hay que desesperarse, hay que trabajar, hay que reunirse, hay que ver el mejor candidato en los distritos, en Naci\u00f3n&#8221;,&nbsp;y manifest\u00f3 que &#8220;hay grandes chances de triunfar en estas elecciones&#8221;,&nbsp;pero que &#8220;hay que tener paciencia y encontrar a los mejores candidatos&#8221;.<\/p>\n\n\n\n<figure class=\"wp-block-image\"><img decoding=\"async\" src=\"https:\/\/www.minutouno.com\/css-custom\/150\/lazy.svg\" alt=\"\"\/><\/figure>\n\n\n\n<p>&#8220;Debemos demostrarle a los argentinos que el Frente de Todos sigue siendo la mejor opci\u00f3n para gobernar al pa\u00eds, pese a las dificultades que tuvimos y tenemos, pero que representa los inter\u00e9s de la mayor\u00eda&nbsp;del pueblo argentino&#8221;, subray\u00f3.<\/p>\n\n\n\n<p>En igual sinton\u00eda se pronunci\u00f3 esta ma\u00f1ana el intendente de Hurlingham,&nbsp;<strong>Juan Zabaleta<\/strong>, quien manifest\u00f3 que si bien &#8220;el FdT siempre tuvo matices&#8221;, lo importante es que los gobiernos nacional, provincial y municipales &#8220;trabajan para resolver los problemas de los argentinos y no volver al pasado&#8221;.<\/p>\n\n\n\n<p>&#8220;No todos tenemos un pensamiento \u00fanico, no hay uniformidad (dentro del oficialismo)&#8221;, expres\u00f3 el jefe comunal en declaraciones a&nbsp;<em>Radio 10<\/em>&nbsp;y asever\u00f3 que las &#8220;tensiones&#8221; que se viven dentro del Partido Justicialista &#8220;son producto de esos matices&#8221;.<\/p>\n\n\n\n<p>Analiz\u00f3, en ese sentido, que &#8220;tiene que haber un \u00e1mbito donde resolverlo: hay quienes creen que tiene haber una mesa pol\u00edtica, y est\u00e1 bien; y estamos quienes pensamos que hay que hacer lo que dijo<strong>&nbsp;Cristina (Kirchner)<\/strong>, que cada uno saque el bast\u00f3n de mariscal y salga a la cancha&#8221;.<\/p>\n\n\n\n<figure class=\"wp-block-image\"><img decoding=\"async\" src=\"https:\/\/www.minutouno.com\/css-custom\/150\/lazy.svg\" alt=\"\"\/><\/figure>\n\n\n\n<p>El ex ministro nacional plante\u00f3 que&nbsp;&#8220;hay que utilizar el mecanismo de las PASO&#8221; para dirimir candidaturas,&nbsp;expuso que &#8220;es un camino que hay que transitar&#8221; y puso de relieve que &#8220;este gobierno trabaja mucho&#8221;.<\/p>\n\n\n\n<p>&#8220;El ministro (de Econom\u00eda, Sergio) Massa trabaja para resolver la inflaci\u00f3n; tenemos obra p\u00fablica, inversi\u00f3n en energ\u00eda. Sabemos que faltan cosas, que hay que mejorar la distribuci\u00f3n del ingreso y bajar la inflaci\u00f3n, pero tenemos que tener en cuenta de donde partimos, de donde venimos&#8221;, continu\u00f3 Zabaleta.<\/p>\n\n\n\n<p>En ese marco, dijo que &#8220;est\u00e1 bien el debate, pero no podemos volver al pasado&#8221; y pidi\u00f3 a los dirigentes de su espacio: &#8220;Dejemos de enojarnos entre nosotros. A veces hacemos reuniones y hablamos de unidad, pero en &#8216;off the r\u00e9cord&#8217; decimos lo que no tenemos que decir&#8221;.<\/p>\n\n\n\n<figure class=\"wp-block-image\"><a href=\"https:\/\/t.me\/minutounocom\" target=\"_blank\" rel=\"noreferrer noopener\"><img decoding=\"async\" src=\"https:\/\/www.minutouno.com\/css-custom\/150\/lazy.svg\" alt=\"\"\/><\/a><\/figure>\n\n\n\n<p><\/p>\n\n\n\n<p><\/p>\n","protected":false},"excerpt":{"rendered":"<p>Tras los reclamos de varios sectores, el Presidente analiza conformar una mesa pol\u00edtica nacional para trabajar la estrategia electoral de cara a las Presidenciales de octubre. El presidente&nbsp;Alberto Fern\u00e1ndez, en&hellip; <\/p>\n","protected":false},"author":8,"featured_media":37259,"comment_status":"closed","ping_status":"open","sticky":false,"template":"","format":"standard","meta":{"footnotes":""},"categories":[3],"tags":[],"class_list":["post-37258","post","type-post","status-publish","format-standard","has-post-thumbnail","hentry","category-politica"],"_links":{"self":[{"href":"https:\/\/corrientesdetarde.com\/index.php\/wp-json\/wp\/v2\/posts\/37258","targetHints":{"allow":["GET"]}}],"collection":[{"href":"https:\/\/corrientesdetarde.com\/index.php\/wp-json\/wp\/v2\/posts"}],"about":[{"href":"https:\/\/corrientesdetarde.com\/index.php\/wp-json\/wp\/v2\/types\/post"}],"author":[{"embeddable":true,"href":"https:\/\/corrientesdetarde.com\/index.php\/wp-json\/wp\/v2\/users\/8"}],"replies":[{"embeddable":true,"href":"https:\/\/corrientesdetarde.com\/index.php\/wp-json\/wp\/v2\/comments?post=37258"}],"version-history":[{"count":1,"href":"https:\/\/corrientesdetarde.com\/index.php\/wp-json\/wp\/v2\/posts\/37258\/revisions"}],"predecessor-version":[{"id":37260,"href":"https:\/\/corrientesdetarde.com\/index.php\/wp-json\/wp\/v2\/posts\/37258\/revisions\/37260"}],"wp:featuredmedia":[{"embeddable":true,"href":"https:\/\/corrientesdetarde.com\/index.php\/wp-json\/wp\/v2\/media\/37259"}],"wp:attachment":[{"href":"https:\/\/corrientesdetarde.com\/index.php\/wp-json\/wp\/v2\/media?parent=37258"}],"wp:term":[{"taxonomy":"category","embeddable":true,"href":"https:\/\/corrientesdetarde.com\/index.php\/wp-json\/wp\/v2\/categories?post=37258"},{"taxonomy":"post_tag","embeddable":true,"href":"https:\/\/corrientesdetarde.com\/index.php\/wp-json\/wp\/v2\/tags?post=37258"}],"curies":[{"name":"wp","href":"https:\/\/api.w.org\/{rel}","templated":true}]}}