{"id":37396,"date":"2023-02-02T21:46:32","date_gmt":"2023-02-03T00:46:32","guid":{"rendered":"https:\/\/corrientesdetarde.com\/?p=37396"},"modified":"2023-02-02T21:46:36","modified_gmt":"2023-02-03T00:46:36","slug":"gustavo-valdes-cuestiono-a-nacion-por-la-paralizacion-de-las-obras-en-la-autovia","status":"publish","type":"post","link":"https:\/\/corrientesdetarde.com\/index.php\/informacion-general\/gustavo-valdes-cuestiono-a-nacion-por-la-paralizacion-de-las-obras-en-la-autovia\/","title":{"rendered":"Gustavo Vald\u00e9s cuestion\u00f3 a Naci\u00f3n por la paralizaci\u00f3n de las obras en la autov\u00eda"},"content":{"rendered":"\n<p>&#8220;Lamento que el Gobierno Nacional haya paralizado una obra tan importante para los correntinos&#8221;, dijo Vald\u00e9s. &#8220;Escuchamos al Presidente decir que nunca se hizo tanto en la historia pero nosotros vemos que hoy est\u00e1 parada esta obra que es fundamental para la provincia&#8221;, agreg\u00f3.&nbsp;<\/p>\n\n\n\n<p>En este orden, Vald\u00e9s manifest\u00f3: &#8220;es una l\u00e1stima que Naci\u00f3n no tenga la capacidad ni la calidad t\u00e9cnica ni los recursos para realizarla&#8221;. Asimismo, dijo: &#8220;no quiero pensar que sea otro cap\u00edtulo m\u00e1s de discriminaci\u00f3n hacia el pueblo de Corrientes&#8221;.\u00a0<\/p>\n\n\n\n<p><strong>Incendios&nbsp;<\/strong><\/p>\n\n\n\n<p>Consultado sobre la situaci\u00f3n \u00edgnea en la provincia, el mandatario puntualiz\u00f3 que se &#8220;est\u00e1 trabajando y monitoreando la situaci\u00f3n&#8221;. En ese sentido precis\u00f3 que &#8220;hay cuatro focos de incendios de gran magnitud&#8221;.&nbsp;<\/p>\n\n\n\n<p>&#8220;Hay un mayor control pero de igual forma esperamos que llueva para que nos ayude&#8221;, indic\u00f3. &#8220;Esperamos que la regi\u00f3n vuelva a recuperar su r\u00e9gimen de lluvias&#8221;, se\u00f1al\u00f3.&nbsp;<\/p>\n","protected":false},"excerpt":{"rendered":"<p>&#8220;Lamento que el Gobierno Nacional haya paralizado una obra tan importante para los correntinos&#8221;, dijo Vald\u00e9s. &#8220;Escuchamos al Presidente decir que nunca se hizo tanto en la historia pero nosotros&hellip; <\/p>\n","protected":false},"author":1,"featured_media":37401,"comment_status":"closed","ping_status":"open","sticky":false,"template":"","format":"standard","meta":{"footnotes":""},"categories":[1],"tags":[],"class_list":["post-37396","post","type-post","status-publish","format-standard","has-post-thumbnail","hentry","category-informacion-general"],"_links":{"self":[{"href":"https:\/\/corrientesdetarde.com\/index.php\/wp-json\/wp\/v2\/posts\/37396","targetHints":{"allow":["GET"]}}],"collection":[{"href":"https:\/\/corrientesdetarde.com\/index.php\/wp-json\/wp\/v2\/posts"}],"about":[{"href":"https:\/\/corrientesdetarde.com\/index.php\/wp-json\/wp\/v2\/types\/post"}],"author":[{"embeddable":true,"href":"https:\/\/corrientesdetarde.com\/index.php\/wp-json\/wp\/v2\/users\/1"}],"replies":[{"embeddable":true,"href":"https:\/\/corrientesdetarde.com\/index.php\/wp-json\/wp\/v2\/comments?post=37396"}],"version-history":[{"count":1,"href":"https:\/\/corrientesdetarde.com\/index.php\/wp-json\/wp\/v2\/posts\/37396\/revisions"}],"predecessor-version":[{"id":37410,"href":"https:\/\/corrientesdetarde.com\/index.php\/wp-json\/wp\/v2\/posts\/37396\/revisions\/37410"}],"wp:featuredmedia":[{"embeddable":true,"href":"https:\/\/corrientesdetarde.com\/index.php\/wp-json\/wp\/v2\/media\/37401"}],"wp:attachment":[{"href":"https:\/\/corrientesdetarde.com\/index.php\/wp-json\/wp\/v2\/media?parent=37396"}],"wp:term":[{"taxonomy":"category","embeddable":true,"href":"https:\/\/corrientesdetarde.com\/index.php\/wp-json\/wp\/v2\/categories?post=37396"},{"taxonomy":"post_tag","embeddable":true,"href":"https:\/\/corrientesdetarde.com\/index.php\/wp-json\/wp\/v2\/tags?post=37396"}],"curies":[{"name":"wp","href":"https:\/\/api.w.org\/{rel}","templated":true}]}}