{"id":37397,"date":"2023-02-02T20:57:45","date_gmt":"2023-02-02T23:57:45","guid":{"rendered":"https:\/\/corrientesdetarde.com\/?p=37397"},"modified":"2023-02-02T20:57:49","modified_gmt":"2023-02-02T23:57:49","slug":"la-justicia-cito-a-indagatoria-al-decano-de-la-unne-denunciado-por-acoso-y-maltrato-laboral","status":"publish","type":"post","link":"https:\/\/corrientesdetarde.com\/index.php\/crimen-y-justicia\/la-justicia-cito-a-indagatoria-al-decano-de-la-unne-denunciado-por-acoso-y-maltrato-laboral\/","title":{"rendered":"La Justicia cit\u00f3 a indagatoria al Decano de la UNNE denunciado por acoso y maltrato laboral"},"content":{"rendered":"\n<p>Citaron a declaraci\u00f3n indagatoria al decano de la Facultad de Odontolog\u00eda de la UNNE, Roque Oscar Rosende, quien el a\u00f1o pasado estuvo a un voto de ser destituido del cargo por las denuncias que pesan en su contra.\u00a0<\/p>\n\n\n\n<p>El decano tiene denuncias por acoso sexual, maltrato laboral e incumplimiento de sus funciones. En este marco, la Justicia correntina comenz\u00f3 una investigaci\u00f3n y decidi\u00f3 citarlo para este viernes.&nbsp;<\/p>\n\n\n\n<p>Mientras tanto, la directora de Pol\u00edticas de G\u00e9nero y Diversidad de la UNNE, Erica S\u00e1nchez adelant\u00f3 que este viernes a las 8 se reuni\u00e1n los 16 consejeros para analizar esta situaci\u00f3n.<\/p>\n\n\n\n<p>La reuni\u00f3n extraordinaria es una continuidad del c\u00f3nclave llevado a cabo a fines del a\u00f1o pasado donde intentaron suspender a Rosende.&nbsp;<\/p>\n","protected":false},"excerpt":{"rendered":"<p>Citaron a declaraci\u00f3n indagatoria al decano de la Facultad de Odontolog\u00eda de la UNNE, Roque Oscar Rosende, quien el a\u00f1o pasado estuvo a un voto de ser destituido del cargo&hellip; <\/p>\n","protected":false},"author":1,"featured_media":37399,"comment_status":"closed","ping_status":"open","sticky":false,"template":"","format":"standard","meta":{"footnotes":""},"categories":[5],"tags":[],"class_list":["post-37397","post","type-post","status-publish","format-standard","has-post-thumbnail","hentry","category-crimen-y-justicia"],"_links":{"self":[{"href":"https:\/\/corrientesdetarde.com\/index.php\/wp-json\/wp\/v2\/posts\/37397","targetHints":{"allow":["GET"]}}],"collection":[{"href":"https:\/\/corrientesdetarde.com\/index.php\/wp-json\/wp\/v2\/posts"}],"about":[{"href":"https:\/\/corrientesdetarde.com\/index.php\/wp-json\/wp\/v2\/types\/post"}],"author":[{"embeddable":true,"href":"https:\/\/corrientesdetarde.com\/index.php\/wp-json\/wp\/v2\/users\/1"}],"replies":[{"embeddable":true,"href":"https:\/\/corrientesdetarde.com\/index.php\/wp-json\/wp\/v2\/comments?post=37397"}],"version-history":[{"count":1,"href":"https:\/\/corrientesdetarde.com\/index.php\/wp-json\/wp\/v2\/posts\/37397\/revisions"}],"predecessor-version":[{"id":37406,"href":"https:\/\/corrientesdetarde.com\/index.php\/wp-json\/wp\/v2\/posts\/37397\/revisions\/37406"}],"wp:featuredmedia":[{"embeddable":true,"href":"https:\/\/corrientesdetarde.com\/index.php\/wp-json\/wp\/v2\/media\/37399"}],"wp:attachment":[{"href":"https:\/\/corrientesdetarde.com\/index.php\/wp-json\/wp\/v2\/media?parent=37397"}],"wp:term":[{"taxonomy":"category","embeddable":true,"href":"https:\/\/corrientesdetarde.com\/index.php\/wp-json\/wp\/v2\/categories?post=37397"},{"taxonomy":"post_tag","embeddable":true,"href":"https:\/\/corrientesdetarde.com\/index.php\/wp-json\/wp\/v2\/tags?post=37397"}],"curies":[{"name":"wp","href":"https:\/\/api.w.org\/{rel}","templated":true}]}}