{"id":37404,"date":"2023-02-02T22:13:23","date_gmt":"2023-02-03T01:13:23","guid":{"rendered":"https:\/\/corrientesdetarde.com\/?p=37404"},"modified":"2023-02-02T22:13:26","modified_gmt":"2023-02-03T01:13:26","slug":"corrientes-un-proyecto-de-ley-busca-crear-un-registro-de-perros-potencialmente-peligrosos","status":"publish","type":"post","link":"https:\/\/corrientesdetarde.com\/index.php\/sociales\/corrientes-un-proyecto-de-ley-busca-crear-un-registro-de-perros-potencialmente-peligrosos\/","title":{"rendered":"Corrientes: un proyecto de ley busca crear un registro de perros potencialmente peligrosos"},"content":{"rendered":"\n<p>&#8220;Presentamos &nbsp;un proyecto &nbsp;sobre la tenencia de animales potencialmente peligrosos&#8221; expres\u00f3 el legislador Romero Brisco. Remarc\u00f3 la importancia de regular la tenencia para la convivencia en la &nbsp;sociedad.<\/p>\n\n\n\n<p>&#8220;Es fundamental regular esta condici\u00f3n con responsabilidad&#8221; remarc\u00f3. El proyecto establece &nbsp;que exista un registro de due\u00f1os de perros potencialmente peligrosos. &#8220;Necesitamos que se escuche y trascienda nuestra opini\u00f3n para regular estas cosas&#8221; agreg\u00f3.<\/p>\n\n\n\n<p>&#8220;Est\u00e1 prevista una l\u00ednea telef\u00f3nica para que cuando vean un perro peligroso suelto en la v\u00eda p\u00fablica puedan alertar a las autoridades&#8221; coment\u00f3 acerca del proyecto. En este sentido, aclar\u00f3 que los perros podr\u00e1n circular por la v\u00eda p\u00fablica pero con la correa y bozal correspondiente. &nbsp;<\/p>\n\n\n\n<p>&#8220;La falta de conciencia hace que una ley haga falta y tener un ente que la aplique&#8221; explic\u00f3. &nbsp;<\/p>\n","protected":false},"excerpt":{"rendered":"<p>&#8220;Presentamos &nbsp;un proyecto &nbsp;sobre la tenencia de animales potencialmente peligrosos&#8221; expres\u00f3 el legislador Romero Brisco. Remarc\u00f3 la importancia de regular la tenencia para la convivencia en la &nbsp;sociedad. &#8220;Es fundamental&hellip; <\/p>\n","protected":false},"author":1,"featured_media":37405,"comment_status":"closed","ping_status":"open","sticky":false,"template":"","format":"standard","meta":{"footnotes":""},"categories":[17],"tags":[],"class_list":["post-37404","post","type-post","status-publish","format-standard","has-post-thumbnail","hentry","category-sociales"],"_links":{"self":[{"href":"https:\/\/corrientesdetarde.com\/index.php\/wp-json\/wp\/v2\/posts\/37404","targetHints":{"allow":["GET"]}}],"collection":[{"href":"https:\/\/corrientesdetarde.com\/index.php\/wp-json\/wp\/v2\/posts"}],"about":[{"href":"https:\/\/corrientesdetarde.com\/index.php\/wp-json\/wp\/v2\/types\/post"}],"author":[{"embeddable":true,"href":"https:\/\/corrientesdetarde.com\/index.php\/wp-json\/wp\/v2\/users\/1"}],"replies":[{"embeddable":true,"href":"https:\/\/corrientesdetarde.com\/index.php\/wp-json\/wp\/v2\/comments?post=37404"}],"version-history":[{"count":1,"href":"https:\/\/corrientesdetarde.com\/index.php\/wp-json\/wp\/v2\/posts\/37404\/revisions"}],"predecessor-version":[{"id":37411,"href":"https:\/\/corrientesdetarde.com\/index.php\/wp-json\/wp\/v2\/posts\/37404\/revisions\/37411"}],"wp:featuredmedia":[{"embeddable":true,"href":"https:\/\/corrientesdetarde.com\/index.php\/wp-json\/wp\/v2\/media\/37405"}],"wp:attachment":[{"href":"https:\/\/corrientesdetarde.com\/index.php\/wp-json\/wp\/v2\/media?parent=37404"}],"wp:term":[{"taxonomy":"category","embeddable":true,"href":"https:\/\/corrientesdetarde.com\/index.php\/wp-json\/wp\/v2\/categories?post=37404"},{"taxonomy":"post_tag","embeddable":true,"href":"https:\/\/corrientesdetarde.com\/index.php\/wp-json\/wp\/v2\/tags?post=37404"}],"curies":[{"name":"wp","href":"https:\/\/api.w.org\/{rel}","templated":true}]}}