{"id":37737,"date":"2023-02-03T23:02:53","date_gmt":"2023-02-04T02:02:53","guid":{"rendered":"https:\/\/corrientesdetarde.com\/?p=37737"},"modified":"2023-02-03T23:02:55","modified_gmt":"2023-02-04T02:02:55","slug":"incidentes-en-la-penitenciaria-1a","status":"publish","type":"post","link":"https:\/\/corrientesdetarde.com\/index.php\/informacion-general\/incidentes-en-la-penitenciaria-1a\/","title":{"rendered":"Incidentes en la penitenciar\u00eda 1\u00aa"},"content":{"rendered":"\n<p>El video de los incidentes que grab\u00f3 uno de los internos fue viralizado en redes sociales. En las im\u00e1genes se aprecia el momento en el que un hombre cay\u00f3 desvanecido al piso luego de sufrir un golpe de pu\u00f1o en el rostro.<\/p>\n\n\n\n<p>El domingo sucedieron altercados entre presos de distintos grupos.<\/p>\n\n\n\n<p>Desde ese d\u00eda cruzaron amenazas hasta que el mi\u00e9rcoles a la ma\u00f1ana, varios hombres increparon a otro interno. Mientras le recriminaban ciertas acciones decidieron golpearlo.<\/p>\n\n\n\n<p>Otro convicto que manten\u00eda una postura pasiva decidi\u00f3 interceder en defensa del herido y, palos en mano, enfrent\u00f3 a los atacantes.<\/p>\n\n\n\n<p>Pese a la magnitud de la ri\u00f1a no habr\u00eda otros lesionados y el Servicio Penitenciario control\u00f3 la situaci\u00f3n.<\/p>\n\n\n\n<p>La Polic\u00eda dijo no tener denuncia de los hechos.<\/p>\n\n\n\n<p><\/p>\n\n\n\n<p><\/p>\n","protected":false},"excerpt":{"rendered":"<p>El video de los incidentes que grab\u00f3 uno de los internos fue viralizado en redes sociales. En las im\u00e1genes se aprecia el momento en el que un hombre cay\u00f3 desvanecido&hellip; <\/p>\n","protected":false},"author":1,"featured_media":37746,"comment_status":"closed","ping_status":"open","sticky":false,"template":"","format":"standard","meta":{"footnotes":""},"categories":[1],"tags":[],"class_list":["post-37737","post","type-post","status-publish","format-standard","has-post-thumbnail","hentry","category-informacion-general"],"_links":{"self":[{"href":"https:\/\/corrientesdetarde.com\/index.php\/wp-json\/wp\/v2\/posts\/37737","targetHints":{"allow":["GET"]}}],"collection":[{"href":"https:\/\/corrientesdetarde.com\/index.php\/wp-json\/wp\/v2\/posts"}],"about":[{"href":"https:\/\/corrientesdetarde.com\/index.php\/wp-json\/wp\/v2\/types\/post"}],"author":[{"embeddable":true,"href":"https:\/\/corrientesdetarde.com\/index.php\/wp-json\/wp\/v2\/users\/1"}],"replies":[{"embeddable":true,"href":"https:\/\/corrientesdetarde.com\/index.php\/wp-json\/wp\/v2\/comments?post=37737"}],"version-history":[{"count":1,"href":"https:\/\/corrientesdetarde.com\/index.php\/wp-json\/wp\/v2\/posts\/37737\/revisions"}],"predecessor-version":[{"id":37751,"href":"https:\/\/corrientesdetarde.com\/index.php\/wp-json\/wp\/v2\/posts\/37737\/revisions\/37751"}],"wp:featuredmedia":[{"embeddable":true,"href":"https:\/\/corrientesdetarde.com\/index.php\/wp-json\/wp\/v2\/media\/37746"}],"wp:attachment":[{"href":"https:\/\/corrientesdetarde.com\/index.php\/wp-json\/wp\/v2\/media?parent=37737"}],"wp:term":[{"taxonomy":"category","embeddable":true,"href":"https:\/\/corrientesdetarde.com\/index.php\/wp-json\/wp\/v2\/categories?post=37737"},{"taxonomy":"post_tag","embeddable":true,"href":"https:\/\/corrientesdetarde.com\/index.php\/wp-json\/wp\/v2\/tags?post=37737"}],"curies":[{"name":"wp","href":"https:\/\/api.w.org\/{rel}","templated":true}]}}