{"id":37748,"date":"2023-02-03T23:54:11","date_gmt":"2023-02-04T02:54:11","guid":{"rendered":"https:\/\/corrientesdetarde.com\/?p=37748"},"modified":"2023-02-03T23:54:15","modified_gmt":"2023-02-04T02:54:15","slug":"valdes-se-reunio-con-la-juventud-de-la-ucr-bonaerense-y-les-transmitio-un-mensaje-esperanzador-para-la-provincia-de-buenos-aires","status":"publish","type":"post","link":"https:\/\/corrientesdetarde.com\/index.php\/politica\/valdes-se-reunio-con-la-juventud-de-la-ucr-bonaerense-y-les-transmitio-un-mensaje-esperanzador-para-la-provincia-de-buenos-aires\/","title":{"rendered":"Vald\u00e9s se reuni\u00f3 con la Juventud de la UCR bonaerense y les transmiti\u00f3 un mensaje esperanzador para la provincia de Buenos Aires"},"content":{"rendered":"\n<p>El gobernador de Corrientes, Gustavo Vald\u00e9s se reuni\u00f3 este viernes con la Juventud Radical de la\u00a0provincia de Buenos Aires, junto al presidente de la UCR bonaerense y diputado provincial, Maximiliano Abad. El encuentro tuvo lugar en la plaza Espa\u00f1a de la ciudad de Mar del Plata, donde el mandatario correntino fue invitado a transmitir un mensaje en el marco del a\u00f1o electoral que ya arranc\u00f3. All\u00ed, Vald\u00e9s areng\u00f3 a los j\u00f3venes militantes, sosteniendo que &#8220;el radicalismo cuenta con personas capaces para devolverle la esperanza a los bonaerenses&#8221;.<\/p>\n\n\n\n<figure class=\"wp-block-image size-large\"><img loading=\"lazy\" decoding=\"async\" width=\"1024\" height=\"632\" src=\"https:\/\/corrientesdetarde.com\/wp-content\/uploads\/2023\/02\/image-116-1024x632.png\" alt=\"\" class=\"wp-image-37758\" srcset=\"https:\/\/corrientesdetarde.com\/wp-content\/uploads\/2023\/02\/image-116-1024x632.png 1024w, https:\/\/corrientesdetarde.com\/wp-content\/uploads\/2023\/02\/image-116-300x185.png 300w, https:\/\/corrientesdetarde.com\/wp-content\/uploads\/2023\/02\/image-116-768x474.png 768w, https:\/\/corrientesdetarde.com\/wp-content\/uploads\/2023\/02\/image-116.png 1204w\" sizes=\"auto, (max-width: 1024px) 100vw, 1024px\" \/><\/figure>\n\n\n\n<p>Tras visitar&nbsp;el astillero naval Federico Contessi SA en Mar del Plata, ambos se trasladaron pasadas las&nbsp;19 de este viernes hasta la plaza Espa\u00f1a de esa ciudad.&nbsp;&#8220;Convencidos de que la UCR volver\u00e1 a ser protagonista en las elecciones de Buenos Aires y los j\u00f3venes cumplir\u00e1n un rol fundamental, junto a Maximiliano Abad y dirigentes locales participamos de un encuentro que convoc\u00f3 a militantes de la provincia&#8221;, tuite\u00f3 el mandatario correntino con fotograf\u00edas en las que se lo ve rodeado de decenas de j\u00f3venes militantes.<\/p>\n\n\n\n<p>En el lugar, Vald\u00e9s tom\u00f3 el micr\u00f3fono y areng\u00f3 a los presentes,&nbsp;afirmando que &#8220;el radicalismo cuenta con personas capaces que tienen vocaci\u00f3n y est\u00e1n comprometidas a dar lo mejor de s\u00ed para revertir el presente. Necesitamos un Gobierno que trabaje para devolverle la esperanza a los bonaerenses y estoy seguro que la UCR es la mejor alternativa.&#8221;<\/p>\n\n\n\n<p><strong>Desarrollo<\/strong><\/p>\n\n\n\n<p>Previo a este encuentro, Vald\u00e9s, Abad, el senador bonaerense Ariel Bordaisco y la diputada provincial, tambi\u00e9n de Buenos Aires, Alejandra Lord\u00e9n,&nbsp;visitaron en Mar del Plata el astillero naval Federico Contessi SA., una industria con m\u00e1s de 70 a\u00f1os de trayectoria dedicada al dise\u00f1o, la construcci\u00f3n y reparaci\u00f3n de buques. Al respecto, Vald\u00e9s tuite\u00f3: &#8220;Nos interiorizamos en las dificultades que atraviesa el sector por el retraso cambiario y las restricciones a las importaciones, a su vez que coincidimos en la necesidad de un Gobierno que apuntale su recuperaci\u00f3n con pol\u00edticas que favorezcan el desarrollo del transporte fluvial.&#8221;<\/p>\n\n\n\n<figure class=\"wp-block-image size-large\"><img loading=\"lazy\" decoding=\"async\" width=\"1024\" height=\"547\" src=\"https:\/\/corrientesdetarde.com\/wp-content\/uploads\/2023\/02\/image-115-1024x547.png\" alt=\"\" class=\"wp-image-37757\" srcset=\"https:\/\/corrientesdetarde.com\/wp-content\/uploads\/2023\/02\/image-115-1024x547.png 1024w, https:\/\/corrientesdetarde.com\/wp-content\/uploads\/2023\/02\/image-115-300x160.png 300w, https:\/\/corrientesdetarde.com\/wp-content\/uploads\/2023\/02\/image-115-768x410.png 768w, https:\/\/corrientesdetarde.com\/wp-content\/uploads\/2023\/02\/image-115.png 1316w\" sizes=\"auto, (max-width: 1024px) 100vw, 1024px\" \/><\/figure>\n","protected":false},"excerpt":{"rendered":"<p>El gobernador de Corrientes, Gustavo Vald\u00e9s se reuni\u00f3 este viernes con la Juventud Radical de la\u00a0provincia de Buenos Aires, junto al presidente de la UCR bonaerense y diputado provincial, Maximiliano&hellip; <\/p>\n","protected":false},"author":1,"featured_media":37759,"comment_status":"closed","ping_status":"open","sticky":false,"template":"","format":"standard","meta":{"footnotes":""},"categories":[3],"tags":[],"class_list":["post-37748","post","type-post","status-publish","format-standard","has-post-thumbnail","hentry","category-politica"],"_links":{"self":[{"href":"https:\/\/corrientesdetarde.com\/index.php\/wp-json\/wp\/v2\/posts\/37748","targetHints":{"allow":["GET"]}}],"collection":[{"href":"https:\/\/corrientesdetarde.com\/index.php\/wp-json\/wp\/v2\/posts"}],"about":[{"href":"https:\/\/corrientesdetarde.com\/index.php\/wp-json\/wp\/v2\/types\/post"}],"author":[{"embeddable":true,"href":"https:\/\/corrientesdetarde.com\/index.php\/wp-json\/wp\/v2\/users\/1"}],"replies":[{"embeddable":true,"href":"https:\/\/corrientesdetarde.com\/index.php\/wp-json\/wp\/v2\/comments?post=37748"}],"version-history":[{"count":1,"href":"https:\/\/corrientesdetarde.com\/index.php\/wp-json\/wp\/v2\/posts\/37748\/revisions"}],"predecessor-version":[{"id":37760,"href":"https:\/\/corrientesdetarde.com\/index.php\/wp-json\/wp\/v2\/posts\/37748\/revisions\/37760"}],"wp:featuredmedia":[{"embeddable":true,"href":"https:\/\/corrientesdetarde.com\/index.php\/wp-json\/wp\/v2\/media\/37759"}],"wp:attachment":[{"href":"https:\/\/corrientesdetarde.com\/index.php\/wp-json\/wp\/v2\/media?parent=37748"}],"wp:term":[{"taxonomy":"category","embeddable":true,"href":"https:\/\/corrientesdetarde.com\/index.php\/wp-json\/wp\/v2\/categories?post=37748"},{"taxonomy":"post_tag","embeddable":true,"href":"https:\/\/corrientesdetarde.com\/index.php\/wp-json\/wp\/v2\/tags?post=37748"}],"curies":[{"name":"wp","href":"https:\/\/api.w.org\/{rel}","templated":true}]}}