{"id":37761,"date":"2023-02-04T08:37:23","date_gmt":"2023-02-04T11:37:23","guid":{"rendered":"https:\/\/corrientesdetarde.com\/?p=37761"},"modified":"2023-02-04T08:47:17","modified_gmt":"2023-02-04T11:47:17","slug":"suspendieron-al-decano-de-odontologia-por-denuncias-de-maltrato-y-acoso-laboral","status":"publish","type":"post","link":"https:\/\/corrientesdetarde.com\/index.php\/informacion-general\/suspendieron-al-decano-de-odontologia-por-denuncias-de-maltrato-y-acoso-laboral\/","title":{"rendered":"Suspendieron al decano de Odontolog\u00eda por denuncias de maltrato y acoso laboral"},"content":{"rendered":"\n<p>La sanci\u00f3n &nbsp;es por cinco d\u00edas para ejerza su derecho a defensa. Luego continuar\u00e1 el proceso para destituirlo. Adem\u00e1s debe comparecer ante la Justicia Federal.&nbsp;<\/p>\n\n\n\n<p>&nbsp;El Consejo Directivo de la Facultad de Odontolog\u00eda de la Universidad Nacional del Nordeste suspendi\u00f3 este viernes por inconducta al decano Oscar Rosende.&nbsp;<\/p>\n\n\n\n<p>Por 11 votos a favor y una abstenci\u00f3n, &nbsp;Rosende fue suspendido por solo cinco d\u00edas por las 15 denuncias que pesan en su contra por maltrato, abuso de autoridad y hostigamiento.&nbsp;<\/p>\n\n\n\n<p>Tendr\u00e1 cinco d\u00edas para ejercer su derecho a defensa ante el Consejo. La suspensi\u00f3n es preventiva y debieron sesionar en el sal\u00f3n del Rectorado por la presi\u00f3n que se ejerc\u00eda desde el decanato.<\/p>\n\n\n\n<p>La Facultad de Odontolog\u00eda quedar\u00e1 a cargo de la vicedecana, Beatr\u00edz Cardozo, y el Consejo se mantendr\u00e1 en reuni\u00f3n permanente.&nbsp;<\/p>\n\n\n\n<p>El Consejo se reuni\u00f3 en la sede del rectorado por primera vez, para evitar inconvenientes. La sala se colm\u00f3 de mujeres que emocionadas aplaudieron la resoluci\u00f3n del cuerpo deliberativo.<\/p>\n\n\n\n<p>Adem\u00e1s se dej\u00f3 sin efecto la resoluci\u00f3n del ahora decano suspendido que hab\u00eda apartado a cuatro consejeros, por considerarlas ilegales.<\/p>\n\n\n\n<p>La abstenci\u00f3n fue del profesor Kulgawsuck, quien se reconoci\u00f3 amigo del decano. Adem\u00e1s hubo tres ausencias.<\/p>\n\n\n\n<p>Las denuncias que pesan sobre Rosende son por acoso laboral, sexual, maltrato, hostigamiento, etc&nbsp;<\/p>\n\n\n\n<p>Causa judicial<\/p>\n\n\n\n<p>La Justicia Federal de Corrientes cit\u00f3 a declaraci\u00f3n indagatoria Oscar Rosende, debido a las acusaciones en su contra por maltrato laboral.<\/p>\n\n\n\n<p>Las denuncias en contra del actual decano que asumi\u00f3 nuevamente el cargo el a\u00f1o pasado (tuvo otra gesti\u00f3n con anterioridad) comenzaron a los pocos meses de su mandato y las supuestas irregularidades cada vez fueron m\u00e1s.<\/p>\n\n\n\n<p>Asimismo, la Justicia Federal cit\u00f3 a Rosende a una indagatoria y a fines de diciembre.<\/p>\n\n\n\n<p>\u201cDesde el 16 de diciembre estamos esperando una respuesta a la nota que elevamos a la Fiscal\u00eda Federal, a cargo de Flavio Ferrini, y hasta ahora no hubo avances. Necesitamos que se proteja a las v\u00edctimas, pero este retraso solo las revictimiza\u201d, dijo Erika S\u00e1nchez, directora de Pol\u00edticas de G\u00e9nero y Diversidad de la Universidad Nacional del Nordeste (Unne).<\/p>\n\n\n\n<p>Por su parte, Rosende hab\u00eda indicado, tambi\u00e9n a fines de diciembre, que el prop\u00f3sito de las acusaciones solo buscaban desestabilizarlo.<\/p>\n","protected":false},"excerpt":{"rendered":"<p>La sanci\u00f3n &nbsp;es por cinco d\u00edas para ejerza su derecho a defensa. Luego continuar\u00e1 el proceso para destituirlo. Adem\u00e1s debe comparecer ante la Justicia Federal.&nbsp; &nbsp;El Consejo Directivo de la&hellip; <\/p>\n","protected":false},"author":3,"featured_media":37780,"comment_status":"closed","ping_status":"open","sticky":false,"template":"","format":"standard","meta":{"footnotes":""},"categories":[1],"tags":[],"class_list":["post-37761","post","type-post","status-publish","format-standard","has-post-thumbnail","hentry","category-informacion-general"],"_links":{"self":[{"href":"https:\/\/corrientesdetarde.com\/index.php\/wp-json\/wp\/v2\/posts\/37761","targetHints":{"allow":["GET"]}}],"collection":[{"href":"https:\/\/corrientesdetarde.com\/index.php\/wp-json\/wp\/v2\/posts"}],"about":[{"href":"https:\/\/corrientesdetarde.com\/index.php\/wp-json\/wp\/v2\/types\/post"}],"author":[{"embeddable":true,"href":"https:\/\/corrientesdetarde.com\/index.php\/wp-json\/wp\/v2\/users\/3"}],"replies":[{"embeddable":true,"href":"https:\/\/corrientesdetarde.com\/index.php\/wp-json\/wp\/v2\/comments?post=37761"}],"version-history":[{"count":2,"href":"https:\/\/corrientesdetarde.com\/index.php\/wp-json\/wp\/v2\/posts\/37761\/revisions"}],"predecessor-version":[{"id":37781,"href":"https:\/\/corrientesdetarde.com\/index.php\/wp-json\/wp\/v2\/posts\/37761\/revisions\/37781"}],"wp:featuredmedia":[{"embeddable":true,"href":"https:\/\/corrientesdetarde.com\/index.php\/wp-json\/wp\/v2\/media\/37780"}],"wp:attachment":[{"href":"https:\/\/corrientesdetarde.com\/index.php\/wp-json\/wp\/v2\/media?parent=37761"}],"wp:term":[{"taxonomy":"category","embeddable":true,"href":"https:\/\/corrientesdetarde.com\/index.php\/wp-json\/wp\/v2\/categories?post=37761"},{"taxonomy":"post_tag","embeddable":true,"href":"https:\/\/corrientesdetarde.com\/index.php\/wp-json\/wp\/v2\/tags?post=37761"}],"curies":[{"name":"wp","href":"https:\/\/api.w.org\/{rel}","templated":true}]}}