{"id":37789,"date":"2023-02-04T09:11:03","date_gmt":"2023-02-04T12:11:03","guid":{"rendered":"https:\/\/corrientesdetarde.com\/?p=37789"},"modified":"2023-02-04T09:11:05","modified_gmt":"2023-02-04T12:11:05","slug":"emergencia-hidrica-en-curuzu-cuatia","status":"publish","type":"post","link":"https:\/\/corrientesdetarde.com\/index.php\/medio-ambiente\/emergencia-hidrica-en-curuzu-cuatia\/","title":{"rendered":"Emergencia h\u00eddrica en Curuz\u00fa Cuati\u00e1"},"content":{"rendered":"\n<p>El Gobierno provincial dio a conocer ayer que en raz\u00f3n de los inconvenientes que genera la escasez de agua en la ciudad de Curuz\u00fa Cuati\u00e1, dispuso una serie de acciones coordinadas con ese municipio y la empresa Aguas de Corrientes, encargada de la provisi\u00f3n del servicio.<\/p>\n\n\n\n<p>En tanto que la administraci\u00f3n curuzucuate\u00f1a declar\u00f3 all\u00ed la emergencia h\u00eddrica por un plazo de 60 d\u00edas.<\/p>\n\n\n\n<p>En este sentido, el ministro de Obras P\u00fablicas, Claudio Polich, mantuvo una reuni\u00f3n con el intendente de la localidad, Jos\u00e9 Irigoyen; el viceintendente, Guillermo Morandini; el presidente en Aguas de Corrientes, Pablo Chamas; el senador Di\u00f3genes Gonz\u00e1lez, y el titular del Ente Regulador del Agua, Leopoldo Mart\u00ednez, ocasi\u00f3n en la que se articularon medidas y acciones para afrontar la dif\u00edcil y cr\u00edtica situaci\u00f3n.<\/p>\n\n\n\n<p>Al respecto, se destac\u00f3 que &#8220;la regi\u00f3n viene desde hace un par de a\u00f1os experimentando una sequ\u00eda extraordinaria, de la cual nos tendr\u00edamos que remontar a m\u00e1s de 80 a\u00f1os atr\u00e1s para tener registro de una situaci\u00f3n similar&#8221;.<\/p>\n\n\n\n<p>De esa forma, precisaron que se dispuso continuar avanzando con el plan de contingencia en marcha, consistente en el relevamiento, reparaci\u00f3n y mantenimiento de redes, ejecuci\u00f3n de perforaciones para la extracci\u00f3n de agua potable, a la vez que se intensificar\u00e1 la operatividad del cami\u00f3n cisterna que dispuso el Gobierno provincial.<\/p>\n","protected":false},"excerpt":{"rendered":"<p>El Gobierno provincial dio a conocer ayer que en raz\u00f3n de los inconvenientes que genera la escasez de agua en la ciudad de Curuz\u00fa Cuati\u00e1, dispuso una serie de acciones&hellip; <\/p>\n","protected":false},"author":3,"featured_media":37790,"comment_status":"closed","ping_status":"open","sticky":false,"template":"","format":"standard","meta":{"footnotes":""},"categories":[6],"tags":[],"class_list":["post-37789","post","type-post","status-publish","format-standard","has-post-thumbnail","hentry","category-medio-ambiente"],"_links":{"self":[{"href":"https:\/\/corrientesdetarde.com\/index.php\/wp-json\/wp\/v2\/posts\/37789","targetHints":{"allow":["GET"]}}],"collection":[{"href":"https:\/\/corrientesdetarde.com\/index.php\/wp-json\/wp\/v2\/posts"}],"about":[{"href":"https:\/\/corrientesdetarde.com\/index.php\/wp-json\/wp\/v2\/types\/post"}],"author":[{"embeddable":true,"href":"https:\/\/corrientesdetarde.com\/index.php\/wp-json\/wp\/v2\/users\/3"}],"replies":[{"embeddable":true,"href":"https:\/\/corrientesdetarde.com\/index.php\/wp-json\/wp\/v2\/comments?post=37789"}],"version-history":[{"count":1,"href":"https:\/\/corrientesdetarde.com\/index.php\/wp-json\/wp\/v2\/posts\/37789\/revisions"}],"predecessor-version":[{"id":37791,"href":"https:\/\/corrientesdetarde.com\/index.php\/wp-json\/wp\/v2\/posts\/37789\/revisions\/37791"}],"wp:featuredmedia":[{"embeddable":true,"href":"https:\/\/corrientesdetarde.com\/index.php\/wp-json\/wp\/v2\/media\/37790"}],"wp:attachment":[{"href":"https:\/\/corrientesdetarde.com\/index.php\/wp-json\/wp\/v2\/media?parent=37789"}],"wp:term":[{"taxonomy":"category","embeddable":true,"href":"https:\/\/corrientesdetarde.com\/index.php\/wp-json\/wp\/v2\/categories?post=37789"},{"taxonomy":"post_tag","embeddable":true,"href":"https:\/\/corrientesdetarde.com\/index.php\/wp-json\/wp\/v2\/tags?post=37789"}],"curies":[{"name":"wp","href":"https:\/\/api.w.org\/{rel}","templated":true}]}}