{"id":37848,"date":"2023-02-04T13:12:50","date_gmt":"2023-02-04T16:12:50","guid":{"rendered":"https:\/\/corrientesdetarde.com\/?p=37848"},"modified":"2023-02-04T13:12:53","modified_gmt":"2023-02-04T16:12:53","slug":"las-figuras-del-carnaval-correntino-destacan-el-apoyo-del-gobierno-provincial","status":"publish","type":"post","link":"https:\/\/corrientesdetarde.com\/index.php\/cultura\/las-figuras-del-carnaval-correntino-destacan-el-apoyo-del-gobierno-provincial\/","title":{"rendered":"Las figuras del carnaval correntino destacan el apoyo del Gobierno provincial"},"content":{"rendered":"\n<p>El carnaval correntino tuvo su tercer desfile este viernes, donde el p\u00fablico colm\u00f3 el cors\u00f3dromo Nolo Alias. A lo largo de la noche, figuras de distintas comparsas destacaron el acompa\u00f1amiento del Gobierno provincial en cuanto a infraestructura y difusi\u00f3n del evento.<\/p>\n\n\n\n<p>Lourdes Sanchez, quiz\u00e1s el nombre m\u00e1s destacado por su fama a nivel nacional, expres\u00f3 que era su primera vez en este cors\u00f3dromo y que &#8220;todo creci\u00f3 mucho, ver los galpones, las instalaciones, me emociona mucho&#8221;.<\/p>\n\n\n\n<p>&#8220;De Buenos Aires se vinieron muchas mamis del jard\u00edn de m\u00ed hijo, todo el a\u00f1o estuve habl\u00e1ndoles del carnaval, vinieron y se quedaron encantados, con el desfile y tambi\u00e9n con la ciudad&#8221;, agreg\u00f3.<\/p>\n\n\n\n<p>Sanchez agradeci\u00f3 el apoyo que proporciona el Gobierno &#8220;por gestionar y poner a nuestro carnaval d\u00f3nde se merece&#8221;. En la misma l\u00ednea se expres\u00f3 Mayra Casco de Ara Ber\u00e1: &#8220;La fiesta no es nada sin nosotros por eso est\u00e1 bueno que la Provincia nos ponga a los conparseros c\u00f3mo prioridad&#8221;.<\/p>\n\n\n\n<p>Otra figura, Beatriz Vallejos Schulze, de Sapucai, dijo que &#8220;mucha gente vino de otras provincias y del exterior, nos cuentan que les encanta y yo les repito que Corrientes tiene pay\u00e9&#8221;. La comparsera enfatiz\u00f3 tambi\u00e9n en la inversi\u00f3n realizada en cultura, no solo en este evento sino en otros como la Fiesta del Chamam\u00e9.<\/p>\n\n\n\n<p>Ante la consulta de por qu\u00e9 los turistas deben venir al carnaval Milagros Franzotti de Copacabana dijo: &#8220;Por los trajes, el show de comparsas y muchas cosas que no van a encontrar en otro lado. Victoria Falcione de Sapucay fue m\u00e1s concisa:\u00a0&#8220;Porque es la capital nacional del carnaval, as\u00ed de sencillo&#8221;.<\/p>\n\n\n\n<div class=\"wp-block-uagb-container uagb-block-a254edc4 alignfull uagb-is-root-container\"><div class=\"uagb-container-inner-blocks-wrap\">\n<div class=\"wp-block-uagb-container uagb-block-f16d61d2\">\n<figure class=\"wp-block-image size-large\"><img loading=\"lazy\" decoding=\"async\" width=\"1024\" height=\"723\" src=\"https:\/\/corrientesdetarde.com\/wp-content\/uploads\/2023\/02\/imagen-99821-1024x723.jpg\" alt=\"\" class=\"wp-image-37850\" srcset=\"https:\/\/corrientesdetarde.com\/wp-content\/uploads\/2023\/02\/imagen-99821-1024x723.jpg 1024w, https:\/\/corrientesdetarde.com\/wp-content\/uploads\/2023\/02\/imagen-99821-300x212.jpg 300w, https:\/\/corrientesdetarde.com\/wp-content\/uploads\/2023\/02\/imagen-99821-768x542.jpg 768w, https:\/\/corrientesdetarde.com\/wp-content\/uploads\/2023\/02\/imagen-99821-1536x1084.jpg 1536w, https:\/\/corrientesdetarde.com\/wp-content\/uploads\/2023\/02\/imagen-99821-2048x1446.jpg 2048w\" sizes=\"auto, (max-width: 1024px) 100vw, 1024px\" \/><\/figure>\n<\/div>\n\n\n\n<div class=\"wp-block-uagb-container uagb-block-653efd1d\">\n<figure class=\"wp-block-image size-large\"><img loading=\"lazy\" decoding=\"async\" width=\"683\" height=\"1024\" src=\"https:\/\/corrientesdetarde.com\/wp-content\/uploads\/2023\/02\/imagen-99820-683x1024.jpg\" alt=\"\" class=\"wp-image-37851\" srcset=\"https:\/\/corrientesdetarde.com\/wp-content\/uploads\/2023\/02\/imagen-99820-683x1024.jpg 683w, https:\/\/corrientesdetarde.com\/wp-content\/uploads\/2023\/02\/imagen-99820-200x300.jpg 200w, https:\/\/corrientesdetarde.com\/wp-content\/uploads\/2023\/02\/imagen-99820-768x1152.jpg 768w, https:\/\/corrientesdetarde.com\/wp-content\/uploads\/2023\/02\/imagen-99820-1024x1536.jpg 1024w, https:\/\/corrientesdetarde.com\/wp-content\/uploads\/2023\/02\/imagen-99820-1365x2048.jpg 1365w, https:\/\/corrientesdetarde.com\/wp-content\/uploads\/2023\/02\/imagen-99820-scaled.jpg 1707w\" sizes=\"auto, (max-width: 683px) 100vw, 683px\" \/><\/figure>\n<\/div>\n\n\n\n<div class=\"wp-block-uagb-container uagb-block-7a5c1b53\">\n<figure class=\"wp-block-image size-large\"><img loading=\"lazy\" decoding=\"async\" width=\"683\" height=\"1024\" src=\"https:\/\/corrientesdetarde.com\/wp-content\/uploads\/2023\/02\/f45d08d1cf87b58d4a9b0c8d6b68f8dd09672c8c-683x1024.jpg\" alt=\"\" class=\"wp-image-37853\" srcset=\"https:\/\/corrientesdetarde.com\/wp-content\/uploads\/2023\/02\/f45d08d1cf87b58d4a9b0c8d6b68f8dd09672c8c-683x1024.jpg 683w, https:\/\/corrientesdetarde.com\/wp-content\/uploads\/2023\/02\/f45d08d1cf87b58d4a9b0c8d6b68f8dd09672c8c-200x300.jpg 200w, https:\/\/corrientesdetarde.com\/wp-content\/uploads\/2023\/02\/f45d08d1cf87b58d4a9b0c8d6b68f8dd09672c8c-768x1152.jpg 768w, https:\/\/corrientesdetarde.com\/wp-content\/uploads\/2023\/02\/f45d08d1cf87b58d4a9b0c8d6b68f8dd09672c8c-1024x1536.jpg 1024w, https:\/\/corrientesdetarde.com\/wp-content\/uploads\/2023\/02\/f45d08d1cf87b58d4a9b0c8d6b68f8dd09672c8c-1365x2048.jpg 1365w, https:\/\/corrientesdetarde.com\/wp-content\/uploads\/2023\/02\/f45d08d1cf87b58d4a9b0c8d6b68f8dd09672c8c-scaled.jpg 1707w\" sizes=\"auto, (max-width: 683px) 100vw, 683px\" \/><\/figure>\n<\/div>\n\n\n\n<div class=\"wp-block-uagb-container uagb-block-40615f3c\">\n<figure class=\"wp-block-image size-large\"><img loading=\"lazy\" decoding=\"async\" width=\"1024\" height=\"683\" src=\"https:\/\/corrientesdetarde.com\/wp-content\/uploads\/2023\/02\/8a92c424cb6f56c8a8e865646526670ef74e4723-1024x683.jpg\" alt=\"\" class=\"wp-image-37852\" srcset=\"https:\/\/corrientesdetarde.com\/wp-content\/uploads\/2023\/02\/8a92c424cb6f56c8a8e865646526670ef74e4723-1024x683.jpg 1024w, https:\/\/corrientesdetarde.com\/wp-content\/uploads\/2023\/02\/8a92c424cb6f56c8a8e865646526670ef74e4723-300x200.jpg 300w, https:\/\/corrientesdetarde.com\/wp-content\/uploads\/2023\/02\/8a92c424cb6f56c8a8e865646526670ef74e4723-768x512.jpg 768w, https:\/\/corrientesdetarde.com\/wp-content\/uploads\/2023\/02\/8a92c424cb6f56c8a8e865646526670ef74e4723-1536x1024.jpg 1536w, https:\/\/corrientesdetarde.com\/wp-content\/uploads\/2023\/02\/8a92c424cb6f56c8a8e865646526670ef74e4723-2048x1365.jpg 2048w, https:\/\/corrientesdetarde.com\/wp-content\/uploads\/2023\/02\/8a92c424cb6f56c8a8e865646526670ef74e4723-272x182.jpg 272w\" sizes=\"auto, (max-width: 1024px) 100vw, 1024px\" \/><\/figure>\n<\/div>\n<\/div><\/div>\n","protected":false},"excerpt":{"rendered":"<p>El carnaval correntino tuvo su tercer desfile este viernes, donde el p\u00fablico colm\u00f3 el cors\u00f3dromo Nolo Alias. A lo largo de la noche, figuras de distintas comparsas destacaron el acompa\u00f1amiento&hellip; <\/p>\n","protected":false},"author":1,"featured_media":37849,"comment_status":"closed","ping_status":"open","sticky":false,"template":"","format":"standard","meta":{"footnotes":""},"categories":[15],"tags":[],"class_list":["post-37848","post","type-post","status-publish","format-standard","has-post-thumbnail","hentry","category-cultura"],"_links":{"self":[{"href":"https:\/\/corrientesdetarde.com\/index.php\/wp-json\/wp\/v2\/posts\/37848","targetHints":{"allow":["GET"]}}],"collection":[{"href":"https:\/\/corrientesdetarde.com\/index.php\/wp-json\/wp\/v2\/posts"}],"about":[{"href":"https:\/\/corrientesdetarde.com\/index.php\/wp-json\/wp\/v2\/types\/post"}],"author":[{"embeddable":true,"href":"https:\/\/corrientesdetarde.com\/index.php\/wp-json\/wp\/v2\/users\/1"}],"replies":[{"embeddable":true,"href":"https:\/\/corrientesdetarde.com\/index.php\/wp-json\/wp\/v2\/comments?post=37848"}],"version-history":[{"count":1,"href":"https:\/\/corrientesdetarde.com\/index.php\/wp-json\/wp\/v2\/posts\/37848\/revisions"}],"predecessor-version":[{"id":37854,"href":"https:\/\/corrientesdetarde.com\/index.php\/wp-json\/wp\/v2\/posts\/37848\/revisions\/37854"}],"wp:featuredmedia":[{"embeddable":true,"href":"https:\/\/corrientesdetarde.com\/index.php\/wp-json\/wp\/v2\/media\/37849"}],"wp:attachment":[{"href":"https:\/\/corrientesdetarde.com\/index.php\/wp-json\/wp\/v2\/media?parent=37848"}],"wp:term":[{"taxonomy":"category","embeddable":true,"href":"https:\/\/corrientesdetarde.com\/index.php\/wp-json\/wp\/v2\/categories?post=37848"},{"taxonomy":"post_tag","embeddable":true,"href":"https:\/\/corrientesdetarde.com\/index.php\/wp-json\/wp\/v2\/tags?post=37848"}],"curies":[{"name":"wp","href":"https:\/\/api.w.org\/{rel}","templated":true}]}}