{"id":37887,"date":"2023-02-05T11:40:16","date_gmt":"2023-02-05T14:40:16","guid":{"rendered":"https:\/\/corrientesdetarde.com\/?p=37887"},"modified":"2023-02-05T11:41:23","modified_gmt":"2023-02-05T14:41:23","slug":"situacion-ignea","status":"publish","type":"post","link":"https:\/\/corrientesdetarde.com\/index.php\/actualidad\/situacion-ignea\/","title":{"rendered":"SITUACI\u00d3N \u00cdGNEA"},"content":{"rendered":"\n<p>Imagen a\u00e9rea de los incendios en zonas del Portal Carambola en Ibera,&nbsp;#Corrientes. Desde principio y fines de Enero la provincia de Corrientes combati\u00f3 m\u00e1s de 580 foco igneo. Gran parte de los incendios se dan en ba\u00f1ados y esteros zonas de dif\u00edcil de&nbsp;acceder.<\/p>\n\n\n\n<p>El \u00edndice de riesgo de fuego sigue aumentando acompa\u00f1ado por la extrema sequ\u00eda. Para este mes de febrero el panorama puede ser peor y con un d\u00e9ficit de precipitaci\u00f3n. La humedad ronda por debajo de los 29%.<\/p>\n\n\n\n<figure class=\"wp-block-video\"><video controls src=\"https:\/\/corrientesdetarde.com\/wp-content\/uploads\/2023\/02\/328291686_761609874955059_6353226338189298979_n.mp4\"><\/video><\/figure>\n","protected":false},"excerpt":{"rendered":"<p>Imagen a\u00e9rea de los incendios en zonas del Portal Carambola en Ibera,&nbsp;#Corrientes. Desde principio y fines de Enero la provincia de Corrientes combati\u00f3 m\u00e1s de 580 foco igneo. Gran parte&hellip; <\/p>\n","protected":false},"author":4,"featured_media":37952,"comment_status":"closed","ping_status":"open","sticky":false,"template":"","format":"standard","meta":{"footnotes":""},"categories":[23],"tags":[],"class_list":["post-37887","post","type-post","status-publish","format-standard","has-post-thumbnail","hentry","category-actualidad"],"_links":{"self":[{"href":"https:\/\/corrientesdetarde.com\/index.php\/wp-json\/wp\/v2\/posts\/37887","targetHints":{"allow":["GET"]}}],"collection":[{"href":"https:\/\/corrientesdetarde.com\/index.php\/wp-json\/wp\/v2\/posts"}],"about":[{"href":"https:\/\/corrientesdetarde.com\/index.php\/wp-json\/wp\/v2\/types\/post"}],"author":[{"embeddable":true,"href":"https:\/\/corrientesdetarde.com\/index.php\/wp-json\/wp\/v2\/users\/4"}],"replies":[{"embeddable":true,"href":"https:\/\/corrientesdetarde.com\/index.php\/wp-json\/wp\/v2\/comments?post=37887"}],"version-history":[{"count":2,"href":"https:\/\/corrientesdetarde.com\/index.php\/wp-json\/wp\/v2\/posts\/37887\/revisions"}],"predecessor-version":[{"id":37955,"href":"https:\/\/corrientesdetarde.com\/index.php\/wp-json\/wp\/v2\/posts\/37887\/revisions\/37955"}],"wp:featuredmedia":[{"embeddable":true,"href":"https:\/\/corrientesdetarde.com\/index.php\/wp-json\/wp\/v2\/media\/37952"}],"wp:attachment":[{"href":"https:\/\/corrientesdetarde.com\/index.php\/wp-json\/wp\/v2\/media?parent=37887"}],"wp:term":[{"taxonomy":"category","embeddable":true,"href":"https:\/\/corrientesdetarde.com\/index.php\/wp-json\/wp\/v2\/categories?post=37887"},{"taxonomy":"post_tag","embeddable":true,"href":"https:\/\/corrientesdetarde.com\/index.php\/wp-json\/wp\/v2\/tags?post=37887"}],"curies":[{"name":"wp","href":"https:\/\/api.w.org\/{rel}","templated":true}]}}