{"id":37956,"date":"2023-02-05T11:55:29","date_gmt":"2023-02-05T14:55:29","guid":{"rendered":"https:\/\/corrientesdetarde.com\/?p=37956"},"modified":"2023-02-05T11:55:31","modified_gmt":"2023-02-05T14:55:31","slug":"fin-del-misterio-coronan-hoy-a-los-embajadores-del-carnaval-2023","status":"publish","type":"post","link":"https:\/\/corrientesdetarde.com\/index.php\/cultura\/fin-del-misterio-coronan-hoy-a-los-embajadores-del-carnaval-2023\/","title":{"rendered":"Fin del misterio: coronan hoy a los embajadores del carnaval 2023"},"content":{"rendered":"\n<p>Los candidatos desfilaron el viernes en la avenida del Nolo Al\u00edas. El Jurado confirm\u00f3 los ganadores de vestuario, pero el nombre de los flamantes soberanos reci\u00e9n se conocer\u00e1n \u00a0esta noche.\u00a0\u00a0<\/p>\n\n\n\n<p>En su tercera noche de corsos, la capital nacional del carnaval eligi\u00f3 mejores trajes y \u201cpor cuestiones de tiempo\u201d -dijeron desde la organizaci\u00f3n- qued\u00f3 para hoy (domingo) la definici\u00f3n de los soberanos 2023. La coronaci\u00f3n ser\u00e1 a las 21 en el parque Camb\u00e1 Cu\u00e1, minutos antes del duelo de bater\u00edas. Con su \u201cLuna de todos los tiempos\u201d Irenita Demonte de la comparsa Sapucay fue reconocida con el t\u00edtulo de Mejor Traje Femenino en tanto que el premio masculino fue para \u201cEl gran Cham\u00e1n\u201d de Juan Ram\u00f3n Zaracho (Ara Ber\u00e1). En infantiles la ganadora fue Joaquina G\u00f3mez Goitia (Sapucay) con su \u201cArrecife de coral\u201d. &nbsp;<\/p>\n\n\n\n<p>\u201cCarnaval es carnaval\u201d, esta frase era habitual a\u00f1os atr\u00e1s cuando el carnaval de agua, inundaba las calles de las ciudades argentinas que supieron adue\u00f1arse de esta celebraci\u00f3n popular. \u201cCarnaval es carnaval\u201d, significaba que, en tiempos de Momo, todo pod\u00eda pasar y era tambi\u00e9n una advertencia antes de empapar con una bombita de agua a cualquier peat\u00f3n sin importar ad\u00f3nde se estuviera yendo, \u201cme voy a trabajar, no me mojen\u201d, era un pedido t\u00edpico pero la respuesta era siempre \u201ccarnaval es carnaval\u201d.&nbsp;<\/p>\n\n\n\n<p>Si bien la costumbre del carnaval de agua se perdi\u00f3, \u201ccarnaval es carnaval\u201d sigue presente. Aunque ahora la frase no se usa de manera expl\u00edcita, la idea parece estar vigente cada noche de corsos, donde queda claro que \u201cen tiempos de Momo, todo puede pasar\u201d. \u201cCarnaval es carnaval\u201d se podr\u00eda utilizar, por ejemplo, para explicar la extra\u00f1a demora que experimenta el anuncio de los nuevos embajadores de la capital nacional del carnaval.&nbsp;<\/p>\n\n\n\n<p>Aunque suene raro, las cosas sucedieron as\u00ed: seg\u00fan el cronograma oficial, el viernes 3 de febrero, a partir de las 20, se realizar\u00eda, en el cors\u00f3dromo Nolo Al\u00edas, la elecci\u00f3n de los mejores trajes y embajadores 2023, lo cual, en principio, se cumpli\u00f3. Los postulantes para ambos puestos se presentaron, desfilaron, el jurado evalu\u00f3 y de esa evaluaci\u00f3n surgieron los ganadores de mejores trajes tanto de la capital correntina como del interior (los resultados se detallar\u00e1n p\u00e1rrafos m\u00e1s adelante).&nbsp;<\/p>\n\n\n\n<p>Vale resaltar que todo este proceso se ten\u00eda que llevar adelante en dos horas, porque el desfile de comparsas y agrupaciones musicales deb\u00eda comenzar a las 22 en el mismo escenario del certamen individual. Pero eso no fue posible, pasaron las dos horas y el nombre de los nuevos embajadores todav\u00eda brillaba por su ausencia.&nbsp;<\/p>\n\n\n\n<p>\u201cCarnaval es carnaval\u201d, ser\u00e1 entonces una buena explicaci\u00f3n para justificar lo sucedido. La coronaci\u00f3n \u201csorpresa\u201d tendr\u00e1 lugar hoy a las 21 en el parque Camb\u00e1 Cu\u00e1 donde se har\u00e1 tambi\u00e9n el duelo de bater\u00edas, un certamen gratuito que promete una gran convocatoria.&nbsp;<\/p>\n\n\n\n<p>Trajes&nbsp;<\/p>\n\n\n\n<p>El viernes, el carnaval eligi\u00f3 a sus Mejores Trajes Nacionales de la Edici\u00f3n 2023 y los ganadores fueron los siguientes: &nbsp;<\/p>\n\n\n\n<p>Mejor Traje Femenino:&nbsp;<\/p>\n\n\n\n<p>l Irenita Demonte (Comparsa Sapucay) \u201cLuna de todos los tiempos\u201d. &nbsp;<\/p>\n\n\n\n<p>Mejor Traje Femenino<\/p>\n\n\n\n<p>del Interior:&nbsp;<\/p>\n\n\n\n<p>l Andrea Demarco (Comparsa Anah\u00ed de Bella Vista) \u201cLa sangre de la realeza espa\u00f1ola\u201d. &nbsp;<\/p>\n\n\n\n<p>Mejor Traje Masculino:&nbsp;<\/p>\n\n\n\n<p>l Juan Ram\u00f3n Zaracho (Comparsa Ara Ber\u00e1) \u201cEl gran Cham\u00e1n\u201d. &nbsp;<\/p>\n\n\n\n<p>Mejor Traje Masculino del Interior:&nbsp;<\/p>\n\n\n\n<p>l Fabricio Ranalli (Comparsa Car\u00fa Cur\u00e1 de Esquina) \u201cCarnaval de las m\u00e1scaras\u201d.&nbsp;<\/p>\n\n\n\n<p>Mejor Traje Infantil.&nbsp;<\/p>\n\n\n\n<p>l Joaquina G\u00f3mez Goitia&nbsp;<\/p>\n\n\n\n<p>(Comparsa Sapucay) \u201cArrecife de Coral\u201d. &nbsp;<\/p>\n\n\n\n<p>Mejor Traje Infantil&nbsp;<\/p>\n\n\n\n<p>del Interior:&nbsp;<\/p>\n\n\n\n<p>l Ernestina Aparicio Olivetti (Comparsa Anah\u00ed de Bella Vista) \u201cEl R\u00edo Paran\u00e1\u201d. &nbsp;<\/p>\n\n\n\n<p>Postulantes&nbsp;<\/p>\n\n\n\n<p>Los comparseros y comparseras que el viernes desfilaron y fueron evaluados por el jurado, volver\u00e1n a presentarse esta noche en el parque Camb\u00e1 Cu\u00e1, para que quienes hayan sido electos puedan ser coronados. A continuaci\u00f3n, la n\u00f3mina: &nbsp;&nbsp;<\/p>\n\n\n\n<p>Postulantes Femeninas &nbsp;<\/p>\n\n\n\n<p>l &nbsp;D\u00edaz Roa, Magal\u00ed Amalia (Kamandukahia) &nbsp;<\/p>\n\n\n\n<p>l Valenzuela, Melisa&nbsp;<\/p>\n\n\n\n<p>(Ara Ber\u00e1) &nbsp;<\/p>\n\n\n\n<p>l Fa Arias, Joaquina&nbsp;<\/p>\n\n\n\n<p>(Ara Ber\u00e1) &nbsp;<\/p>\n\n\n\n<p>l Szacharas, Casco Mayra (Ara Ber\u00e1) &nbsp;<\/p>\n\n\n\n<p>l Montenegro, Lourdes&nbsp;<\/p>\n\n\n\n<p>(Arand\u00fa Beleza) &nbsp;<\/p>\n\n\n\n<p>l Zeniquel, Lourdes Jimena (Kamandukahia) &nbsp;<\/p>\n\n\n\n<p>l L\u00f3pez, Marcela Soledad&nbsp;<\/p>\n\n\n\n<p>(Arand\u00fa Beleza) &nbsp;<\/p>\n\n\n\n<p>l Bord\u00f3n, Tamara Liset&nbsp;<\/p>\n\n\n\n<p>(Aram\u00fa) &nbsp;&nbsp;<\/p>\n\n\n\n<p>l Gonz\u00e1lez, Roc\u00edo<\/p>\n\n\n\n<p>(Samba Total) &nbsp;<\/p>\n\n\n\n<p>l Gim\u00e9nez, Acu\u00f1a Loana&nbsp;<\/p>\n\n\n\n<p>(Copacabana) &nbsp;<\/p>\n\n\n\n<p>l Arnaldi, Catherine Rocio&nbsp;<\/p>\n\n\n\n<p>(Copacabana) &nbsp;<\/p>\n\n\n\n<p>l Ceccardi, Giuliana&nbsp;<\/p>\n\n\n\n<p>(Sapucay) &nbsp;<\/p>\n\n\n\n<p>l Melniczuk, Lucrecia&nbsp;<\/p>\n\n\n\n<p>(Sapucay) &nbsp;<\/p>\n\n\n\n<p>l Falc\u00f3n, Irene (Sapucay) &nbsp;<\/p>\n\n\n\n<p>l Repetto, Camila Azul&nbsp;<\/p>\n\n\n\n<p>(Anah\u00ed de Bella Vista)&nbsp;<\/p>\n\n\n\n<p>l Romero Flores<\/p>\n\n\n\n<p>&nbsp;(Kamandukahia) &nbsp;<\/p>\n\n\n\n<p>Postulantes Masculinos: &nbsp;<\/p>\n\n\n\n<p>l Colla Orrego, Lu\u00eds Daniel (Arand\u00fa Beleza) &nbsp;<\/p>\n\n\n\n<p>l Bernachea, Hern\u00e1n&nbsp;<\/p>\n\n\n\n<p>(Ara Ber\u00e1) &nbsp;<\/p>\n\n\n\n<p>l Vallejos, Eric&nbsp;<\/p>\n\n\n\n<p>(Copacabana) &nbsp;<\/p>\n\n\n\n<p>l Brites, David&nbsp;<\/p>\n\n\n\n<p>(Arand\u00fa Beleza) &nbsp;<\/p>\n\n\n\n<p>l Barrios, Ezequiel&nbsp;<\/p>\n\n\n\n<p>(Arand\u00fa Beleza) &nbsp;<\/p>\n\n\n\n<p>l Lucchini, Gerardo&nbsp;<\/p>\n\n\n\n<p>(Sapucay) &nbsp;<\/p>\n\n\n\n<p>l Vergara, Ram\u00f3n&nbsp;<\/p>\n\n\n\n<p>(Ara Ber\u00e1) &nbsp;<\/p>\n\n\n\n<p>l Nigro, Augusto (Arand\u00fa Beleza) &nbsp;<\/p>\n\n\n\n<p>l Aguirre, Pablo Alejandro &nbsp;<\/p>\n\n\n\n<p>(Arand\u00fa Beleza) &nbsp;<\/p>\n\n\n\n<p>l C\u00f3ceres, Ra\u00fal Francisco &nbsp;<\/p>\n\n\n\n<p>(Sapucay) &nbsp;<\/p>\n\n\n\n<p>l Montenegro, Daniel&nbsp;<\/p>\n\n\n\n<p>(Copacabana) &nbsp;<\/p>\n\n\n\n<p>l Isetta, Joaqu\u00edn Gabriel&nbsp;<\/p>\n\n\n\n<p>(Ara Ber\u00e1) &nbsp;<\/p>\n\n\n\n<p>l Marain, Cesar Ariel<\/p>\n\n\n\n<p>&nbsp;(Sapucay) &nbsp;<\/p>\n\n\n\n<p>l Pav\u00f3n, Diego Adri\u00e1n&nbsp;<\/p>\n\n\n\n<p>(Ara Ber\u00e1). &nbsp;<\/p>\n","protected":false},"excerpt":{"rendered":"<p>Los candidatos desfilaron el viernes en la avenida del Nolo Al\u00edas. El Jurado confirm\u00f3 los ganadores de vestuario, pero el nombre de los flamantes soberanos reci\u00e9n se conocer\u00e1n \u00a0esta noche.\u00a0\u00a0&hellip; <\/p>\n","protected":false},"author":4,"featured_media":37957,"comment_status":"closed","ping_status":"open","sticky":false,"template":"","format":"standard","meta":{"footnotes":""},"categories":[15],"tags":[],"class_list":["post-37956","post","type-post","status-publish","format-standard","has-post-thumbnail","hentry","category-cultura"],"_links":{"self":[{"href":"https:\/\/corrientesdetarde.com\/index.php\/wp-json\/wp\/v2\/posts\/37956","targetHints":{"allow":["GET"]}}],"collection":[{"href":"https:\/\/corrientesdetarde.com\/index.php\/wp-json\/wp\/v2\/posts"}],"about":[{"href":"https:\/\/corrientesdetarde.com\/index.php\/wp-json\/wp\/v2\/types\/post"}],"author":[{"embeddable":true,"href":"https:\/\/corrientesdetarde.com\/index.php\/wp-json\/wp\/v2\/users\/4"}],"replies":[{"embeddable":true,"href":"https:\/\/corrientesdetarde.com\/index.php\/wp-json\/wp\/v2\/comments?post=37956"}],"version-history":[{"count":1,"href":"https:\/\/corrientesdetarde.com\/index.php\/wp-json\/wp\/v2\/posts\/37956\/revisions"}],"predecessor-version":[{"id":37959,"href":"https:\/\/corrientesdetarde.com\/index.php\/wp-json\/wp\/v2\/posts\/37956\/revisions\/37959"}],"wp:featuredmedia":[{"embeddable":true,"href":"https:\/\/corrientesdetarde.com\/index.php\/wp-json\/wp\/v2\/media\/37957"}],"wp:attachment":[{"href":"https:\/\/corrientesdetarde.com\/index.php\/wp-json\/wp\/v2\/media?parent=37956"}],"wp:term":[{"taxonomy":"category","embeddable":true,"href":"https:\/\/corrientesdetarde.com\/index.php\/wp-json\/wp\/v2\/categories?post=37956"},{"taxonomy":"post_tag","embeddable":true,"href":"https:\/\/corrientesdetarde.com\/index.php\/wp-json\/wp\/v2\/tags?post=37956"}],"curies":[{"name":"wp","href":"https:\/\/api.w.org\/{rel}","templated":true}]}}