{"id":37978,"date":"2023-02-05T12:21:35","date_gmt":"2023-02-05T15:21:35","guid":{"rendered":"https:\/\/corrientesdetarde.com\/?p=37978"},"modified":"2023-02-05T12:21:50","modified_gmt":"2023-02-05T15:21:50","slug":"saladas-rindio-honores-a-su-maximo-heroe-el-sargento-cabral","status":"publish","type":"post","link":"https:\/\/corrientesdetarde.com\/index.php\/cultura\/saladas-rindio-honores-a-su-maximo-heroe-el-sargento-cabral\/","title":{"rendered":"Saladas rindi\u00f3 honores a su m\u00e1ximo h\u00e9roe el sargento Cabral"},"content":{"rendered":"\n<p>En el marco del 210\u00b0 aniversario del Combate de San Lorenzo y paso a la inmortalidad del Sargento Juan Bautista Cabral, la ciudad de Saladas&nbsp;se congreg\u00f3 en la plaza que lleva su nombre con un acto y desfile c\u00edvico-militar, para honrar la memoria de quien se entregara por su General y la Patria.<\/p>\n\n\n\n<p>El acto que inici\u00f3 pasadas las 20 horas, fue encabezado por el intendente Noel G\u00f3mez junto al Vicegobernador de la Provincia de Corrientes, Pedro Braillard Poccard; contando con la presencia de los ministros de Obras y Servicios P\u00fablicos, Claudio Polich&nbsp;y de&nbsp;Coordinaci\u00f3n y Planificaci\u00f3n, Cr. Miguel Olivieri, entre otras autoridades comunales, provinciales y de fuerzas de seguridad&nbsp;y&nbsp;armadas.<\/p>\n\n\n\n<p>Inicialmente, el intendente y vicegobernador, realizaron el Pase de Revista con las formaciones de las fuerzas armadas e instituciones educativas, para as\u00ed dar inicio a la etapa protocolar.<\/p>\n\n\n\n<p>En la ocasi\u00f3n, brindaron sus palabras alusivas a la fecha, la profesora de educaci\u00f3n primaria, Gimena Roc\u00edo Franco en representaci\u00f3n de la Docencia; el concejal Jorge Antonio Borsatto por el HCD; el intendente G\u00f3mez desde el Departamento Ejecutivo Municipal, y el vicegobernador en nombre del Gobierno de todos los correntinos.<\/p>\n\n\n\n<figure class=\"wp-block-image size-full\"><img loading=\"lazy\" decoding=\"async\" width=\"759\" height=\"491\" src=\"https:\/\/corrientesdetarde.com\/wp-content\/uploads\/2023\/02\/Captura-de-pantalla-2023-02-05-121930.png\" alt=\"\" class=\"wp-image-37980\" srcset=\"https:\/\/corrientesdetarde.com\/wp-content\/uploads\/2023\/02\/Captura-de-pantalla-2023-02-05-121930.png 759w, https:\/\/corrientesdetarde.com\/wp-content\/uploads\/2023\/02\/Captura-de-pantalla-2023-02-05-121930-300x194.png 300w\" sizes=\"auto, (max-width: 759px) 100vw, 759px\" \/><\/figure>\n\n\n\n<p><strong>Gestionar\u00e1n el retorno de los restos de Cabral a Saladas<\/strong><\/p>\n\n\n\n<p>En su discurso, G\u00f3mez destac\u00f3 los valores, la entrega y el sacrificio de Cabral, y coment\u00f3 sobre el viaje a San Lorenzo, Santa Fe, donde el municipio concret\u00f3 afianzar lazos de amistad, hermandad y proyectos en com\u00fan, y &#8220;una de las acciones que llevaremos adelante, es el inicio de las gestiones para lograr en un futuro no muy lejano, el regreso a su terru\u00f1o natal, para que vuelva con la gloria a descansar para siempre en la patria que lo vio nacer y por la cual, no dud\u00f3 morir de pie junto a su general&#8221;.<\/p>\n\n\n\n<p>Tras el retiro de las banderas de ceremonia, bajo el acompa\u00f1amiento del Comisario Ariel Pav\u00f3n, la Banda del Servicio Penitenciario de Corrientes y dem\u00e1s fuerzas armadas, actu\u00f3 el Ballet Folcl\u00f3rico Municipal &#8220;Ram\u00f3n Paulino Fe\u00fc&#8221; dirigido por el Profesor Federico Aguirre.<\/p>\n\n\n\n<p>El cierre de la parte formal se dio con la artista soprano Sandra L\u00f3pez de San Lorenzo, Santa Fe, que junto a la banda interpret\u00f3 la Marcha de San Lorenzo, y as\u00ed, se dio paso al desfile c\u00edvico militar, donde participaron las instituciones educativas de los diferentes niveles presentes en el acto, fuerzas armadas y vivas, entre otras, d\u00e1ndole un marco emotivo al acto.<\/p>\n\n\n\n<p>Cerrando todas las actividades en programaci\u00f3n, se realiz\u00f3 un multitudinario festival popular en las inmediaciones de 25 de Mayo y Sgto. Cabral, donde actuaron: \u00c1ngel Escobar y Los Paisanos, Luisina Gonz\u00e1lez, Chamam\u00e9 Ku\u00f1\u00e1, Los Semaneros y el gran cierre con \u00c1ngel Piciochi.<\/p>\n\n\n\n<figure class=\"wp-block-image size-full\"><img loading=\"lazy\" decoding=\"async\" width=\"754\" height=\"484\" src=\"https:\/\/corrientesdetarde.com\/wp-content\/uploads\/2023\/02\/Captura-de-pantalla-2023-02-05-121956.png\" alt=\"\" class=\"wp-image-37981\" srcset=\"https:\/\/corrientesdetarde.com\/wp-content\/uploads\/2023\/02\/Captura-de-pantalla-2023-02-05-121956.png 754w, https:\/\/corrientesdetarde.com\/wp-content\/uploads\/2023\/02\/Captura-de-pantalla-2023-02-05-121956-300x193.png 300w\" sizes=\"auto, (max-width: 754px) 100vw, 754px\" \/><\/figure>\n","protected":false},"excerpt":{"rendered":"<p>En el marco del 210\u00b0 aniversario del Combate de San Lorenzo y paso a la inmortalidad del Sargento Juan Bautista Cabral, la ciudad de Saladas&nbsp;se congreg\u00f3 en la plaza que&hellip; <\/p>\n","protected":false},"author":4,"featured_media":37979,"comment_status":"closed","ping_status":"open","sticky":false,"template":"","format":"standard","meta":{"footnotes":""},"categories":[15],"tags":[],"class_list":["post-37978","post","type-post","status-publish","format-standard","has-post-thumbnail","hentry","category-cultura"],"_links":{"self":[{"href":"https:\/\/corrientesdetarde.com\/index.php\/wp-json\/wp\/v2\/posts\/37978","targetHints":{"allow":["GET"]}}],"collection":[{"href":"https:\/\/corrientesdetarde.com\/index.php\/wp-json\/wp\/v2\/posts"}],"about":[{"href":"https:\/\/corrientesdetarde.com\/index.php\/wp-json\/wp\/v2\/types\/post"}],"author":[{"embeddable":true,"href":"https:\/\/corrientesdetarde.com\/index.php\/wp-json\/wp\/v2\/users\/4"}],"replies":[{"embeddable":true,"href":"https:\/\/corrientesdetarde.com\/index.php\/wp-json\/wp\/v2\/comments?post=37978"}],"version-history":[{"count":2,"href":"https:\/\/corrientesdetarde.com\/index.php\/wp-json\/wp\/v2\/posts\/37978\/revisions"}],"predecessor-version":[{"id":37983,"href":"https:\/\/corrientesdetarde.com\/index.php\/wp-json\/wp\/v2\/posts\/37978\/revisions\/37983"}],"wp:featuredmedia":[{"embeddable":true,"href":"https:\/\/corrientesdetarde.com\/index.php\/wp-json\/wp\/v2\/media\/37979"}],"wp:attachment":[{"href":"https:\/\/corrientesdetarde.com\/index.php\/wp-json\/wp\/v2\/media?parent=37978"}],"wp:term":[{"taxonomy":"category","embeddable":true,"href":"https:\/\/corrientesdetarde.com\/index.php\/wp-json\/wp\/v2\/categories?post=37978"},{"taxonomy":"post_tag","embeddable":true,"href":"https:\/\/corrientesdetarde.com\/index.php\/wp-json\/wp\/v2\/tags?post=37978"}],"curies":[{"name":"wp","href":"https:\/\/api.w.org\/{rel}","templated":true}]}}