{"id":37985,"date":"2023-02-05T18:13:00","date_gmt":"2023-02-05T21:13:00","guid":{"rendered":"https:\/\/corrientesdetarde.com\/?p=37985"},"modified":"2023-02-05T18:13:04","modified_gmt":"2023-02-05T21:13:04","slug":"detuvieron-a-un-pasajero-que-viajaba-con-dos-bombos-llenos-de-marihuana","status":"publish","type":"post","link":"https:\/\/corrientesdetarde.com\/index.php\/crimen-y-justicia\/detuvieron-a-un-pasajero-que-viajaba-con-dos-bombos-llenos-de-marihuana\/","title":{"rendered":"Detuvieron a un pasajero que viajaba con dos bombos llenos de marihuana."},"content":{"rendered":"\n<h2 class=\"wp-block-heading\">Los gendarmes secuestraron m\u00e1s de cinco kilogramos de la droga escondida dentro del instrumento musical durante un control vehicular.<\/h2>\n\n\n\n<p>En un control policial, personal de la Patrulla Fija &#8220;Puente General Belgrano&#8221;detuvo la marcha de un colectivo de larga distancia. En el interior del mismo uno de los pasajeros viajaba con dos bombos que emanaban un fuerte olor a marihuana. Al inspeccionarlo divisaron paquetes que conten\u00edan m\u00e1s de cinco kilos de cogollos de &#8220;cannabis sativa&#8221;y detuvieron al pasajero.<\/p>\n\n\n\n<p>El operativo se desarroll\u00f3 el s\u00e1bado por la noche por parte del personal de la Patrulla Fija &#8220;Puente General Belgrano&#8221;, dependiente del Escuadr\u00f3n 51 &#8220;Fontana&#8221;&nbsp;la altura del kil\u00f3metro 5 de la ruta nacional N\u00b0 16, jurisdicci\u00f3n de Barranqueras.&nbsp; &nbsp;Interceptaron un colectivo de larga distancia que sali\u00f3 desde Tucum\u00e1n con destino a Misiones.<\/p>\n\n\n\n<p>Cuando los agentes realizaron el control correspondiente, los agentes inspeccionaron las pertenencias de los pasajeros y detectaron dos bombos, los cuales emanaban un fuerte olor caracter\u00edstico a marihuana. Al abrir los instrumentos musicales en presencia de testigos, los funcionarios divisaron paquetes que conten\u00edan 5 kilos 70 gramos de cogollos de &#8220;cannabis sativa&#8221;.<\/p>\n\n\n\n<p>Seg\u00fan las pruebas de campo Narcotest efectuadas por integrantes de Criminal\u00edstica y Estudios Forenses de la Fuerza. El Juzgado Federal N\u00b0 1 de Resistencia orient\u00f3 el decomiso del estupefaciente y la detenci\u00f3n del pasajero involucrado.<\/p>\n\n\n\n<p><\/p>\n\n\n\n<p>Fuente: Diario \u00c9poca.<\/p>\n","protected":false},"excerpt":{"rendered":"<p>Los gendarmes secuestraron m\u00e1s de cinco kilogramos de la droga escondida dentro del instrumento musical durante un control vehicular. En un control policial, personal de la Patrulla Fija &#8220;Puente General&hellip; <\/p>\n","protected":false},"author":6,"featured_media":37986,"comment_status":"closed","ping_status":"open","sticky":false,"template":"","format":"standard","meta":{"footnotes":""},"categories":[5],"tags":[],"class_list":["post-37985","post","type-post","status-publish","format-standard","has-post-thumbnail","hentry","category-crimen-y-justicia"],"_links":{"self":[{"href":"https:\/\/corrientesdetarde.com\/index.php\/wp-json\/wp\/v2\/posts\/37985","targetHints":{"allow":["GET"]}}],"collection":[{"href":"https:\/\/corrientesdetarde.com\/index.php\/wp-json\/wp\/v2\/posts"}],"about":[{"href":"https:\/\/corrientesdetarde.com\/index.php\/wp-json\/wp\/v2\/types\/post"}],"author":[{"embeddable":true,"href":"https:\/\/corrientesdetarde.com\/index.php\/wp-json\/wp\/v2\/users\/6"}],"replies":[{"embeddable":true,"href":"https:\/\/corrientesdetarde.com\/index.php\/wp-json\/wp\/v2\/comments?post=37985"}],"version-history":[{"count":1,"href":"https:\/\/corrientesdetarde.com\/index.php\/wp-json\/wp\/v2\/posts\/37985\/revisions"}],"predecessor-version":[{"id":37987,"href":"https:\/\/corrientesdetarde.com\/index.php\/wp-json\/wp\/v2\/posts\/37985\/revisions\/37987"}],"wp:featuredmedia":[{"embeddable":true,"href":"https:\/\/corrientesdetarde.com\/index.php\/wp-json\/wp\/v2\/media\/37986"}],"wp:attachment":[{"href":"https:\/\/corrientesdetarde.com\/index.php\/wp-json\/wp\/v2\/media?parent=37985"}],"wp:term":[{"taxonomy":"category","embeddable":true,"href":"https:\/\/corrientesdetarde.com\/index.php\/wp-json\/wp\/v2\/categories?post=37985"},{"taxonomy":"post_tag","embeddable":true,"href":"https:\/\/corrientesdetarde.com\/index.php\/wp-json\/wp\/v2\/tags?post=37985"}],"curies":[{"name":"wp","href":"https:\/\/api.w.org\/{rel}","templated":true}]}}