{"id":37988,"date":"2023-02-05T18:18:13","date_gmt":"2023-02-05T21:18:13","guid":{"rendered":"https:\/\/corrientesdetarde.com\/?p=37988"},"modified":"2023-02-05T18:18:17","modified_gmt":"2023-02-05T21:18:17","slug":"goya-detuvieron-a-un-hombre-que-mato-a-su-yerno-de-un-balazo","status":"publish","type":"post","link":"https:\/\/corrientesdetarde.com\/index.php\/crimen-y-justicia\/goya-detuvieron-a-un-hombre-que-mato-a-su-yerno-de-un-balazo\/","title":{"rendered":"Goya: detuvieron a un hombre que mat\u00f3 a su yerno de un balazo."},"content":{"rendered":"\n<h2 class=\"wp-block-heading\">La Polic\u00eda de Corrientes investiga las circunstancias en que muri\u00f3 un hombre de 35 a\u00f1os en un domicilio ubicado en la 5\u00b0 Secci\u00f3n de Goya, Paraje El Duraznillo. Por el hecho est\u00e1 detenido su suegro, de 73 a\u00f1os, acusado de dispararle con un arma de fuego.<\/h2>\n\n\n\n<p>Efectivos policiales de la Comisaria 1\u00b0 de Goya, en colaboraci\u00f3n con las autoridades judiciales en turno, investigan un hecho delictivo ocurrido durante la tarde noche del s\u00e1bado en la 5\u00b0 Secci\u00f3n, Paraje El Duraznillo, Departamento de Goya, donde un hombre le habr\u00eda disparado con un arma de fuego a otro, lo que produjo su deceso en el lugar, desconoci\u00e9ndose hasta el momento m\u00e1s detalles y pormenores que rodearon el hecho.<\/p>\n\n\n\n<p>Seg\u00fan la informaci\u00f3n inicial, el hecho se habr\u00eda registrado cerca de las 20:20 en el interior de un domicilio donde un hombre identificado con el apellido Mart\u00ednez, de 73 a\u00f1os, le habr\u00eda disparado con un arma de fuego a su yerno, de apellido Vallejos, 35 a\u00f1os, en la zona del cuello lo que produjo su deceso en el lugar.<\/p>\n\n\n\n<p>Posteriormente y siguiendo la l\u00ednea investigativa, la Polic\u00eda detuvo a Mart\u00ednez y secuestr\u00f3 un tel\u00e9fono celular y una escopeta calibre 16, que aparentemente fue utilizada para cometer el&nbsp; crimen.<\/p>\n\n\n\n<p>Al respecto, la persona aprehendida y los elementos secuestrados fueron trasladados hasta la citada dependencia quedando a disposici\u00f3n de las autoridades UFRAC Goya a fin de continuar con las diligencias correspondientes del caso.<\/p>\n\n\n\n<p><\/p>\n\n\n\n<p>Fuente: Diario \u00c9poca.<\/p>\n","protected":false},"excerpt":{"rendered":"<p>La Polic\u00eda de Corrientes investiga las circunstancias en que muri\u00f3 un hombre de 35 a\u00f1os en un domicilio ubicado en la 5\u00b0 Secci\u00f3n de Goya, Paraje El Duraznillo. Por el&hellip; <\/p>\n","protected":false},"author":6,"featured_media":37990,"comment_status":"closed","ping_status":"open","sticky":false,"template":"","format":"standard","meta":{"footnotes":""},"categories":[5],"tags":[],"class_list":["post-37988","post","type-post","status-publish","format-standard","has-post-thumbnail","hentry","category-crimen-y-justicia"],"_links":{"self":[{"href":"https:\/\/corrientesdetarde.com\/index.php\/wp-json\/wp\/v2\/posts\/37988","targetHints":{"allow":["GET"]}}],"collection":[{"href":"https:\/\/corrientesdetarde.com\/index.php\/wp-json\/wp\/v2\/posts"}],"about":[{"href":"https:\/\/corrientesdetarde.com\/index.php\/wp-json\/wp\/v2\/types\/post"}],"author":[{"embeddable":true,"href":"https:\/\/corrientesdetarde.com\/index.php\/wp-json\/wp\/v2\/users\/6"}],"replies":[{"embeddable":true,"href":"https:\/\/corrientesdetarde.com\/index.php\/wp-json\/wp\/v2\/comments?post=37988"}],"version-history":[{"count":1,"href":"https:\/\/corrientesdetarde.com\/index.php\/wp-json\/wp\/v2\/posts\/37988\/revisions"}],"predecessor-version":[{"id":37991,"href":"https:\/\/corrientesdetarde.com\/index.php\/wp-json\/wp\/v2\/posts\/37988\/revisions\/37991"}],"wp:featuredmedia":[{"embeddable":true,"href":"https:\/\/corrientesdetarde.com\/index.php\/wp-json\/wp\/v2\/media\/37990"}],"wp:attachment":[{"href":"https:\/\/corrientesdetarde.com\/index.php\/wp-json\/wp\/v2\/media?parent=37988"}],"wp:term":[{"taxonomy":"category","embeddable":true,"href":"https:\/\/corrientesdetarde.com\/index.php\/wp-json\/wp\/v2\/categories?post=37988"},{"taxonomy":"post_tag","embeddable":true,"href":"https:\/\/corrientesdetarde.com\/index.php\/wp-json\/wp\/v2\/tags?post=37988"}],"curies":[{"name":"wp","href":"https:\/\/api.w.org\/{rel}","templated":true}]}}