{"id":37992,"date":"2023-02-05T18:30:14","date_gmt":"2023-02-05T21:30:14","guid":{"rendered":"https:\/\/corrientesdetarde.com\/?p=37992"},"modified":"2023-02-05T18:30:17","modified_gmt":"2023-02-05T21:30:17","slug":"hablo-la-fiscal-que-ordeno-la-clausura-en-un-sector-de-la-bombonera","status":"publish","type":"post","link":"https:\/\/corrientesdetarde.com\/index.php\/deportes\/hablo-la-fiscal-que-ordeno-la-clausura-en-un-sector-de-la-bombonera\/","title":{"rendered":"Habl\u00f3 la fiscal que orden\u00f3 la clausura en un sector de La Bombonera."},"content":{"rendered":"\n<h2 class=\"wp-block-heading\">Celsa Ram\u00edrez explic\u00f3 con detalles el motivo de la sanci\u00f3n. Boca hab\u00eda puesto la lupa sobre ella ya que la medida se anunci\u00f3 un d\u00eda antes del partido contra Central C\u00f3rdoba.<\/h2>\n\n\n\n<p>Durante la ma\u00f1ana del s\u00e1bado, la Fiscal\u00eda de Eventos Masivos\u00a0<strong>orden\u00f3 la clausura de la tribuna superior sur de La Bombonera<\/strong>, un d\u00eda antes del encuentro frente a Central C\u00f3rdoba. En un comunicado oficial, el Xeneize apunt\u00f3 contra la fiscal encargada del caso.<\/p>\n\n\n\n<p>\u201cResulta extra\u00f1o que al haberse realizado el partido el d\u00eda domingo y que,<strong>&nbsp;nuevamente por pedido de la fiscal Celsa Ram\u00edrez<\/strong>, la justicia esper\u00f3 hasta hoy para emitir la clausura dejando al Club y sus hinchas sin capacidad de resoluci\u00f3n\u201d, escribieron.<\/p>\n\n\n\n<p>Luego de la queja de la instituci\u00f3n, la fiscal&nbsp;<strong>Celsa Ram\u00edrez<\/strong>&nbsp;habl\u00f3 con&nbsp;<em>Boca de Selecci\u00f3n&nbsp;<\/em>y explic\u00f3 la postura de la fiscal\u00eda. De acuerdo a sus dichos, la investigaci\u00f3n en el estadio habr\u00eda comenzado hace varios meses.<\/p>\n\n\n\n<figure class=\"wp-block-image\"><img decoding=\"async\" src=\"https:\/\/tn.com.ar\/resizer\/FS1zu2LbhXcRWtC6eZie6vC1P4s=\/767x0\/smart\/filters:format(webp)\/cloudfront-us-east-1.images.arcpublishing.com\/artear\/O4LQSRNOUNBL7DEYZD7GPPZWAM.jpg\" alt=\"La fiscal Celsa Ram\u00edrez explic\u00f3 los motivos de la sanci\u00f3n. (Foto: Tiempo Argentino)\"\/><figcaption>La fiscal Celsa Ram\u00edrez explic\u00f3 los motivos de la sanci\u00f3n. (Foto: Tiempo Argentino)<\/figcaption><\/figure>\n\n\n\n<p>\u201cEl a\u00f1o pasado a partir de un video que se viraliz\u00f3\u00a0<strong>en el partido de Boca-Corinthians<\/strong>\u00a0se hizo una investigaci\u00f3n que consisti\u00f3 en inspecciones por distintas \u00e1reas id\u00f3neas del Gobierno de la Ciudad. Como para la fiscal\u00eda no fue suficiente la informaci\u00f3n que en ese momento se hab\u00eda dado,\u00a0<strong>como que no hab\u00eda riesgo<\/strong>, se pidi\u00f3 al juzgado que se ordene una pericia y se dio intervenci\u00f3n a dos peritos: un arquitecto y un ingeniero para que analizaran el estado de las estructuras\u201d, indic\u00f3.<\/p>\n\n\n\n<p>En este sentido, sostuvo: \u201cEsto se hizo y los ingenieros hicieron una evaluaci\u00f3n en tres etapas y se le dio una intervenci\u00f3n a Boca. El club&nbsp;<strong>contrat\u00f3 un estudio de t\u00e9cnicos<\/strong>&nbsp;y realizaron algunos estudios que ayer algunos medios mostraban lo que hicieron con unas piletas pelopinchos en las gradas, con lo cual se hab\u00edan ensayado pruebas para ese efecto\u201d.<\/p>\n\n\n\n<h2 class=\"wp-block-heading\">Boca-Atl\u00e9tico Tucum\u00e1n: \u201cHubo un exceso de concurrencia\u201d<\/h2>\n\n\n\n<p>Ram\u00edrez afirm\u00f3 que la sanci\u00f3n est\u00e1 basada en lo que pas\u00f3 el \u00faltimo domingo ante\u00a0<strong>Atl\u00e9tico Tucum\u00e1n<\/strong>: \u201cLo que agrav\u00f3 esta situaci\u00f3n fue que el partido pasado<strong>\u00a0hubo un exceso de concurrencia<\/strong>. Algunas tribunas superaron el aforo permitido. Esto se determin\u00f3 a trav\u00e9s del cuerpo de investigaciones judiciales que estuvo en todos los partidos\u201d.<\/p>\n\n\n\n<p>\u201cUstedes han visto los videos donde los hinchas no pod\u00edan acceder a las tribunas porque no hab\u00eda forma. Tambi\u00e9n en el que un hincha se tir\u00f3 de una tribuna y sigui\u00f3 en un alambre de p\u00faas\u201d, a\u00f1adi\u00f3.<\/p>\n\n\n\n<figure class=\"wp-block-image\"><img decoding=\"async\" src=\"https:\/\/tn.com.ar\/resizer\/fgR2ey8IojzXybSLm4YhRcQ0hLc=\/767x0\/smart\/filters:format(webp)\/cloudfront-us-east-1.images.arcpublishing.com\/artear\/OWUDJZUUDZFF7DWF2WHREA6VKU.jfif\" alt=\"La fiscal asegur\u00f3 que hubo exceso de concurrencia en el partido contra Atl\u00e9tico Tucum\u00e1n. (Foto: AFP\/Alejandro Pagni)\"\/><figcaption>La fiscal asegur\u00f3 que hubo exceso de concurrencia en el partido contra Atl\u00e9tico Tucum\u00e1n. (Foto: AFP\/Alejandro Pagni)<\/figcaption><\/figure>\n\n\n\n<h2 class=\"wp-block-heading\">La pol\u00e9mica decisi\u00f3n a un d\u00eda del partido contra Central C\u00f3rdoba<\/h2>\n\n\n\n<p>Sobre el motivo por el cual se tom\u00f3 la decisi\u00f3n un s\u00e1bado, remarc\u00f3 que \u201ctodas esas circunstancias, m\u00e1s los informes nuevos que hizo Boca,&nbsp;<strong>fueron analizados esta semana<\/strong>. Porque fue escaso el tiempo, llegamos a hacer todo el pedido el d\u00eda viernes y el Juzgado a \u00faltima hora se expidi\u00f3 respecto a anuencia de que se disponga la clausura\u201d.<\/p>\n\n\n\n<p>\u201cEn lo que fueron contundentes los t\u00e9cnicos es que&nbsp;<strong>no se pod\u00eda asegurar la seguridad de las personas<\/strong>. Ni en los que se ubicar\u00e1n en esa tribuna, ni en los que estar\u00e1n en la de abajo. Esas circunstancias hicieron gravemente peligrosas para que se pueda realizar nuevamente un espect\u00e1culo y que suceda lo que sucedi\u00f3 el domingo pasado\u201d, asegur\u00f3.<\/p>\n\n\n\n<p>Por \u00faltimo, cerr\u00f3: \u201cNo es una decisi\u00f3n azarosa.\u00a0<strong>La decisi\u00f3n est\u00e1 basada en informes t\u00e9cnicos que no doy yo<\/strong>, los analizan los expertos. Es por esa raz\u00f3n que, hasta tanto no se haga la pericia y est\u00e9n los informes t\u00e9cnicos que aseguren que las personas que asistan van a estar seguras en esa tribuna, es que se dispuso esta medida\u201d.<\/p>\n\n\n\n<p><\/p>\n\n\n\n<p>Fuente: Todo Noticias.<\/p>\n","protected":false},"excerpt":{"rendered":"<p>Celsa Ram\u00edrez explic\u00f3 con detalles el motivo de la sanci\u00f3n. Boca hab\u00eda puesto la lupa sobre ella ya que la medida se anunci\u00f3 un d\u00eda antes del partido contra Central&hellip; <\/p>\n","protected":false},"author":6,"featured_media":37993,"comment_status":"closed","ping_status":"open","sticky":false,"template":"","format":"standard","meta":{"footnotes":""},"categories":[4],"tags":[],"class_list":["post-37992","post","type-post","status-publish","format-standard","has-post-thumbnail","hentry","category-deportes"],"_links":{"self":[{"href":"https:\/\/corrientesdetarde.com\/index.php\/wp-json\/wp\/v2\/posts\/37992","targetHints":{"allow":["GET"]}}],"collection":[{"href":"https:\/\/corrientesdetarde.com\/index.php\/wp-json\/wp\/v2\/posts"}],"about":[{"href":"https:\/\/corrientesdetarde.com\/index.php\/wp-json\/wp\/v2\/types\/post"}],"author":[{"embeddable":true,"href":"https:\/\/corrientesdetarde.com\/index.php\/wp-json\/wp\/v2\/users\/6"}],"replies":[{"embeddable":true,"href":"https:\/\/corrientesdetarde.com\/index.php\/wp-json\/wp\/v2\/comments?post=37992"}],"version-history":[{"count":1,"href":"https:\/\/corrientesdetarde.com\/index.php\/wp-json\/wp\/v2\/posts\/37992\/revisions"}],"predecessor-version":[{"id":37994,"href":"https:\/\/corrientesdetarde.com\/index.php\/wp-json\/wp\/v2\/posts\/37992\/revisions\/37994"}],"wp:featuredmedia":[{"embeddable":true,"href":"https:\/\/corrientesdetarde.com\/index.php\/wp-json\/wp\/v2\/media\/37993"}],"wp:attachment":[{"href":"https:\/\/corrientesdetarde.com\/index.php\/wp-json\/wp\/v2\/media?parent=37992"}],"wp:term":[{"taxonomy":"category","embeddable":true,"href":"https:\/\/corrientesdetarde.com\/index.php\/wp-json\/wp\/v2\/categories?post=37992"},{"taxonomy":"post_tag","embeddable":true,"href":"https:\/\/corrientesdetarde.com\/index.php\/wp-json\/wp\/v2\/tags?post=37992"}],"curies":[{"name":"wp","href":"https:\/\/api.w.org\/{rel}","templated":true}]}}