{"id":37995,"date":"2023-02-05T18:37:21","date_gmt":"2023-02-05T21:37:21","guid":{"rendered":"https:\/\/corrientesdetarde.com\/?p=37995"},"modified":"2023-02-05T18:37:26","modified_gmt":"2023-02-05T21:37:26","slug":"nuevo-recorte-de-subsidios-eleva-el-costo-de-la-electricidad","status":"publish","type":"post","link":"https:\/\/corrientesdetarde.com\/index.php\/economia\/nuevo-recorte-de-subsidios-eleva-el-costo-de-la-electricidad\/","title":{"rendered":"Nuevo recorte de subsidios eleva el costo de la electricidad."},"content":{"rendered":"\n<h2 class=\"wp-block-heading\">La constante reducci\u00f3n de subsidios nacionales al servicio de energ\u00eda el\u00e9ctrica tendr\u00e1 un impacto en el bolsillo de los usuarios de Corrientes. Una disposici\u00f3n del Gobierno nacional impulsa aumentos de la tarifa de luz de hasta el 40%.<\/h2>\n\n\n\n<p>Usuarios correntinos tendr\u00e1n un impacto de hasta el 40% de aumento en las boletas de luz a partir de febrero. Esos aumentos se dar\u00e1n a causa de una nueva poda de subsidios que dispuso la Secretaria de Energ\u00eda de la Naci\u00f3n a trav\u00e9s de la Resoluci\u00f3n 54\/2023, dada a conocer el jueves.<\/p>\n\n\n\n<p>La fundamentaci\u00f3n de la medida se da en la necesidad de bajar el gasto p\u00fablico en subsidios y acercarse a la meta fiscal comprendida en el acuerdo con el Fondo Monetario Internacional (FMI), que es un d\u00e9ficit primario equivalente a 1,9% del Producto Interno Bruto (PIB) para el presente a\u00f1o.<\/p>\n\n\n\n<p>En detalle, en la Resoluci\u00f3n 54\/2023 que se public\u00f3 el jueves en el Bolet\u00edn Oficial, se conocieron los nuevos Precios de Referencia de la Potencia (POTREF) y el Precio Estabilizado de la Energ\u00eda (PEE), destinados a los agentes distribuidores o prestadores del MEM. Los valores se dan en el marco de la Reprogramaci\u00f3n Trimestral de Verano, para el per\u00edodo comprendido entre el 1\u00b0 de febrero y el 30 de abril.<\/p>\n\n\n\n<p>&nbsp; &nbsp;&nbsp;<br>Ese es el argumento del Gobierno nacional que de esa forma mantiene la continuidad del programa de eliminaci\u00f3n de subsidios, que tendr\u00e1 impacto diferencial en la industria, los consumidores de clase media y en las peque\u00f1as y medianas empresas.<\/p>\n\n\n\n<p>Desde la Direcci\u00f3n Provincial de Energ\u00eda de Corrientes informaron a \u00e9poca que tomando como base el \u00faltimo aumento producido en el mes de octubre de 2022, en esta oportunidad para los hogares de nivel 1 que representan a m\u00e1s de un 30% de las residencias correntinas, usuarios que se consideran de mayor poder adquisitivo o aquellos que no est\u00e1n registrados en el Registro de Subsidios a la Energ\u00eda (RASE), el incremento estacional del precio mayorista ser\u00e1 aproximadamente de un 40%.<\/p>\n\n\n\n<p>&nbsp; &nbsp;&nbsp;<br>Para los hogares de bajos recursos identificados como Nivel 2, el precio no cambiar\u00e1, de acuerdo a lo especificado por el organismo nacional<\/p>\n\n\n\n<p>Claro que hay un sector que no va a zafar del aumento y son los usuarios, cuyos ingresos en el RASE calificaron como &#8220;N3&#8221;, de ingresos medios, en este caso si exceden el tope de consumo establecido para la regi\u00f3n del Norte Grande, de 650 kwh\/mes; tendr\u00e1n aumentos en torno al 40% en cada kwh que consuman por encima del tope citado. Vale destacar que este beneficio finaliza el 1 de marzo del corriente a\u00f1o, y a partir de all\u00ed el tope baja a 550 kwh.<\/p>\n\n\n\n<p>La norma tambi\u00e9n detalla la situaci\u00f3n de las industrias, PYME y organismos p\u00fablicos. En el primer caso hablamos de un 25% m\u00e1s que en enero; para los comercios\/PYME el aumento ronda el 40% mientras que las instituciones p\u00fablicas un 29%.<\/p>\n\n\n\n<p>Todo lo descripto m\u00e1s arriba se da en el contexto de la determinaci\u00f3n del ejecutivo nacional ante la ejecuci\u00f3n del RASE y quita de subsidio que origina aumentos en el precio mayorista del mercado el\u00e9ctrico, que impacta en forma directa a todo tipo de usuario del mercado.<\/p>\n\n\n\n<p>Evoluci\u00f3n<br>La progresiva quita de subsidios que aplica el Gobierno nacional implic\u00f3 una escalada hacia arriba de los costos de consumo el\u00e9ctrico para los hogares, industrias y comercio, m\u00e1s all\u00e1 del nivel de ingreso o del tama\u00f1o de los emprendimientos.<\/p>\n\n\n\n<p>En la gr\u00e1fica que acompa\u00f1a la nota se puede observar c\u00f3mo entre diciembre del 2021 y enero de 2023 se dieron los aumento para cada sector y van desde el 69% para los sectores de menores ingresos, hasta el 284% en aquellos hogares con altos ingresos.<\/p>\n\n\n\n<p>Lo que dice la Naci\u00f3n<br>De acuerdo a publicaciones nacionales, el impacto del aumento autorizado el jueves ser\u00e1, en t\u00e9rminos porcentuales, m\u00e1s fuerte para la ciudad de Buenos Aires y el Conurbano Bonaerense (AMBA) ya que las tarifas de la distribuci\u00f3n pesan menos sobre la cuenta global.<\/p>\n\n\n\n<p>Lo que no mencionan esos informes que es esa parte del pa\u00eds paga tarifas sensiblemente menores lo que implicar\u00eda un incremento de las boletas de entre unos $250 a $300 por mes.<\/p>\n\n\n\n<p>Un 60% de las facturas de los usuarios de EDENOR y EDESUR se corresponde con el precio estacional de la energ\u00eda (sobre el que el Estado nacional aplica los subsidios), mientras que cerca de 15% es por el transporte y la distribuci\u00f3n el\u00e9ctrica y un 25%, los impuestos.<\/p>\n\n\n\n<p>Hay 120 mil usuarios locales que no se anotaron en el RASE<\/p>\n\n\n\n<p>A fines de enero el subgerente comercial de la Direcci\u00f3n Provincial de Energ\u00eda de Corrientes (DPEC), Jorge Veglia, explic\u00f3 que las subas de precios de la electricidad se dan por el &#8220;proceso de quita de subsidios por parte del Estado nacional, pero los valores de la DPEC est\u00e1n vigentes desde el 28 de noviembre, tanto los cargos fijos como las variables, y el \u00fanico incremento que tuvimos es justamente por el proceso de quita de subsidios que Naci\u00f3n est\u00e1 haciendo a los costos que las distribuidoras compramos y que tenemos que trasladar, obligatoriamente, a nuestros usuarios&#8221;.<\/p>\n\n\n\n<p>El Subgerente Comercial resalt\u00f3 que &#8220;posiblemente algunos usuarios vean m\u00e1s aumento que otros, si es que no mantuvieron los subsidios por alguna raz\u00f3n, y vale la pena recalcar que casi 120.000 usuarios no se inscribieron al Registro de Acceso a los Subsidios de la Energ\u00eda (RASE) y esto hace que, en muchos casos, algunas personas vean m\u00e1s aumento en las categor\u00edas que est\u00e1n perdiendo m\u00e1s subsidios&#8221;.<\/p>\n\n\n\n<p><\/p>\n\n\n\n<p>Fuente: Radio Dos.<\/p>\n","protected":false},"excerpt":{"rendered":"<p>La constante reducci\u00f3n de subsidios nacionales al servicio de energ\u00eda el\u00e9ctrica tendr\u00e1 un impacto en el bolsillo de los usuarios de Corrientes. Una disposici\u00f3n del Gobierno nacional impulsa aumentos de&hellip; <\/p>\n","protected":false},"author":6,"featured_media":37996,"comment_status":"closed","ping_status":"open","sticky":false,"template":"","format":"standard","meta":{"footnotes":""},"categories":[20],"tags":[],"class_list":["post-37995","post","type-post","status-publish","format-standard","has-post-thumbnail","hentry","category-economia"],"_links":{"self":[{"href":"https:\/\/corrientesdetarde.com\/index.php\/wp-json\/wp\/v2\/posts\/37995","targetHints":{"allow":["GET"]}}],"collection":[{"href":"https:\/\/corrientesdetarde.com\/index.php\/wp-json\/wp\/v2\/posts"}],"about":[{"href":"https:\/\/corrientesdetarde.com\/index.php\/wp-json\/wp\/v2\/types\/post"}],"author":[{"embeddable":true,"href":"https:\/\/corrientesdetarde.com\/index.php\/wp-json\/wp\/v2\/users\/6"}],"replies":[{"embeddable":true,"href":"https:\/\/corrientesdetarde.com\/index.php\/wp-json\/wp\/v2\/comments?post=37995"}],"version-history":[{"count":1,"href":"https:\/\/corrientesdetarde.com\/index.php\/wp-json\/wp\/v2\/posts\/37995\/revisions"}],"predecessor-version":[{"id":37997,"href":"https:\/\/corrientesdetarde.com\/index.php\/wp-json\/wp\/v2\/posts\/37995\/revisions\/37997"}],"wp:featuredmedia":[{"embeddable":true,"href":"https:\/\/corrientesdetarde.com\/index.php\/wp-json\/wp\/v2\/media\/37996"}],"wp:attachment":[{"href":"https:\/\/corrientesdetarde.com\/index.php\/wp-json\/wp\/v2\/media?parent=37995"}],"wp:term":[{"taxonomy":"category","embeddable":true,"href":"https:\/\/corrientesdetarde.com\/index.php\/wp-json\/wp\/v2\/categories?post=37995"},{"taxonomy":"post_tag","embeddable":true,"href":"https:\/\/corrientesdetarde.com\/index.php\/wp-json\/wp\/v2\/tags?post=37995"}],"curies":[{"name":"wp","href":"https:\/\/api.w.org\/{rel}","templated":true}]}}