{"id":38001,"date":"2023-02-05T18:47:48","date_gmt":"2023-02-05T21:47:48","guid":{"rendered":"https:\/\/corrientesdetarde.com\/?p=38001"},"modified":"2023-02-05T18:47:53","modified_gmt":"2023-02-05T21:47:53","slug":"alerta-roja-por-los-incendios-en-chile","status":"publish","type":"post","link":"https:\/\/corrientesdetarde.com\/index.php\/internacionales\/alerta-roja-por-los-incendios-en-chile\/","title":{"rendered":"Alerta roja por los incendios en Chile."},"content":{"rendered":"\n<h2 class=\"wp-block-heading\">Se agrava la crisis y hay 10 detenidos sospechosos de iniciar el fuego, que arras\u00f3 unas 800 viviendas.<\/h2>\n\n\n\n<p>La\u00a0ola de incendios que afectan al centro sur de Chile\u00a0caus\u00f3 ya 24 v\u00edctimas fatales, hay 250.000 hect\u00e1reas quemadas, 800 viviendas destruidas y m\u00e1s de un millar de personas que tuvieron que ser atendidas en hospitales de la zona.<\/p>\n\n\n\n<p>El subsecretario de Interior,&nbsp;<strong>Manuel Monsalve<\/strong>, confirm\u00f3 la nueva cifra de muertos y afirm\u00f3 que a\u00fan hay 260 incendios activos, de ellos 51 est\u00e1n en combate y 28 son considerados relevantes.<\/p>\n\n\n\n<p>Seg\u00fan el reporte oficial, hay adem\u00e1s 1800 damnificados y 1182 personas atendidas en centros de salud. En total, 26 personas fueron hospitalizadas por quemaduras.<\/p>\n\n\n\n<h2 class=\"wp-block-heading\">El gobierno anunci\u00f3 la detenci\u00f3n de 10 personas por su presunta participaci\u00f3n en los incendios<\/h2>\n\n\n\n<p>En tanto, Monsalve inform\u00f3 este domingo que hay 10 detenidos por su presunta implicaci\u00f3n en los devastadores incendios que est\u00e1n destruyendo miles de hect\u00e1reas en el centro y el sur del pa\u00eds.<\/p>\n\n\n\n<p>\u201dLa generaci\u00f3n intencional de incendios va a ser perseguida penalmente por el Gobierno. La ley es especialmente dura (..) Las penas van de 5 a los 20 a\u00f1os\u201d, advirti\u00f3.<\/p>\n\n\n\n<figure class=\"wp-block-image\"><img decoding=\"async\" src=\"https:\/\/tn.com.ar\/resizer\/0l-KY7UXrTd9ZjcVjELvidq9ZGk=\/767x0\/smart\/filters:format(webp)\/cloudfront-us-east-1.images.arcpublishing.com\/artear\/LKTLXC4BWRHGJGK64KSYHEY4AA.jfif\" alt=\"Imagen de un sector afectado por los incendios en alto de Menque, en la comuna de Tom\u00e9, regi\u00f3n del Biob\u00edo, en Tom\u00e9  (Foto: EFE\/ Esteban Paredes Drake)\"\/><figcaption>Imagen de un sector afectado por los incendios en alto de Menque, en la comuna de Tom\u00e9, regi\u00f3n del Biob\u00edo, en Tom\u00e9 (Foto: EFE\/ Esteban Paredes Drake)<\/figcaption><\/figure>\n\n\n\n<p>Seg\u00fan el funcionario, \u201chay 26 personas hospitalizadas\u201d por quemaduras graves y fueron destruidas m\u00e1s de 250.000 hect\u00e1reas y 800 viviendas.<\/p>\n\n\n\n<p>Las regiones m\u00e1s afectadas por los incendios son \u00d1uble, Biob\u00edo y La Araucan\u00eda, zonas de intensa actividad agr\u00edcola y forestal ubicadas a 400, 500 y 700 kil\u00f3metros al sur de la capital, respectivamente.<\/p>\n\n\n\n<p>El Gobierno chileno pidi\u00f3 ayuda internacional para combatir el fuego a pa\u00edses como Espa\u00f1a, M\u00e9xico, Argentina y Estados Unidos, y decret\u00f3 el estado de cat\u00e1strofe en las tres regiones m\u00e1s afectadas. Las im\u00e1genes recuerdan la ola de incendios que azot\u00f3 el sur de Chile en 2017, los m\u00e1s graves hasta ahora y en los que murieron una decena de personas.<\/p>\n\n\n\n<p><\/p>\n\n\n\n<p>Fuente: Todo Noticias.<\/p>\n","protected":false},"excerpt":{"rendered":"<p>Se agrava la crisis y hay 10 detenidos sospechosos de iniciar el fuego, que arras\u00f3 unas 800 viviendas. La\u00a0ola de incendios que afectan al centro sur de Chile\u00a0caus\u00f3 ya 24&hellip; <\/p>\n","protected":false},"author":6,"featured_media":38002,"comment_status":"closed","ping_status":"open","sticky":false,"template":"","format":"standard","meta":{"footnotes":""},"categories":[11],"tags":[],"class_list":["post-38001","post","type-post","status-publish","format-standard","has-post-thumbnail","hentry","category-internacionales"],"_links":{"self":[{"href":"https:\/\/corrientesdetarde.com\/index.php\/wp-json\/wp\/v2\/posts\/38001","targetHints":{"allow":["GET"]}}],"collection":[{"href":"https:\/\/corrientesdetarde.com\/index.php\/wp-json\/wp\/v2\/posts"}],"about":[{"href":"https:\/\/corrientesdetarde.com\/index.php\/wp-json\/wp\/v2\/types\/post"}],"author":[{"embeddable":true,"href":"https:\/\/corrientesdetarde.com\/index.php\/wp-json\/wp\/v2\/users\/6"}],"replies":[{"embeddable":true,"href":"https:\/\/corrientesdetarde.com\/index.php\/wp-json\/wp\/v2\/comments?post=38001"}],"version-history":[{"count":1,"href":"https:\/\/corrientesdetarde.com\/index.php\/wp-json\/wp\/v2\/posts\/38001\/revisions"}],"predecessor-version":[{"id":38003,"href":"https:\/\/corrientesdetarde.com\/index.php\/wp-json\/wp\/v2\/posts\/38001\/revisions\/38003"}],"wp:featuredmedia":[{"embeddable":true,"href":"https:\/\/corrientesdetarde.com\/index.php\/wp-json\/wp\/v2\/media\/38002"}],"wp:attachment":[{"href":"https:\/\/corrientesdetarde.com\/index.php\/wp-json\/wp\/v2\/media?parent=38001"}],"wp:term":[{"taxonomy":"category","embeddable":true,"href":"https:\/\/corrientesdetarde.com\/index.php\/wp-json\/wp\/v2\/categories?post=38001"},{"taxonomy":"post_tag","embeddable":true,"href":"https:\/\/corrientesdetarde.com\/index.php\/wp-json\/wp\/v2\/tags?post=38001"}],"curies":[{"name":"wp","href":"https:\/\/api.w.org\/{rel}","templated":true}]}}